{"id":176113,"date":"2021-12-16T23:59:41","date_gmt":"2021-12-16T22:59:41","guid":{"rendered":"https:\/\/smago.de\/ws2\/?p=176113"},"modified":"2021-12-16T22:19:15","modified_gmt":"2021-12-16T21:19:15","slug":"guido-cantz-olli-dittrich-u-a-fr-17-12-2021-in-der-ndr-talk-show-zu-gast","status":"publish","type":"post","link":"https:\/\/smago.de\/ws2\/comedy\/guido-cantz-olli-dittrich-u-a-fr-17-12-2021-in-der-ndr-talk-show-zu-gast\/","title":{"rendered":"GUIDO CANTZ, OLLI DITTRICH u.a. <br>Fr. (17.12.2021) in der &#8222;NDR Talk Show&#8220; zu Gast!"},"content":{"rendered":"<p>NDR fernsehen + hr fernsehen, 22:45 Uhr &#8211; 00:45 Uhr! Moderation:\u00a0Bettina Tietjen und Johannes Wimmer!<br \/>\n<!--more--><\/p>\n<p>&nbsp;<\/p>\n<p>&nbsp;<\/p>\n<p>Bettina Tietjen und Johannes Wimmer begr\u00fc\u00dfen in der NDR Talk Show aus Hamburg folgende G\u00e4ste &#8230;:<\/p>\n<p>&nbsp;<\/p>\n<p>&nbsp;<\/p>\n<p>&nbsp;<\/p>\n<p>&nbsp;<\/p>\n<h2 style=\"text-align: justify;\"><strong>Olli Dittrich, Schauspieler, Komiker und Musiker<\/strong><\/h2>\n<div class=\"contentimage w50\" style=\"text-align: justify;\"><\/div>\n<p style=\"text-align: justify;\">Den meisten Zuschauer*innen ist\u00a0Oliver Michael &#8222;Olli&#8220;\u00a0Dittrich als Alltagsphilosoph &#8222;Dittsche&#8220;\u00a0im &#8222;muggeligen&#8220;\u00a0Bademantel ans Herz gewachsen. Seit der ersten Folge von &#8222;Dittsche&#8220; 2004 hat der Schauspieler und Komiker die\u00a0Kunst der Verwandlung noch weiter ausgebaut\u00a0und\u00a0perfektioniert. Er schl\u00fcpfte in die Figur Franz Beckenbauer, wurde zur\u00a0gealterten Schauspielerin Trixie D\u00f6rfel und mutierte zum\u00a0deutschen\u00a0Cousin von Donald Trump. Auf seinen neusten Streich &#8222;Ich war Angela Merkel: Das Zahlemann Protokoll&#8220; k\u00f6nnen sich Fans nun\u00a0zum Jahreswechsel\u00a0in der ARD freuen.\u00a0Wie Olli Dittrich all seine Figuren entwickelt, in sie hineinschl\u00fcpft\u00a0und auch\u00a0wieder aus ihnen herausfindet, erz\u00e4hlt der geniale\u00a0Transformationsk\u00fcnstler in der NDR Talk Show.<\/p>\n<p>&nbsp;<\/p>\n<p>&nbsp;<\/p>\n<p>&nbsp;<\/p>\n<p>&nbsp;<\/p>\n<h2 style=\"text-align: justify;\">Guido Cantz, Moderator<\/h2>\n<div class=\"contentimage w50\" style=\"text-align: justify;\"><\/div>\n<p style=\"text-align: justify;\">Am 19. August ist Guido Cantz 50 Jahre alt geworden. Zeit f\u00fcr den Entertainer, Moderator und Kabarettisten Bilanz zu ziehen, aber auch in die Zukunft zu schauen. Bauchgef\u00fchl und Gottvertrauen haben ihn auf seinem Weg vom BWL-Studenten zum Entertainer stets begleitet. Ob der Rheinl\u00e4nder in seinem Leben immer alles richtig gemacht hat, was noch auf seiner &#8222;To do&#8220;-Liste steht und mit welchen Gef\u00fchlen er in diesem Jahr zum letzten Mal die ARD Samstagabendshow &#8222;Verstehen Sie Spa\u00df?&#8220; moderieren wird, erz\u00e4hlt er in der NDR Talk Show.<\/p>\n<p>&nbsp;<\/p>\n<p>&nbsp;<\/p>\n<p>&nbsp;<\/p>\n<p>&nbsp;<\/p>\n<p>&nbsp;<\/p>\n<h2 style=\"text-align: justify;\">Sven Pl\u00f6ger, Diplom-Meteorologe<\/h2>\n<div class=\"contentimage w50\" style=\"text-align: justify;\"><\/div>\n<p style=\"text-align: justify;\">Kaum jemand kann Wetter so kompetent, verst\u00e4ndlich und unterhaltsam erkl\u00e4ren, wie Diplom-Meteorologe Sven Pl\u00f6ger. Davon k\u00f6nnen wir uns regelm\u00e4\u00dfig \u00fcberzeugen, wenn er das Wetter im Ersten pr\u00e4sentiert. Pl\u00f6ger ist l\u00e4ngst ein anerkannter Klimaexperte, hat dazu viel beachtete B\u00fccher ver\u00f6ffentlicht und h\u00e4lt im ganzen Land Vortr\u00e4ge zum Thema Klimawandel, der uns alle betrifft. Aber er malt nicht nur d\u00fcstere Untergangsszenarien, sondern zeigt auch Wege zur Besserung auf. In seinem Buch &#8222;Besser machen&#8220; schildert er gemeinsam mit seinem Freund, Christoph Waffenschmidt, Deutschland-Chef einer weltweiten Hilfsorganisation, wie wir den Kurs noch korrigieren k\u00f6nnen &#8211; wenn wir endlich aufwachen und in die vielen guten Ideen und Programme investieren, die bereits da sind. Welche das sein k\u00f6nnten, erz\u00e4hlt Sven Pl\u00f6ger in der NDR Talk Show.<\/p>\n<p>&nbsp;<\/p>\n<p>&nbsp;<\/p>\n<p>&nbsp;<\/p>\n<p>&nbsp;<\/p>\n<h2 style=\"text-align: justify;\">Ralf Richter, Schauspieler<\/h2>\n<div class=\"contentimage w50\" style=\"text-align: justify;\"><\/div>\n<p style=\"text-align: justify;\">Ralf Richter hatte lange das Image des raubeinigen Ruhrpott-R\u00fcpels durch Filme wie &#8222;Fu\u00dfball ist unser Leben&#8220;, der &#8222;Unna-Trilogie&#8220; oder &#8222;Bang Boom Bang&#8220;. Geboren in Essen, aufgewachsen in Bochum ist er den meisten durch seine Rolle in Wolfgang Petersens Film &#8222;Das Boot&#8220; bekannt. Mittlerweile ist er vom b\u00f6sen Buben zum netten Onkel geworden und erkl\u00e4rt in einem Kinder-Wimmelbuch dem Nachwuchs, wie ein richtiger Bauernhof funktioniert. Als sechsfacher Gro\u00dfvater wei\u00df er, wie er die Aufmerksamkeit von Kindern gewinnt. Auch das NDR Talk Show-Publikum wird der Mann mit der markanten Brille begeistern, wenn er erz\u00e4hlt, ob er sich ein Landleben in Gummistiefeln mit Mistgabel vorstellen kann.<\/p>\n<p>&nbsp;<\/p>\n<p>&nbsp;<\/p>\n<p>&nbsp;<\/p>\n<p>&nbsp;<\/p>\n<h2 style=\"text-align: justify;\">Lana Atakisieva, Berliner Polizeioberkommissarin<\/h2>\n<div class=\"contentimage w50\" style=\"text-align: justify;\"><\/div>\n<p style=\"text-align: justify;\">Diese Frau ist Polizeioberkommissarin in einem der anspruchsvollsten Abschnitte Deutschlands und f\u00e4hrt Streife in Berlin-Neuk\u00f6lln: Lana Atakisieva kam im Alter von 15 Jahren gemeinsam mit ihrer Mutter und ihrer Schwester aus Aserbaidschan nach Deutschland und lernte fr\u00fch, sich durchzuk\u00e4mpfen. Ohne Deutschkenntnisse, aber mit viel Flei\u00df, st\u00e4ndigem Lernen und Unterst\u00fctzung mancher Lehrerinnen und Lehrer schaffte sie den Weg von der F\u00f6rderklasse \u00fcber die Hauptschule und Gesamtschule und schlie\u00dflich zum Abitur mit anschlie\u00dfendem Studium. Seit 2004 lebt sie in der Hauptstadt und sagt \u00fcber ihren Einsatzort Neuk\u00f6lln: &#8222;Es kann ein winziger Funke sein, an dem sich ein Gro\u00dfbrand der Gewalt entz\u00fcndet. Wenn dann noch Waffen im Spiel sind, wird es brenzlig.&#8220; In ihrem Buch &#8222;Nachtschicht in Neuk\u00f6lln&#8220; erz\u00e4hlt die Polizistin von ihrer Lebens- und Familiengeschichte, aber auch von dem, was Polizeiarbeit f\u00fcr sie pers\u00f6nlich bedeutet. In der NDR Talk Show wird sie zudem davon berichten, wie der Alltag auf Streife aussieht, warum der Zusammenhalt der Kolleginnen und Kollegen so wichtig ist und was es f\u00fcr sie hei\u00dft, als eingewanderte Frau in Deutschland Fu\u00df zu fassen.<\/p>\n<p>&nbsp;<\/p>\n<p>&nbsp;<\/p>\n<p>&nbsp;<\/p>\n<p>&nbsp;<\/p>\n<h2 style=\"text-align: justify;\">Carola Ferstl, Moderatorin und Wirtschaftsjournalistin<\/h2>\n<p>&nbsp;<\/p>\n<div class=\"contentimage w50\" style=\"text-align: justify;\"><\/div>\n<p style=\"text-align: justify;\">Als eine der kompetentesten Finanz- und B\u00f6rsenexpertinnen im deutschen Fernsehen schreibt Carola Ferstl Ratgeber, die sich besonders an Frauen richten, die dem Thema Finanzen nicht so zugetan sind. &#8222;Keine Angst vor M\u00e4usen&#8220; hei\u00dft ihr aktuelles Buch in dem sie leicht verst\u00e4ndlich erkl\u00e4rt, wie Frauen ihren &#8222;Finanzkram&#8220; gewinnbringend in den Griff bekommen k\u00f6nnen. Die dreifache Mutter geht auch an Schulen und versucht schon fr\u00fchzeitig Jugendlichen einen Zugang zu dem Thema zu verschaffen. Seit 1992 moderiert sie diverse Formate \u00fcber die Finanzwelt f\u00fcr n-TV. Um M\u00e4use, Menschen und Moneten geht es im Gespr\u00e4ch mit Carola Ferstl in der NDR Talk Show.<\/p>\n<p>&nbsp;<\/p>\n<p>&nbsp;<\/p>\n<p>&nbsp;<\/p>\n<p>&nbsp;<\/p>\n<h2 style=\"text-align: justify;\"><strong>Julia Engelmann, Dichterin, Musikerin und Schauspielerin<\/strong><\/h2>\n<div class=\"contentimage w50\" style=\"text-align: justify;\"><\/div>\n<p style=\"text-align: justify;\">&#8222;Eines Tages, Baby&#8220; &#8211; mit diesen Worten beginnt das Gedicht der Frau, das sie zu einer der erfolgreichsten deutschen Poetry-Slammerinnen machte: Julia Engelmann. Sie versteht es\u00a0mit Worten die Seele zu streicheln und Menschen zu r\u00fchren. Das Video von &#8222;Eines Tages, Baby&#8220; wurde bereits 13 Mio. Mal im Netz aufgerufen. Sie schrieb mehrere Lyrik-Bestseller und hat auch schon ein\u00a0musikalisches &#8222;Poesiealbum&#8220; ver\u00f6ffentlicht. &#8222;Lass mal an uns selber glauben&#8220; hei\u00dft ihr neustes Buch, im n\u00e4chsten Jahr geht sie auf Live-Tour. Vorher wird die 29-j\u00e4hrige Wortakrobatin aber noch das NDR Publikum mit ihren Worten ber\u00fchren. Nicht erst eines Tages, sondern am 17. Dezember.<\/p>\n<p>&nbsp;<\/p>\n<p>&nbsp;<\/p>\n<p>&nbsp;<\/p>\n<figure id=\"attachment_176114\" aria-describedby=\"caption-attachment-176114\" style=\"width: 800px\" class=\"wp-caption alignnone\"><img decoding=\"async\" loading=\"lazy\" class=\"size-large wp-image-176114\" src=\"https:\/\/smago.de\/ws2\/wp-content\/uploads\/2021\/12\/1_NDR_Talk_Show_Logo_2008-800x457.jpg\" alt=\"\" width=\"800\" height=\"457\" srcset=\"https:\/\/smago.de\/ws2\/wp-content\/uploads\/2021\/12\/1_NDR_Talk_Show_Logo_2008-800x457.jpg 800w, https:\/\/smago.de\/ws2\/wp-content\/uploads\/2021\/12\/1_NDR_Talk_Show_Logo_2008-522x298.jpg 522w, https:\/\/smago.de\/ws2\/wp-content\/uploads\/2021\/12\/1_NDR_Talk_Show_Logo_2008-263x150.jpg 263w, https:\/\/smago.de\/ws2\/wp-content\/uploads\/2021\/12\/1_NDR_Talk_Show_Logo_2008-768x439.jpg 768w, https:\/\/smago.de\/ws2\/wp-content\/uploads\/2021\/12\/1_NDR_Talk_Show_Logo_2008-1536x877.jpg 1536w, https:\/\/smago.de\/ws2\/wp-content\/uploads\/2021\/12\/1_NDR_Talk_Show_Logo_2008-2048x1169.jpg 2048w, https:\/\/smago.de\/ws2\/wp-content\/uploads\/2021\/12\/1_NDR_Talk_Show_Logo_2008-392x224.jpg 392w, https:\/\/smago.de\/ws2\/wp-content\/uploads\/2021\/12\/1_NDR_Talk_Show_Logo_2008-130x74.jpg 130w, https:\/\/smago.de\/ws2\/wp-content\/uploads\/2021\/12\/1_NDR_Talk_Show_Logo_2008-779x445.jpg 779w, https:\/\/smago.de\/ws2\/wp-content\/uploads\/2021\/12\/1_NDR_Talk_Show_Logo_2008-870x497.jpg 870w, https:\/\/smago.de\/ws2\/wp-content\/uploads\/2021\/12\/1_NDR_Talk_Show_Logo_2008-292x167.jpg 292w, https:\/\/smago.de\/ws2\/wp-content\/uploads\/2021\/12\/1_NDR_Talk_Show_Logo_2008-435x248.jpg 435w, https:\/\/smago.de\/ws2\/wp-content\/uploads\/2021\/12\/1_NDR_Talk_Show_Logo_2008-510x290.jpg 510w\" sizes=\"(max-width: 800px) 100vw, 800px\" \/><figcaption id=\"caption-attachment-176114\" class=\"wp-caption-text\"><em>Foto-Credit: NDR<\/em><\/figcaption><\/figure>\n","protected":false},"excerpt":{"rendered":"<p>NDR fernsehen + hr fernsehen, 22:45 Uhr &#8211; 00:45 Uhr! Moderation:\u00a0Bettina Tietjen und Johannes Wimmer!<\/p>\n","protected":false},"author":2,"featured_media":176114,"comment_status":"open","ping_status":"closed","sticky":false,"template":"","format":"standard","meta":{"_FSMCFIC_featured_image_caption":"","_FSMCFIC_featured_image_nocaption":"","_FSMCFIC_featured_image_hide":""},"categories":[3,23,128],"tags":[254],"acf":[],"_links":{"self":[{"href":"https:\/\/smago.de\/ws2\/wp-json\/wp\/v2\/posts\/176113"}],"collection":[{"href":"https:\/\/smago.de\/ws2\/wp-json\/wp\/v2\/posts"}],"about":[{"href":"https:\/\/smago.de\/ws2\/wp-json\/wp\/v2\/types\/post"}],"author":[{"embeddable":true,"href":"https:\/\/smago.de\/ws2\/wp-json\/wp\/v2\/users\/2"}],"replies":[{"embeddable":true,"href":"https:\/\/smago.de\/ws2\/wp-json\/wp\/v2\/comments?post=176113"}],"version-history":[{"count":1,"href":"https:\/\/smago.de\/ws2\/wp-json\/wp\/v2\/posts\/176113\/revisions"}],"predecessor-version":[{"id":176115,"href":"https:\/\/smago.de\/ws2\/wp-json\/wp\/v2\/posts\/176113\/revisions\/176115"}],"wp:featuredmedia":[{"embeddable":true,"href":"https:\/\/smago.de\/ws2\/wp-json\/wp\/v2\/media\/176114"}],"wp:attachment":[{"href":"https:\/\/smago.de\/ws2\/wp-json\/wp\/v2\/media?parent=176113"}],"wp:term":[{"taxonomy":"category","embeddable":true,"href":"https:\/\/smago.de\/ws2\/wp-json\/wp\/v2\/categories?post=176113"},{"taxonomy":"post_tag","embeddable":true,"href":"https:\/\/smago.de\/ws2\/wp-json\/wp\/v2\/tags?post=176113"}],"curies":[{"name":"wp","href":"https:\/\/api.w.org\/{rel}","templated":true}]}}