{"id":176101,"date":"2021-12-16T16:47:46","date_gmt":"2021-12-16T15:47:46","guid":{"rendered":"https:\/\/smago.de\/ws2\/?p=176101"},"modified":"2021-12-16T16:47:46","modified_gmt":"2021-12-16T15:47:46","slug":"jose-carreras-gala-heute-16-12-2021-im-mdr-fernsehen-die-jose-carreras-gala-2021","status":"publish","type":"post","link":"https:\/\/smago.de\/ws2\/deutsch-rock\/jose-carreras-gala-heute-16-12-2021-im-mdr-fernsehen-die-jose-carreras-gala-2021\/","title":{"rendered":"&#8222;JOS\u00c9 CARRERAS GALA&#8220; <br>Heute (16.12.2021) im MDR FERNSEHEN: &#8222;Die Jos\u00e9 Carreras Gala 2021&#8220;!"},"content":{"rendered":"<p>20:15 Uhr &#8211; 23:15 Uhr! Moderation: Mareile H\u00f6ppner mit Sven Lorig und Jos\u00e9 Carreras!<br \/>\n<!--more--><\/p>\n<p style=\"text-align: justify;\">\n<p style=\"text-align: justify;\">\n<div class=\"box cssBroadcastContentInfos\" style=\"text-align: justify;\">&#8222;Brisant&#8220;-Moderatorin Mareile H\u00f6ppner steht auch in diesem Jahr an der Seite von Stifter und Weltstar Jos\u00e9 Carreras und f\u00fchrt gemeinsam mit &#8222;ARD Morgenmagazin&#8220;-Moderator Sven Lorig durch einen Abend voller Emotionen. Der MDR \u00fcbertr\u00e4gt das Benefizereignis live. Nach der Ausstrahlung ist die Sendung eine Woche in der ARD-Mediathek abrufbar.<\/p>\n<p>Bewegend und ber\u00fchrend wird der Abend am 16. Dezember, wenn Jos\u00e9 Carreras sein Publikum zum 27. Mal zur &#8222;Jos\u00e9 Carreras Gala&#8220; einl\u00e4dt. Sein gro\u00dfes Ziel: &#8222;Leuk\u00e4mie muss heilbar werden. Immer und bei jedem.&#8220; Daf\u00fcr versammelt er allj\u00e4hrlich viele Stars mit Rang und Namen, die gemeinsam mit ihm zu dringend ben\u00f6tigten Spenden im Kampf gegen Leuk\u00e4mie aufrufen, um Forschungs- und Sozialprojekte zu f\u00f6rdern.<\/p>\n<p>Mit der gro\u00df angelegten Strickaktion &#8222;Schal der Sympathie&#8220; beteiligt sich auch das MDR-Publikum in H\u00f6rfunk, TV sowie im Netz, um Spenden f\u00fcr den guten Zweck zu sammeln. Auch Prominente sind aufgerufen, Schals zu stricken. Jede Masche, jeder Meter z\u00e4hlt. Denn alle Schals werden am Ende in Geld umgewandelt, was der Carreras-Stiftung und Krebsforschung zu Gute kommt.<\/p>\n<p>F\u00fcr abwechslungsreiche Unterhaltung sorgen an diesem Abend u. a.:\u00a0David Garrett, Lang Lang mit Ehefrau Gina Alice, Sophie Pacini, Stefanie Heinzmann, Roland Kaiser, Maite Kelly, Michael Patrick Kelly, der Dresdner Kreuzchor, Sebastian Krumbiegel (Die Prinzen), Leony, Peter Maffay, Revolverheld und Santiano.<\/p>\n<p>Am Spendenpanel werden au\u00dferdem folgende Stars (in alphabetischer Reihenfolge) den Kampf f\u00fcr den guten Zweck unterst\u00fctzen: Felix Brych, B\u00fclent Ceylan, Rebecca Immanuel, Wendy G\u00fcntensperger, Dieter Hallervorden, Peter Hardenacke, Matthias Killing, Nele Kiper, Ina Paule Klink, Samuel Koch, Chris L\u00f6we, Robert Lohr, Stephanie M\u00fcller-Spirra, Franziska Schenk, Axel Schulz, J\u00fcrgen Tonkel und Marie Zielcke.<\/p>\n<p>Die Jos\u00e9 Carreras\u2013Stiftung hat in \u00fcber zwei Jahrzehnten Spenden in dreistelliger Millionenh\u00f6he sammeln k\u00f6nnen, um mehr als 1.200 Forschungs- und Sozialprojekte im Kampf gegen Leuk\u00e4mie zu f\u00f6rdern.<\/p>\n<p>Die 27. Jos\u00e9 Carreras Gala findet in Leipzig statt und muss coronabedingt erneut ohne Saalpublikum stattfinden.<\/p>\n<p>Weitere Infos sind im Netz unter meine-heimat.de zu finden. Die Social-Media-Kan\u00e4le des MDR haben bereits im Vorfeld mit Geschichten von Patienten und Projekten, die durch Spenden unterst\u00fctzt werden, auf die Gala aufmerksam gemacht.<\/p><\/div>\n<div style=\"text-align: justify;\"><\/div>\n<div><\/div>\n<div><\/div>\n<div>\n<figure id=\"attachment_176102\" aria-describedby=\"caption-attachment-176102\" style=\"width: 800px\" class=\"wp-caption alignnone\"><img decoding=\"async\" loading=\"lazy\" class=\"size-large wp-image-176102\" src=\"https:\/\/smago.de\/ws2\/wp-content\/uploads\/2021\/12\/1_Jose_Carreras_Gala_2021-800x528.jpg\" alt=\"\" width=\"800\" height=\"528\" srcset=\"https:\/\/smago.de\/ws2\/wp-content\/uploads\/2021\/12\/1_Jose_Carreras_Gala_2021-800x528.jpg 800w, https:\/\/smago.de\/ws2\/wp-content\/uploads\/2021\/12\/1_Jose_Carreras_Gala_2021-522x345.jpg 522w, https:\/\/smago.de\/ws2\/wp-content\/uploads\/2021\/12\/1_Jose_Carreras_Gala_2021-227x150.jpg 227w, https:\/\/smago.de\/ws2\/wp-content\/uploads\/2021\/12\/1_Jose_Carreras_Gala_2021-768x507.jpg 768w, https:\/\/smago.de\/ws2\/wp-content\/uploads\/2021\/12\/1_Jose_Carreras_Gala_2021-1536x1014.jpg 1536w, https:\/\/smago.de\/ws2\/wp-content\/uploads\/2021\/12\/1_Jose_Carreras_Gala_2021-2048x1352.jpg 2048w, https:\/\/smago.de\/ws2\/wp-content\/uploads\/2021\/12\/1_Jose_Carreras_Gala_2021-392x259.jpg 392w, https:\/\/smago.de\/ws2\/wp-content\/uploads\/2021\/12\/1_Jose_Carreras_Gala_2021-130x86.jpg 130w, https:\/\/smago.de\/ws2\/wp-content\/uploads\/2021\/12\/1_Jose_Carreras_Gala_2021-674x445.jpg 674w, https:\/\/smago.de\/ws2\/wp-content\/uploads\/2021\/12\/1_Jose_Carreras_Gala_2021-791x522.jpg 791w, https:\/\/smago.de\/ws2\/wp-content\/uploads\/2021\/12\/1_Jose_Carreras_Gala_2021-288x190.jpg 288w, https:\/\/smago.de\/ws2\/wp-content\/uploads\/2021\/12\/1_Jose_Carreras_Gala_2021-435x287.jpg 435w, https:\/\/smago.de\/ws2\/wp-content\/uploads\/2021\/12\/1_Jose_Carreras_Gala_2021-150x100.jpg 150w\" sizes=\"(max-width: 800px) 100vw, 800px\" \/><figcaption id=\"caption-attachment-176102\" class=\"wp-caption-text\"><\/em> <em>Moderatoren der Gala: Mareile H\u00f6ppner, Jos\u00e9 Carreras und Sven Lorig<\/em><\/p>\n<p>\u00a9 MDR &#8211; Jos\u00e9 Carreras Stiftung \/ Torsten Fricke<\/figcaption><\/figure>\n<\/div>\n","protected":false},"excerpt":{"rendered":"<p>20:15 Uhr &#8211; 23:15 Uhr! Moderation: Mareile H\u00f6ppner mit Sven Lorig und Jos\u00e9 Carreras!<\/p>\n","protected":false},"author":2,"featured_media":176102,"comment_status":"open","ping_status":"closed","sticky":false,"template":"","format":"standard","meta":{"_FSMCFIC_featured_image_caption":"","_FSMCFIC_featured_image_nocaption":"","_FSMCFIC_featured_image_hide":""},"categories":[5,25,26,27,29,128],"tags":[981],"acf":[],"_links":{"self":[{"href":"https:\/\/smago.de\/ws2\/wp-json\/wp\/v2\/posts\/176101"}],"collection":[{"href":"https:\/\/smago.de\/ws2\/wp-json\/wp\/v2\/posts"}],"about":[{"href":"https:\/\/smago.de\/ws2\/wp-json\/wp\/v2\/types\/post"}],"author":[{"embeddable":true,"href":"https:\/\/smago.de\/ws2\/wp-json\/wp\/v2\/users\/2"}],"replies":[{"embeddable":true,"href":"https:\/\/smago.de\/ws2\/wp-json\/wp\/v2\/comments?post=176101"}],"version-history":[{"count":1,"href":"https:\/\/smago.de\/ws2\/wp-json\/wp\/v2\/posts\/176101\/revisions"}],"predecessor-version":[{"id":176103,"href":"https:\/\/smago.de\/ws2\/wp-json\/wp\/v2\/posts\/176101\/revisions\/176103"}],"wp:featuredmedia":[{"embeddable":true,"href":"https:\/\/smago.de\/ws2\/wp-json\/wp\/v2\/media\/176102"}],"wp:attachment":[{"href":"https:\/\/smago.de\/ws2\/wp-json\/wp\/v2\/media?parent=176101"}],"wp:term":[{"taxonomy":"category","embeddable":true,"href":"https:\/\/smago.de\/ws2\/wp-json\/wp\/v2\/categories?post=176101"},{"taxonomy":"post_tag","embeddable":true,"href":"https:\/\/smago.de\/ws2\/wp-json\/wp\/v2\/tags?post=176101"}],"curies":[{"name":"wp","href":"https:\/\/api.w.org\/{rel}","templated":true}]}}