{"id":175865,"date":"2021-12-10T00:00:09","date_gmt":"2021-12-09T23:00:09","guid":{"rendered":"https:\/\/smago.de\/ws2\/?p=175865"},"modified":"2021-12-09T23:55:32","modified_gmt":"2021-12-09T22:55:32","slug":"verstehen-sie-spass-200-folge-von-verstehen-sie-spass","status":"publish","type":"post","link":"https:\/\/smago.de\/ws2\/nonsens\/verstehen-sie-spass-200-folge-von-verstehen-sie-spass\/","title":{"rendered":"&#8222;VERSTEHEN SIE SPA\u00df?&#8220; <br>200. Folge von &#8222;Verstehen Sie Spa\u00df?&#8220;:"},"content":{"rendered":"<p>Nach zw\u00f6lf erfolgreichen Jahren sagt Moderator Guido Cantz Good-Bye!<br \/>\n<!--more--><\/p>\n<p>&nbsp;<\/p>\n<p>&nbsp;<\/p>\n<p class=\"bodytext\" style=\"text-align: justify;\">Einen besseren Termin f\u00fcr seinen Abschied h\u00e4tte sich Guido Quantz nicht w\u00fcnschen k\u00f6nnen: Nach zw\u00f6lf erfolgreichen Jahren moderiert der K\u00f6lner Entertainer am 18. Dezember zum letzten Mal \u201eVerstehen Sie Spa\u00df?\u201c \u2013 zugleich ist die Sendung am Samstagabend die 200. Folge des Show-Klassikers. In seiner Abschieds-Show wird Guido Cantz die \u00f6sterreichische \u201eStarmania\u201c- und \u201eBauer sucht Frau\u201c-Moderatorin Arabella Kiesbauer begr\u00fc\u00dfen, unter den weiteren G\u00e4sten werden Vanessa Mai, Francine Jordi, J\u00f6rg Pilawa, Isabel Varell, Andy Borg, Comedienne und Lockvogel Tahnee sein. Im Showteil singen Santiano den \u201eWenn die K\u00e4lte kommt\u201c.<\/p>\n<p class=\"bodytext\" style=\"text-align: justify;\">Kein anderer Gastgeber \u2013 auch nicht der Erfinder des Formats, Kurt Felix \u2013 hat den den Unterhaltungsklassiker l\u00e4nger und \u00f6fter moderiert als Guido Cantz. Die dienst\u00e4lteste Samstagabendshow im deutschen Fernsehen wird aber auch k\u00fcnftig zu sehen sein: Der SWR, der \u201eVerstehen Sie Spa\u00df?\u201c zusammen mit Kimmig Entertainment f\u00fcr das Erste produziert, entwickelt das bew\u00e4hrte Konzept der Sendung f\u00fcr das kommende Jahr weiter. Die Nachfolgerin von Guido Cantz steht bereits fest: Mit Barbara Sch\u00f6neberger wird nach 32 Jahren wieder eine Frau \u201eVerstehen Sie Spa\u00df?\u201c pr\u00e4sentieren.<\/p>\n<p>&nbsp;<\/p>\n<p>&nbsp;<\/p>\n<p>&nbsp;<\/p>\n<figure id=\"attachment_175866\" aria-describedby=\"caption-attachment-175866\" style=\"width: 800px\" class=\"wp-caption alignnone\"><img decoding=\"async\" loading=\"lazy\" class=\"size-large wp-image-175866\" src=\"https:\/\/smago.de\/ws2\/wp-content\/uploads\/2021\/12\/3_Verstehen_Sie_Spass_Guido_Cantz_2020-800x528.jpg\" alt=\"\" width=\"800\" height=\"528\" srcset=\"https:\/\/smago.de\/ws2\/wp-content\/uploads\/2021\/12\/3_Verstehen_Sie_Spass_Guido_Cantz_2020-800x528.jpg 800w, https:\/\/smago.de\/ws2\/wp-content\/uploads\/2021\/12\/3_Verstehen_Sie_Spass_Guido_Cantz_2020-522x345.jpg 522w, https:\/\/smago.de\/ws2\/wp-content\/uploads\/2021\/12\/3_Verstehen_Sie_Spass_Guido_Cantz_2020-227x150.jpg 227w, https:\/\/smago.de\/ws2\/wp-content\/uploads\/2021\/12\/3_Verstehen_Sie_Spass_Guido_Cantz_2020-768x507.jpg 768w, https:\/\/smago.de\/ws2\/wp-content\/uploads\/2021\/12\/3_Verstehen_Sie_Spass_Guido_Cantz_2020-1536x1014.jpg 1536w, https:\/\/smago.de\/ws2\/wp-content\/uploads\/2021\/12\/3_Verstehen_Sie_Spass_Guido_Cantz_2020-2048x1352.jpg 2048w, https:\/\/smago.de\/ws2\/wp-content\/uploads\/2021\/12\/3_Verstehen_Sie_Spass_Guido_Cantz_2020-392x259.jpg 392w, https:\/\/smago.de\/ws2\/wp-content\/uploads\/2021\/12\/3_Verstehen_Sie_Spass_Guido_Cantz_2020-130x86.jpg 130w, https:\/\/smago.de\/ws2\/wp-content\/uploads\/2021\/12\/3_Verstehen_Sie_Spass_Guido_Cantz_2020-674x445.jpg 674w, https:\/\/smago.de\/ws2\/wp-content\/uploads\/2021\/12\/3_Verstehen_Sie_Spass_Guido_Cantz_2020-791x522.jpg 791w, https:\/\/smago.de\/ws2\/wp-content\/uploads\/2021\/12\/3_Verstehen_Sie_Spass_Guido_Cantz_2020-288x190.jpg 288w, https:\/\/smago.de\/ws2\/wp-content\/uploads\/2021\/12\/3_Verstehen_Sie_Spass_Guido_Cantz_2020-435x287.jpg 435w, https:\/\/smago.de\/ws2\/wp-content\/uploads\/2021\/12\/3_Verstehen_Sie_Spass_Guido_Cantz_2020-150x100.jpg 150w\" sizes=\"(max-width: 800px) 100vw, 800px\" \/><figcaption id=\"caption-attachment-175866\" class=\"wp-caption-text\"><em>\u00a9 SWR \/ Wolfgang Breiteneicher<\/em><\/figcaption><\/figure>\n","protected":false},"excerpt":{"rendered":"<p>Nach zw\u00f6lf erfolgreichen Jahren sagt Moderator Guido Cantz Good-Bye!<\/p>\n","protected":false},"author":2,"featured_media":175866,"comment_status":"open","ping_status":"closed","sticky":false,"template":"","format":"standard","meta":{"_FSMCFIC_featured_image_caption":"","_FSMCFIC_featured_image_nocaption":"","_FSMCFIC_featured_image_hide":""},"categories":[23,128],"tags":[263],"acf":[],"_links":{"self":[{"href":"https:\/\/smago.de\/ws2\/wp-json\/wp\/v2\/posts\/175865"}],"collection":[{"href":"https:\/\/smago.de\/ws2\/wp-json\/wp\/v2\/posts"}],"about":[{"href":"https:\/\/smago.de\/ws2\/wp-json\/wp\/v2\/types\/post"}],"author":[{"embeddable":true,"href":"https:\/\/smago.de\/ws2\/wp-json\/wp\/v2\/users\/2"}],"replies":[{"embeddable":true,"href":"https:\/\/smago.de\/ws2\/wp-json\/wp\/v2\/comments?post=175865"}],"version-history":[{"count":2,"href":"https:\/\/smago.de\/ws2\/wp-json\/wp\/v2\/posts\/175865\/revisions"}],"predecessor-version":[{"id":175868,"href":"https:\/\/smago.de\/ws2\/wp-json\/wp\/v2\/posts\/175865\/revisions\/175868"}],"wp:featuredmedia":[{"embeddable":true,"href":"https:\/\/smago.de\/ws2\/wp-json\/wp\/v2\/media\/175866"}],"wp:attachment":[{"href":"https:\/\/smago.de\/ws2\/wp-json\/wp\/v2\/media?parent=175865"}],"wp:term":[{"taxonomy":"category","embeddable":true,"href":"https:\/\/smago.de\/ws2\/wp-json\/wp\/v2\/categories?post=175865"},{"taxonomy":"post_tag","embeddable":true,"href":"https:\/\/smago.de\/ws2\/wp-json\/wp\/v2\/tags?post=175865"}],"curies":[{"name":"wp","href":"https:\/\/api.w.org\/{rel}","templated":true}]}}