{"id":175860,"date":"2021-12-10T00:00:09","date_gmt":"2021-12-09T23:00:09","guid":{"rendered":"https:\/\/smago.de\/ws2\/?p=175860"},"modified":"2021-12-09T23:25:05","modified_gmt":"2021-12-09T22:25:05","slug":"zwei-wie-eins-sie-praesentieren-ihren-zweiten-titel-winter","status":"publish","type":"post","link":"https:\/\/smago.de\/ws2\/pop-schlager\/zwei-wie-eins-sie-praesentieren-ihren-zweiten-titel-winter\/","title":{"rendered":"ZWEI WIE EINS <br>Sie pr\u00e4sentieren ihren zweiten Titel &#8222;Winter&#8220;!"},"content":{"rendered":"<p style=\"text-align: justify;\">Die TV-Premiere erfolgt sogleich am 11.12.2021 in der Sendung &#8222;Weihnachten bei uns&#8220; (20:15 Uhr im MDR FERNSEHEN)!<br \/>\n<!--more--><\/p>\n<p>&nbsp;<\/p>\n<p>&nbsp;<\/p>\n<p>&nbsp;<\/p>\n<p style=\"text-align: justify;\">Das wird die Fans von ZWEI WIE EINS freuen: Am 10.12.2021 erscheint mit \u201eWinter\u201c ihre erste Weihnachts-Single bei popXsound.<\/p>\n<p style=\"text-align: justify;\">Der Titel ist ein Remake im Zwei wie Eins -Stil des Songs von Unheilig und er beschreibt die sch\u00f6nen und positiven Seiten der Winterzeit. Der Song erz\u00e4hlt von sch\u00f6ner Winterlandschaft und der gleichzeitig strahlenden W\u00e4rme der Menschheit, die in der Winterzeit zusammenr\u00fccken.<\/p>\n<p style=\"text-align: justify;\">Der perfekte Song, um in die sch\u00f6ne, kalte und besinnliche Weihnachtszeit zu starten, denn \u201eSchneit der Himmel wei\u00dfe Sterne, werden W\u00fcnsche wieder wahr\u201c.<\/p>\n<p style=\"text-align: justify;\">Am Samstag, 11.12.2021 pr\u00e4sentieren Zwei wie Eins ihre Weihnachtssingle \u201eWinter\u201c auf MDR in der Sendung \u201eWeihnachten bei uns\u201c.<\/p>\n<p style=\"text-align: justify;\">\n<p style=\"text-align: justify;\">\n<p>&nbsp;<\/p>\n<p>&nbsp;<\/p>\n<p><strong>ZWEI WIE EINS<\/strong><\/p>\n<p>&nbsp;<\/p>\n<p style=\"text-align: justify;\">Theres und Philipp, ein junges, hippes Paar &#8211; im echten Leben und genauso seit vielen Jahren auf der B\u00fchne.<\/p>\n<p>Sie machen gemeinsam Musik und lernten damit Publikum zu unterhalten von der Geburtstagsfeier bis zum Open Air.<br \/>\nSie fallen auf und kommen an durch ihre perfekt harmonierenden Stimmen, ihre Energie, ihre Jugend, ihre Freundlichkeit und ihre Liebe.<\/p>\n<p>Beide begannen in bereits als Kinder mit Klavier und Gesangsunterricht, standen aber auch schon solo f\u00fcr und mit ganz Gro\u00dfen wie z. B. Howard Carpendale auf der B\u00fchne oder im Studio.<\/p>\n<p>Nun sind sie bereit, gemeinsam mit ihren eigenen Songs durchzustarten. Schlager, jung und echt, geliebt und gelebt und neu definiert.<\/p>\n<p>&nbsp;<\/p>\n<p>&nbsp;<\/p>\n<p>&nbsp;<\/p>\n<p><img decoding=\"async\" loading=\"lazy\" class=\"alignnone size-large wp-image-175862\" src=\"https:\/\/smago.de\/ws2\/wp-content\/uploads\/2021\/12\/Zwei_wie_Eins_Pressebild_04-534x800.jpg\" alt=\"\" width=\"534\" height=\"800\" srcset=\"https:\/\/smago.de\/ws2\/wp-content\/uploads\/2021\/12\/Zwei_wie_Eins_Pressebild_04-534x800.jpg 534w, https:\/\/smago.de\/ws2\/wp-content\/uploads\/2021\/12\/Zwei_wie_Eins_Pressebild_04-348x522.jpg 348w, https:\/\/smago.de\/ws2\/wp-content\/uploads\/2021\/12\/Zwei_wie_Eins_Pressebild_04-100x150.jpg 100w, https:\/\/smago.de\/ws2\/wp-content\/uploads\/2021\/12\/Zwei_wie_Eins_Pressebild_04-768x1151.jpg 768w, https:\/\/smago.de\/ws2\/wp-content\/uploads\/2021\/12\/Zwei_wie_Eins_Pressebild_04-1025x1536.jpg 1025w, https:\/\/smago.de\/ws2\/wp-content\/uploads\/2021\/12\/Zwei_wie_Eins_Pressebild_04-1366x2048.jpg 1366w, https:\/\/smago.de\/ws2\/wp-content\/uploads\/2021\/12\/Zwei_wie_Eins_Pressebild_04-181x272.jpg 181w, https:\/\/smago.de\/ws2\/wp-content\/uploads\/2021\/12\/Zwei_wie_Eins_Pressebild_04-400x600.jpg 400w, https:\/\/smago.de\/ws2\/wp-content\/uploads\/2021\/12\/Zwei_wie_Eins_Pressebild_04-87x130.jpg 87w, https:\/\/smago.de\/ws2\/wp-content\/uploads\/2021\/12\/Zwei_wie_Eins_Pressebild_04-297x445.jpg 297w, https:\/\/smago.de\/ws2\/wp-content\/uploads\/2021\/12\/Zwei_wie_Eins_Pressebild_04-127x190.jpg 127w, https:\/\/smago.de\/ws2\/wp-content\/uploads\/2021\/12\/Zwei_wie_Eins_Pressebild_04-193x290.jpg 193w, https:\/\/smago.de\/ws2\/wp-content\/uploads\/2021\/12\/Zwei_wie_Eins_Pressebild_04.jpg 1668w\" sizes=\"(max-width: 534px) 100vw, 534px\" \/><\/p>\n","protected":false},"excerpt":{"rendered":"<p>Die TV-Premiere erfolgt sogleich am 11.12.2021 in der Sendung &#8222;Weihnachten bei uns&#8220; (20:15 Uhr im MDR FERNSEHEN)!<\/p>\n","protected":false},"author":2,"featured_media":175861,"comment_status":"open","ping_status":"closed","sticky":false,"template":"","format":"standard","meta":{"_FSMCFIC_featured_image_caption":"","_FSMCFIC_featured_image_nocaption":"","_FSMCFIC_featured_image_hide":""},"categories":[28],"tags":[2203],"acf":[],"_links":{"self":[{"href":"https:\/\/smago.de\/ws2\/wp-json\/wp\/v2\/posts\/175860"}],"collection":[{"href":"https:\/\/smago.de\/ws2\/wp-json\/wp\/v2\/posts"}],"about":[{"href":"https:\/\/smago.de\/ws2\/wp-json\/wp\/v2\/types\/post"}],"author":[{"embeddable":true,"href":"https:\/\/smago.de\/ws2\/wp-json\/wp\/v2\/users\/2"}],"replies":[{"embeddable":true,"href":"https:\/\/smago.de\/ws2\/wp-json\/wp\/v2\/comments?post=175860"}],"version-history":[{"count":2,"href":"https:\/\/smago.de\/ws2\/wp-json\/wp\/v2\/posts\/175860\/revisions"}],"predecessor-version":[{"id":175864,"href":"https:\/\/smago.de\/ws2\/wp-json\/wp\/v2\/posts\/175860\/revisions\/175864"}],"wp:featuredmedia":[{"embeddable":true,"href":"https:\/\/smago.de\/ws2\/wp-json\/wp\/v2\/media\/175861"}],"wp:attachment":[{"href":"https:\/\/smago.de\/ws2\/wp-json\/wp\/v2\/media?parent=175860"}],"wp:term":[{"taxonomy":"category","embeddable":true,"href":"https:\/\/smago.de\/ws2\/wp-json\/wp\/v2\/categories?post=175860"},{"taxonomy":"post_tag","embeddable":true,"href":"https:\/\/smago.de\/ws2\/wp-json\/wp\/v2\/tags?post=175860"}],"curies":[{"name":"wp","href":"https:\/\/api.w.org\/{rel}","templated":true}]}}