{"id":175720,"date":"2021-12-09T00:00:40","date_gmt":"2021-12-08T23:00:40","guid":{"rendered":"https:\/\/smago.de\/ws2\/?p=175720"},"modified":"2021-12-08T23:35:37","modified_gmt":"2021-12-08T22:35:37","slug":"ramon-roselly-am-11-12-2021-in-der-rtl-final-show-das-supertalent-zu-gast","status":"publish","type":"post","link":"https:\/\/smago.de\/ws2\/schlager\/ramon-roselly-am-11-12-2021-in-der-rtl-final-show-das-supertalent-zu-gast\/","title":{"rendered":"RAMON ROSELLY <br>Am 11.12.2021 in der RTL-(Final-)Show &#8222;Das Supertalent&#8220; zu Gast!"},"content":{"rendered":"<p>Ramon wird &#8222;in einem &#8218;Winter Wonderland&#8216; mit allen Talenten auftreten&#8220; &#8230;:<br \/>\n<!--more--><\/p>\n<p>&nbsp;<\/p>\n<p>&nbsp;<\/p>\n<p>&nbsp;<\/p>\n<p style=\"text-align: justify;\">K\u00f6lscher Gospelchor, Streetdancer oder Handschattenspieler \u2013 wer begeistert das Publikum im gro\u00dfen Finale von &#8222;Das Supertalent&#8220; am Samstag am meisten?<\/p>\n<p style=\"text-align: justify;\">Ein letztes Mal d\u00fcrfen sich Lukas Podolski, die Starmagier Chris und Andreas Ehrlich aka Ehrlich Brothers, Chantal Janzen und Michael Michalsky auf zehn au\u00dfergew\u00f6hnliche Talente freuen.<\/p>\n<p style=\"text-align: justify;\">Doch die Entscheidung, wer am Ende den Titel &#8222;Supertalent 2021&#8220; tragen und 50.000 Euro Siegpr\u00e4mie mit nach Hause nehmen darf, entscheiden im Livefinale allein die Zuschauer:innen.<\/p>\n<p style=\"text-align: justify;\">Als Special Guest wird DSDS-Sieger Ramon Rosselly in einem Winter Wonderland mit allen Talenten auftreten.<\/p>\n<p>&nbsp;<\/p>\n<p>&nbsp;<\/p>\n<p>&nbsp;<\/p>\n<p>&nbsp;<\/p>\n<p>&nbsp;<\/p>\n<p style=\"text-align: justify;\"><strong>Diese 10 Talente stehen im Finale auf der B\u00fchne:<\/strong><\/p>\n<p>&nbsp;<\/p>\n<p>&nbsp;<\/p>\n<p>&nbsp;<\/p>\n<p>&nbsp;<\/p>\n<p style=\"text-align: justify;\"><strong>Elena Turcan (10) aus Idar-Oberstein \u2013 Talent: Operngesang<\/strong><\/p>\n<p>&nbsp;<\/p>\n<p style=\"text-align: justify;\">Direkt in der ersten Folge der diesj\u00e4hrigen Staffel hat das kleinen Operntalent Elena Turcan alle umgehauen. Juror Michael Michalsky war so begeistert, dass er die erst 10-J\u00e4hrige per Goldenem Buzzer direkt ins Finale schickte. Was die Zuschauer:innen dieses Mal von ihr erwarten d\u00fcrfen?\u00a0 &#8222;Ich m\u00f6chte dieses Mal ein Lied singen, das den Leuten, besonders in diesen schweren Zeiten, ein bisschen Linderung bringen k\u00f6nnte. Und das auch zu dieser sch\u00f6nen Adventszeit sehr gut passt. Ich m\u00f6chte, dass wir alle eine gute Show\u00a0liefern und dass wir alle, Teilnehmer und Zuschauer, super sch\u00f6ne Erinnerungen haben werden.&#8220;<\/p>\n<p>&nbsp;<\/p>\n<p>&nbsp;<\/p>\n<p>&nbsp;<\/p>\n<p>&nbsp;<\/p>\n<p style=\"text-align: justify;\"><strong>Karabo Morake (30) aus Konz<\/strong> \u2013 <strong>Talent: Tanz<\/strong><\/p>\n<p>&nbsp;<\/p>\n<p style=\"text-align: justify;\">Karabo Morake ber\u00fchrte im zweiten Live-Halbfinale nicht nur mit seiner Tanzperformance, sondern auch mit der Message, die er transportierte: Alle Menschen sind gleich, egal, welche Sexualit\u00e4t, Herkunft oder Hautfarbe sie haben. Im Finale will er nochmal eine andere Seite von sich zeigen: &#8222;Was das Publikum auf der B\u00fchne von mir sehen wird, soll eine \u00dcberraschung bleiben. Aber so viel kann ich verraten: Bisher habe ich zu afrikanischen, lateinamerikanischen und Salsa-Beats getanzt. Dieses Mal soll es etwas ganz Neues sein. Ich werde etwas riskieren und hoffe, es wird gut.&#8220;<\/p>\n<p>&nbsp;<\/p>\n<p>&nbsp;<\/p>\n<p>&nbsp;<\/p>\n<p>&nbsp;<\/p>\n<p style=\"text-align: justify;\"><strong>Drew Colby (47) aus Eastbourne (Gro\u00dfbritannien) \u2013 Talent: Handschattenspiel<\/strong><\/p>\n<p>&nbsp;<\/p>\n<p style=\"text-align: justify;\">Um Menschen zu begeistern, braucht Drew Colby nur Licht, Schatten und seine H\u00e4nde. Juror Thomas Gottschalk zollte ihm im Halbfinale letzte Woche seinen Respekt und machte klar: &#8222;Um das zu machen, was du gemacht hast, muss man ein Talent haben. Um es so zu machen, wie du es gemacht hast, muss man ein Supertalent sein.&#8220; Ob er seinen Auftritt nochmal toppen kann? &#8222;Ich gebe mein Bestes. Ich werde eine Geschichte erz\u00e4hlen, die ans Herz geht \u2013 zu einem sehr bekannten Lied, das wirklich jeder kennt.&#8220;<\/p>\n<p>&nbsp;<\/p>\n<p>&nbsp;<\/p>\n<p>&nbsp;<\/p>\n<p>&nbsp;<\/p>\n<p style=\"text-align: justify;\"><strong>Vitoria Bueno (17) aus Santa Rita do Sapuca\u00ed (Brasilien) \u2013 Talent: Ballett<\/strong><\/p>\n<p>&nbsp;<\/p>\n<p style=\"text-align: justify;\">Vitoria Bueno kam ohne Arme zur Welt, daf\u00fcr wurde ihr ein einzigartiges Talent f\u00fcr Ballett in die Wiege gelegt. Mit ihrem Auftritt sorgte sie im Casting f\u00fcr Tr\u00e4nen der R\u00fchrung. Moderator Chris Tall war so bewegt, dass er selbst hinter das Jury-Pult trat und f\u00fcr sie den Goldenen Buzzer dr\u00fcckte. Im Finale m\u00f6chte sie nun eine andere Geschichte erz\u00e4hlen: &#8222;Ich m\u00f6chte zeigen, wie viele unterschiedliche Facetten ich habe und auch unterschiedliche Tanzstile einflie\u00dfen lassen. Ich werde mein Bestes geben und zeigen, wie wichtig es mir ist, meine Leidenschaft zu transportieren. Das Publikum m\u00f6chte ich mit meinem Charisma, meinem L\u00e4cheln und meiner Passion f\u00fcr das Tanzen \u00fcberzeugen.&#8220;<\/p>\n<p>&nbsp;<\/p>\n<p>&nbsp;<\/p>\n<p>&nbsp;<\/p>\n<p>&nbsp;<\/p>\n<p style=\"text-align: justify;\"><strong>Keiichi Iwasaki (49) aus Maebashi (Japan) \u2013 Talent: Comedy-Zauberei\u00a0<\/strong><\/p>\n<p>&nbsp;<\/p>\n<p style=\"text-align: justify;\">F\u00fcr seinen Aufritt im Halbfinale bekam Keiichi Iwasaki Standing Ovations. Weder Jury noch Publikum konnte sich nach seiner Nummer noch auf den St\u00fchlen halten. Mit einer Mischung auf Comedy und Magie versteht er es, die Menschen zu verzaubern. Das \u00fcberzeugte auch Juror Lukas Podolski: &#8222;Mit seiner Art und Weise die Leute zum Lachen bringen \u2013 das ist genau das, was wir brauchen. Das war auf jeden Fall ein sehr geiler und toller Auftritt.&#8220; Was Keeichi f\u00fcr das Finale geplant hat? &#8222;Ich bin so dankbar, dabei sein zu d\u00fcrfen und kann es immer noch nicht glauben. Ich gebe mein bestes, nochmal etwas Neues zu zeigen. In jedem Fall will ich die Menschen wieder zum Lachen bringen und daf\u00fcr sorgen, dass sich gl\u00fccklich sind.&#8220;<\/p>\n<p>&nbsp;<\/p>\n<p>&nbsp;<\/p>\n<p>&nbsp;<\/p>\n<p>&nbsp;<\/p>\n<p style=\"text-align: justify;\"><strong>Chris Cross (27) aus Elixhausen (\u00d6sterreich) \u2013 Talent: Streetdance<\/strong><\/p>\n<p>&nbsp;<\/p>\n<p style=\"text-align: justify;\">Sowohl im Casting als auch im Halbfinale sorgte Chris Cross mit seiner Tanzkunst f\u00fcr Begeisterung. Was er nun f\u00fcrs Finale geplant hat? &#8222;Ich gehe mit der gleichen Einstellung ins Finale wie ins Halbfinale. Ich bin dankbar auftreten zu d\u00fcrfen und freue mich, eine weitere Urban Dance Show aus meinem Repertoire zu pr\u00e4sentieren. Mein Ziel ist es nicht, einen drauf zu setzen, denn meine Shows stehen f\u00fcr sich und sie sind nicht miteinander vergleichbar. Neben meinen bisherigen Tanzshows &#8222;Bond, James Bond&#8220; und &#8222;Funky Fusion&#8220; habe ich mich f\u00fcrs Finale f\u00fcr die Show namens &#8222;Flow Motion&#8220; entschieden. Als Dank widme ich die Finalshow allen, die mich aktiv unterst\u00fctzt und f\u00fcr mich angerufen haben.&#8220;<\/p>\n<p>&nbsp;<\/p>\n<p>&nbsp;<\/p>\n<p>&nbsp;<\/p>\n<p>&nbsp;<\/p>\n<p style=\"text-align: justify;\"><strong>Na\u2018 Moul\u00e9ma aus K\u00f6ln \u2013 Talent: Gospelgesang<\/strong><\/p>\n<p>&nbsp;<\/p>\n<p style=\"text-align: justify;\">Ihre Musik geht mitten ins Herz: Die Mischung aus den zentralafrikanischen Wurzeln und der waschechten k\u00f6lschen Art von &#8222;Chorchefin&#8220; Marie Enganembem ist eine einmalige Kombination. Gemeinsam sprengt der Chor die Grenzen verschiedener Genres \u2013 egal ob Gospel, Soul, Pop oder Funk. Jurorin Chantal Janzen war in den Castings so geflasht von ihrer Interpretation des Kasalla-Hits &#8222;Alle Jl\u00e4ser huh&#8220;, dass sie Na\u2018 Moul\u00e9ma direkt ins Finale buzzerte. Marie Enganembem zu ihrem Auftritt am Samstag; &#8222;Wir freuen uns, dass wir im Finale noch mal alles geben d\u00fcrfen. Den Menschen Liebe und W\u00e4rme zu schenken, gerade in dieser Zeit. Und das mit ganzem Herzen.&#8220;<\/p>\n<p>&nbsp;<\/p>\n<p>&nbsp;<\/p>\n<p>&nbsp;<\/p>\n<p>&nbsp;<\/p>\n<p style=\"text-align: justify;\"><strong>Inclusion Dance Project, Turin (Italien) \u2013 Talent: Tanz<\/strong><\/p>\n<p>&nbsp;<\/p>\n<p style=\"text-align: justify;\">Dass sie es bis ins Finale schaffen \u2013 damit h\u00e4tten die uneingeschr\u00e4nkten T\u00e4nzer:innen und solche mit Downsyndrom niemals gerechnet. Umso mehr freuen sie sich dar\u00fcber, Samstag nochmal auf der B\u00fchne zu stehen und um den gro\u00dfen Titel zu k\u00e4mpfen: &#8222;Das, was die Zuschauer:innen bisher gesehen haben, wollen wir nochmal toppen und eine noch gr\u00f6\u00dfere Show bieten. Wie immer wollen wir eine Message mit unserer Performance vermitteln.&#8220;<\/p>\n<p>&nbsp;<\/p>\n<p>&nbsp;<\/p>\n<p>&nbsp;<\/p>\n<p>&nbsp;<\/p>\n<p style=\"text-align: justify;\"><strong>Helena Berlinghof (15) aus Schifferstadt<\/strong> \u2013 <strong>Talent: Klavierspielen<\/strong><\/p>\n<p>&nbsp;<\/p>\n<p style=\"text-align: justify;\">Bereits im Casting und auch im Halbfinale beeindruckte das erst 15-j\u00e4hrige Klaviergenie mit selbst komponierten St\u00fccken. Auch dieses Mal hat Helena eigens f\u00fcr ihren Auftritt am Samstag etwas kreiert: &#8222;Ich werde ein St\u00fcck spielen, das nicht nur wie ein Lied klingt, sondern eine Geschichte erz\u00e4hlt. N\u00e4mlich eine kleine Weihnachtsgeschichte, die ich mir ausgedacht habe und die w\u00e4hrend meines Lieds inszeniert wird. Der Unterschied zu den bisherigen Auftritten wird sein, dass ich ein Gesamtkonzept entwerfe, das mehrere k\u00fcnstlerische Aspekte beinhaltet. Die Jury und das Publikum m\u00f6chte ich mit auf eine kleine musikalische Reise durch die Winter- und Weihnachtszeit nehmen.&#8220;<\/p>\n<p>&nbsp;<\/p>\n<p>&nbsp;<\/p>\n<p>&nbsp;<\/p>\n<p>&nbsp;<\/p>\n<p style=\"text-align: justify;\"><strong>Light Balance Kids (14 Jugendliche zwischen 13 und 17 Jahren) aus Kiev (Ukraine) \u2013\u00a0Talent: Tanz\/ Projektion<\/strong><\/p>\n<p>&nbsp;<\/p>\n<p style=\"text-align: justify;\">Mit ihrem eindrucksvollen Tanz im Dunkeln gepaart mit einer spektakul\u00e4ren Lichtshow sorgten sie schon im Casting f\u00fcr Faszination im ganzen Saal. Die Ehrlich Brothers waren so begeistert, dass sie die talentierten Kids per Goldenem Buzzer direkt ins Finale schickten. Im Finale m\u00f6chten sie nun nochmal eine ganz andere Geschichte erz\u00e4hlen, aber versprechen: &#8222;Es wird wieder gewaltig und leuchtend. Mehr wollen wir aber nicht verraten \u2013 aber es wird \u00fcberraschend!&#8220;<\/p>\n<p>&nbsp;<\/p>\n<p>&nbsp;<\/p>\n<p>&nbsp;<\/p>\n<figure id=\"attachment_175721\" aria-describedby=\"caption-attachment-175721\" style=\"width: 800px\" class=\"wp-caption alignnone\"><img decoding=\"async\" loading=\"lazy\" class=\"size-large wp-image-175721\" src=\"https:\/\/smago.de\/ws2\/wp-content\/uploads\/2021\/12\/1705682-800x533.jpg\" alt=\"\" width=\"800\" height=\"533\" srcset=\"https:\/\/smago.de\/ws2\/wp-content\/uploads\/2021\/12\/1705682-800x533.jpg 800w, https:\/\/smago.de\/ws2\/wp-content\/uploads\/2021\/12\/1705682-522x348.jpg 522w, https:\/\/smago.de\/ws2\/wp-content\/uploads\/2021\/12\/1705682-225x150.jpg 225w, https:\/\/smago.de\/ws2\/wp-content\/uploads\/2021\/12\/1705682-768x512.jpg 768w, https:\/\/smago.de\/ws2\/wp-content\/uploads\/2021\/12\/1705682-1536x1024.jpg 1536w, https:\/\/smago.de\/ws2\/wp-content\/uploads\/2021\/12\/1705682-2048x1365.jpg 2048w, https:\/\/smago.de\/ws2\/wp-content\/uploads\/2021\/12\/1705682-392x261.jpg 392w, https:\/\/smago.de\/ws2\/wp-content\/uploads\/2021\/12\/1705682-130x87.jpg 130w, https:\/\/smago.de\/ws2\/wp-content\/uploads\/2021\/12\/1705682-668x445.jpg 668w, https:\/\/smago.de\/ws2\/wp-content\/uploads\/2021\/12\/1705682-783x522.jpg 783w, https:\/\/smago.de\/ws2\/wp-content\/uploads\/2021\/12\/1705682-285x190.jpg 285w, https:\/\/smago.de\/ws2\/wp-content\/uploads\/2021\/12\/1705682-435x290.jpg 435w, https:\/\/smago.de\/ws2\/wp-content\/uploads\/2021\/12\/1705682-150x100.jpg 150w, https:\/\/smago.de\/ws2\/wp-content\/uploads\/2021\/12\/1705682-370x247.jpg 370w\" sizes=\"(max-width: 800px) 100vw, 800px\" \/><figcaption id=\"caption-attachment-175721\" class=\"wp-caption-text\"><\/em> <em>Foto-Credit: RTL \/ Stefan Gregorowius<\/em><\/p>\n<p><em>Bitte beachten Sie auch <strong><a href=\"http:\/\/www.tvnow.de\">RTL+<\/a><\/strong>!<\/em><\/figcaption><\/figure>\n<p>&nbsp;<\/p>\n<p>&nbsp;<\/p>\n<figure id=\"attachment_175722\" aria-describedby=\"caption-attachment-175722\" style=\"width: 800px\" class=\"wp-caption alignnone\"><img decoding=\"async\" loading=\"lazy\" class=\"size-large wp-image-175722\" src=\"https:\/\/smago.de\/ws2\/wp-content\/uploads\/2021\/12\/1812118-800x450.jpg\" alt=\"\" width=\"800\" height=\"450\" srcset=\"https:\/\/smago.de\/ws2\/wp-content\/uploads\/2021\/12\/1812118-800x450.jpg 800w, https:\/\/smago.de\/ws2\/wp-content\/uploads\/2021\/12\/1812118-522x294.jpg 522w, https:\/\/smago.de\/ws2\/wp-content\/uploads\/2021\/12\/1812118-267x150.jpg 267w, https:\/\/smago.de\/ws2\/wp-content\/uploads\/2021\/12\/1812118-768x432.jpg 768w, https:\/\/smago.de\/ws2\/wp-content\/uploads\/2021\/12\/1812118-1536x864.jpg 1536w, https:\/\/smago.de\/ws2\/wp-content\/uploads\/2021\/12\/1812118-2048x1152.jpg 2048w, https:\/\/smago.de\/ws2\/wp-content\/uploads\/2021\/12\/1812118-392x221.jpg 392w, https:\/\/smago.de\/ws2\/wp-content\/uploads\/2021\/12\/1812118-130x73.jpg 130w, https:\/\/smago.de\/ws2\/wp-content\/uploads\/2021\/12\/1812118-791x445.jpg 791w, https:\/\/smago.de\/ws2\/wp-content\/uploads\/2021\/12\/1812118-870x489.jpg 870w, https:\/\/smago.de\/ws2\/wp-content\/uploads\/2021\/12\/1812118-292x164.jpg 292w, https:\/\/smago.de\/ws2\/wp-content\/uploads\/2021\/12\/1812118-435x245.jpg 435w, https:\/\/smago.de\/ws2\/wp-content\/uploads\/2021\/12\/1812118-895x503.jpg 895w\" sizes=\"(max-width: 800px) 100vw, 800px\" \/><figcaption id=\"caption-attachment-175722\" class=\"wp-caption-text\"><em>Die Jury mit (v.l.) Thomas Gottschalk, Chantal Janzen, Lukas Podolski und Michael Michalsky<\/em><\/p>\n<p><em>Foto-Credit: RTL \/ Stefan Gregorowius<\/em><\/p>\n<p><em>Bitte beachten Sie auch <strong><a href=\"http:\/\/www.tvnow.de\">RTL+<\/a><\/strong>!<\/em><\/figcaption><\/figure>\n","protected":false},"excerpt":{"rendered":"<p>Ramon wird &#8222;in einem &#8218;Winter Wonderland&#8216; mit allen Talenten auftreten&#8220; &#8230;:<\/p>\n","protected":false},"author":2,"featured_media":175721,"comment_status":"open","ping_status":"closed","sticky":false,"template":"","format":"standard","meta":{"_FSMCFIC_featured_image_caption":"","_FSMCFIC_featured_image_nocaption":"","_FSMCFIC_featured_image_hide":""},"categories":[29,128],"tags":[265,1465],"acf":[],"_links":{"self":[{"href":"https:\/\/smago.de\/ws2\/wp-json\/wp\/v2\/posts\/175720"}],"collection":[{"href":"https:\/\/smago.de\/ws2\/wp-json\/wp\/v2\/posts"}],"about":[{"href":"https:\/\/smago.de\/ws2\/wp-json\/wp\/v2\/types\/post"}],"author":[{"embeddable":true,"href":"https:\/\/smago.de\/ws2\/wp-json\/wp\/v2\/users\/2"}],"replies":[{"embeddable":true,"href":"https:\/\/smago.de\/ws2\/wp-json\/wp\/v2\/comments?post=175720"}],"version-history":[{"count":3,"href":"https:\/\/smago.de\/ws2\/wp-json\/wp\/v2\/posts\/175720\/revisions"}],"predecessor-version":[{"id":175725,"href":"https:\/\/smago.de\/ws2\/wp-json\/wp\/v2\/posts\/175720\/revisions\/175725"}],"wp:featuredmedia":[{"embeddable":true,"href":"https:\/\/smago.de\/ws2\/wp-json\/wp\/v2\/media\/175721"}],"wp:attachment":[{"href":"https:\/\/smago.de\/ws2\/wp-json\/wp\/v2\/media?parent=175720"}],"wp:term":[{"taxonomy":"category","embeddable":true,"href":"https:\/\/smago.de\/ws2\/wp-json\/wp\/v2\/categories?post=175720"},{"taxonomy":"post_tag","embeddable":true,"href":"https:\/\/smago.de\/ws2\/wp-json\/wp\/v2\/tags?post=175720"}],"curies":[{"name":"wp","href":"https:\/\/api.w.org\/{rel}","templated":true}]}}