{"id":175046,"date":"2021-11-25T00:00:39","date_gmt":"2021-11-24T23:00:39","guid":{"rendered":"https:\/\/smago.de\/ws2\/?p=175046"},"modified":"2021-11-24T22:42:16","modified_gmt":"2021-11-24T21:42:16","slug":"simone-moos-mit-dem-titel-ich-leb-im-traum-sorgt-sie-im-herbst-fuer-einen-neuen-popschlager-fruehling","status":"publish","type":"post","link":"https:\/\/smago.de\/ws2\/pop-schlager\/simone-moos-mit-dem-titel-ich-leb-im-traum-sorgt-sie-im-herbst-fuer-einen-neuen-popschlager-fruehling\/","title":{"rendered":"SIMONE MOOS <br>Mit dem Titel &#8222;Ich leb&#8216; im Traum&#8220; sorgt sie im Herbst f\u00fcr einen neuen Popschlager-Fr\u00fchling!"},"content":{"rendered":"<p>Sehen Sie HIER auch das Video &#8230;:<br \/>\n<!--more--><\/p>\n<p>&nbsp;<\/p>\n<p>&nbsp;<\/p>\n<p>&nbsp;<\/p>\n<p style=\"text-align: justify;\">Diesen Herbst bringt SIMONE MOOS rischen Wind in den Schlager \u2013 mit viel Chor, Piano und Pathos!<\/p>\n<p style=\"text-align: justify;\">\u201eIch leb\u2018 den Traum\u201c hei\u00dft ihr neuer Song, der mit seiner positiven Message ein L\u00e4cheln in die Gesichter aller Zuh\u00f6rer zaubern wird.<\/p>\n<p style=\"text-align: justify;\">In dem Song singt Simone Moos \u00fcber ihren Traum und ihrem Weg zur Musik. \u201eIch leb\u2018 den Traum\u201c soll jedoch auch eine Erinnerung daran sein, dass Tr\u00e4ume nicht nur Tr\u00e4ume bleiben m\u00fcssen. Zu schnell kann sich die Welt \u00e4ndern, das haben wir alle erlebt, und Warten hat noch selten Erfolg gebracht. Anpacken, loslegen und seine Tr\u00e4ume leben, das Leben ist zu kurz, um zu warten und aufzugeben ist nie eine Option. Das ist die Message, die Simone vermitteln m\u00f6chte. \u201eIch m\u00f6chte mit diesem energiegeladenen Song Feuer verspr\u00fchen, positive Gef\u00fchle und Vibes vermitteln und allen sagen: \u201eKommt mit! Es lohnt sich!\u201c\u201c<\/p>\n<p style=\"text-align: justify;\">Doch der \u201eepochale Schlager\u201c, wie Produzent Rudnik ihn bezeichnet, punktet nicht nur textlich. Der Uptempo-Beat regt zum Klatschen an und ist der perfekte Partner, um einen flotten Discofox auf das Parkett zu legen.<\/p>\n<p style=\"text-align: justify;\">Produziert wurde der Song im Mai dieses Jahres in den Studios von Ralf Rudnik und soll den Start in eine neue \u201eSimone Moos\u201c \u00c4ra einl\u00e4uten. Die Musik stammt von Ralf Rudnik und der Text kommt von keiner geringeren als Anita Hofmann, die selbst den Weg in die Musik meistert und wei\u00df, was es hei\u00dft, hart f\u00fcr den eigenen Traum zu arbeiten. Sie zeigt zusammen mit ihrer Schwester aber auch seit \u00fcber 20 Jahren erfolgreich, dass sich die M\u00fche immer lohnt!<\/p>\n<p style=\"text-align: justify;\">Der Titel &#8222;Ich leb&#8216; im Traum&#8220; wurde bereits am 29.10.2021 via FIESTA RECORDS (Andreas Rosmiarek) ver\u00f6ffentlicht.<\/p>\n<p>&nbsp;<\/p>\n<p>&nbsp;<\/p>\n<p style=\"text-align: justify;\"><iframe loading=\"lazy\" src=\"\/\/www.youtube.com\/embed\/G6xGDPGcRXs\" width=\"800\" height=\"449\" allowfullscreen=\"allowfullscreen\"><\/iframe><\/p>\n","protected":false},"excerpt":{"rendered":"<p>Sehen Sie HIER auch das Video &#8230;:<\/p>\n","protected":false},"author":2,"featured_media":175047,"comment_status":"open","ping_status":"closed","sticky":false,"template":"","format":"standard","meta":{"_FSMCFIC_featured_image_caption":"","_FSMCFIC_featured_image_nocaption":"","_FSMCFIC_featured_image_hide":""},"categories":[28],"tags":[2316],"acf":[],"_links":{"self":[{"href":"https:\/\/smago.de\/ws2\/wp-json\/wp\/v2\/posts\/175046"}],"collection":[{"href":"https:\/\/smago.de\/ws2\/wp-json\/wp\/v2\/posts"}],"about":[{"href":"https:\/\/smago.de\/ws2\/wp-json\/wp\/v2\/types\/post"}],"author":[{"embeddable":true,"href":"https:\/\/smago.de\/ws2\/wp-json\/wp\/v2\/users\/2"}],"replies":[{"embeddable":true,"href":"https:\/\/smago.de\/ws2\/wp-json\/wp\/v2\/comments?post=175046"}],"version-history":[{"count":3,"href":"https:\/\/smago.de\/ws2\/wp-json\/wp\/v2\/posts\/175046\/revisions"}],"predecessor-version":[{"id":175050,"href":"https:\/\/smago.de\/ws2\/wp-json\/wp\/v2\/posts\/175046\/revisions\/175050"}],"wp:featuredmedia":[{"embeddable":true,"href":"https:\/\/smago.de\/ws2\/wp-json\/wp\/v2\/media\/175047"}],"wp:attachment":[{"href":"https:\/\/smago.de\/ws2\/wp-json\/wp\/v2\/media?parent=175046"}],"wp:term":[{"taxonomy":"category","embeddable":true,"href":"https:\/\/smago.de\/ws2\/wp-json\/wp\/v2\/categories?post=175046"},{"taxonomy":"post_tag","embeddable":true,"href":"https:\/\/smago.de\/ws2\/wp-json\/wp\/v2\/tags?post=175046"}],"curies":[{"name":"wp","href":"https:\/\/api.w.org\/{rel}","templated":true}]}}