{"id":174977,"date":"2021-11-23T11:22:16","date_gmt":"2021-11-23T10:22:16","guid":{"rendered":"https:\/\/smago.de\/ws2\/?p=174977"},"modified":"2021-11-23T11:30:24","modified_gmt":"2021-11-23T10:30:24","slug":"davin-herbrueggen-telamo-nimmt-dsds-gewinner-davin-herbrueggen-unter-vertrag","status":"publish","type":"post","link":"https:\/\/smago.de\/ws2\/pop\/davin-herbrueggen-telamo-nimmt-dsds-gewinner-davin-herbrueggen-unter-vertrag\/","title":{"rendered":"DAVIN HERBR\u00dcGGEN <br>TELAMO nimmt DSDS-Gewinner Davin Herbr\u00fcggen unter Vertrag!"},"content":{"rendered":"<p>Nach seinem Sieg bei &#8222;Deutschland sucht den Superstar&#8220; war Davin Herbr\u00fcggen u. a. musikalischer Gast bei der Abschiedstournee der \u201eLochis\u201c!<br \/>\n<!--more--><\/p>\n<p>&nbsp;<\/p>\n<p>&nbsp;<\/p>\n<p style=\"text-align: justify;\">Mit einer \u00fcberw\u00e4ltigenden Mehrheit von 44% w\u00e4hlte das TV-Publikum im Finale der 16. Staffel \u201eDeutschland sucht den Superstar\u201c DAVIN HERBR\u00dcGGEN zum Sieger der Show. Der gelernte Altenpfleger aus Oberhausen \u00fcberzeugte seit Beginn der Staffel mit seiner ausdrucksstarken, rockigen Stimme und seiner sympathischen Art und setzte sich am Ende klar gegen die anderen Mitbewerber durch. Nach seinem Sieg war Davin Herbr\u00fcggen u. a. musikalischer Gast bei der Abschiedstournee der \u201eLochis\u201c.<\/p>\n<p style=\"text-align: justify;\">F\u00fcr seinen weiteren musikalischen Weg wird Davin Herbr\u00fcggen zuk\u00fcnftig mit der TELAMO Musik &amp; Unterhaltung GmbH zusammenarbeiten. F\u00fcr das kommende Jahr ist die Ver\u00f6ffentlichung seines Deb\u00fct-Albums beim M\u00fcnchner Label geplant. Bereits am 26. November erscheint seine erste Single \u201eMidnight Lady\u201c bei TELAMO.<\/p>\n<p>&nbsp;<\/p>\n<p>&nbsp;<\/p>\n<p style=\"text-align: justify;\"><strong>Davin Herbr\u00fcggen:<\/strong> \u201e<em>Bereits mit dem Sieg bei DSDS bin ich meinem Ziel, die Musik zu meinem Beruf machen zu k\u00f6nnen, ein gro\u00dfes St\u00fcck n\u00e4hergekommen. Gemeinsam mit TELAMO werde ich jetzt meine weitere musikalische Zukunft planen und freue mich schon sehr auf die Zusammenarbeit!\u201c.<\/em><\/p>\n<p>&nbsp;<\/p>\n<p style=\"text-align: justify;\"><strong>Ken Otremba, TELAMO-Gesch\u00e4ftsf\u00fchrer:<\/strong> <em>\u201eDavin hat ein gro\u00dfes Talent. Wir freuen uns, seine weiteren musikalischen Schritte als Labelpartner begleiten zu k\u00f6nnen.&#8220;<br \/>\n<\/em><\/p>\n<p>&nbsp;<\/p>\n<p>&nbsp;<\/p>\n<p style=\"text-align: justify;\">Der 1998 in Oberhausen geborene S\u00e4nger begann nach der Mittleren Reife eine Ausbildung zum Altenpfleger. Nach seinem Sieg bei der 16. Staffel \u201eDeutschland sucht den Superstar\u201c schaffte Davin Herbr\u00fcggen mit der Single \u201eRiver\u201c den Sprung in die Top 50 der Charts. Es folgten zahlreiche Auftritte, u.a. war er Gast bei der Abschiedstournee der Lochis. Auch digital w\u00e4chst seine Fangemeinde stetig, mehr als 70k Fans folgen Davin auf Instagram.<\/p>\n<p>&nbsp;<\/p>\n<figure id=\"attachment_174979\" aria-describedby=\"caption-attachment-174979\" style=\"width: 800px\" class=\"wp-caption alignnone\"><img decoding=\"async\" loading=\"lazy\" class=\"size-full wp-image-174979\" src=\"https:\/\/smago.de\/ws2\/wp-content\/uploads\/2021\/11\/Ken-Otremba_Davin-HerbrueggenA\u00a9Telamo.jpeg\" alt=\"\" width=\"800\" height=\"530\" srcset=\"https:\/\/smago.de\/ws2\/wp-content\/uploads\/2021\/11\/Ken-Otremba_Davin-HerbrueggenA\u00a9Telamo.jpeg 800w, https:\/\/smago.de\/ws2\/wp-content\/uploads\/2021\/11\/Ken-Otremba_Davin-HerbrueggenA\u00a9Telamo-522x346.jpeg 522w, https:\/\/smago.de\/ws2\/wp-content\/uploads\/2021\/11\/Ken-Otremba_Davin-HerbrueggenA\u00a9Telamo-226x150.jpeg 226w, https:\/\/smago.de\/ws2\/wp-content\/uploads\/2021\/11\/Ken-Otremba_Davin-HerbrueggenA\u00a9Telamo-768x509.jpeg 768w, https:\/\/smago.de\/ws2\/wp-content\/uploads\/2021\/11\/Ken-Otremba_Davin-HerbrueggenA\u00a9Telamo-392x260.jpeg 392w, https:\/\/smago.de\/ws2\/wp-content\/uploads\/2021\/11\/Ken-Otremba_Davin-HerbrueggenA\u00a9Telamo-130x86.jpeg 130w, https:\/\/smago.de\/ws2\/wp-content\/uploads\/2021\/11\/Ken-Otremba_Davin-HerbrueggenA\u00a9Telamo-672x445.jpeg 672w, https:\/\/smago.de\/ws2\/wp-content\/uploads\/2021\/11\/Ken-Otremba_Davin-HerbrueggenA\u00a9Telamo-788x522.jpeg 788w, https:\/\/smago.de\/ws2\/wp-content\/uploads\/2021\/11\/Ken-Otremba_Davin-HerbrueggenA\u00a9Telamo-287x190.jpeg 287w, https:\/\/smago.de\/ws2\/wp-content\/uploads\/2021\/11\/Ken-Otremba_Davin-HerbrueggenA\u00a9Telamo-435x288.jpeg 435w, https:\/\/smago.de\/ws2\/wp-content\/uploads\/2021\/11\/Ken-Otremba_Davin-HerbrueggenA\u00a9Telamo-150x100.jpeg 150w\" sizes=\"(max-width: 800px) 100vw, 800px\" \/><figcaption id=\"caption-attachment-174979\" class=\"wp-caption-text\"><em>Foto-Credit: TELAMO<\/em><\/figcaption><\/figure>\n","protected":false},"excerpt":{"rendered":"<p>Nach seinem Sieg bei &#8222;Deutschland sucht den Superstar&#8220; war Davin Herbr\u00fcggen u. a. musikalischer Gast bei der Abschiedstournee der \u201eLochis\u201c!<\/p>\n","protected":false},"author":2,"featured_media":174979,"comment_status":"open","ping_status":"closed","sticky":false,"template":"","format":"standard","meta":{"_FSMCFIC_featured_image_caption":"","_FSMCFIC_featured_image_nocaption":"","_FSMCFIC_featured_image_hide":""},"categories":[27],"tags":[2312],"acf":[],"_links":{"self":[{"href":"https:\/\/smago.de\/ws2\/wp-json\/wp\/v2\/posts\/174977"}],"collection":[{"href":"https:\/\/smago.de\/ws2\/wp-json\/wp\/v2\/posts"}],"about":[{"href":"https:\/\/smago.de\/ws2\/wp-json\/wp\/v2\/types\/post"}],"author":[{"embeddable":true,"href":"https:\/\/smago.de\/ws2\/wp-json\/wp\/v2\/users\/2"}],"replies":[{"embeddable":true,"href":"https:\/\/smago.de\/ws2\/wp-json\/wp\/v2\/comments?post=174977"}],"version-history":[{"count":4,"href":"https:\/\/smago.de\/ws2\/wp-json\/wp\/v2\/posts\/174977\/revisions"}],"predecessor-version":[{"id":174983,"href":"https:\/\/smago.de\/ws2\/wp-json\/wp\/v2\/posts\/174977\/revisions\/174983"}],"wp:featuredmedia":[{"embeddable":true,"href":"https:\/\/smago.de\/ws2\/wp-json\/wp\/v2\/media\/174979"}],"wp:attachment":[{"href":"https:\/\/smago.de\/ws2\/wp-json\/wp\/v2\/media?parent=174977"}],"wp:term":[{"taxonomy":"category","embeddable":true,"href":"https:\/\/smago.de\/ws2\/wp-json\/wp\/v2\/categories?post=174977"},{"taxonomy":"post_tag","embeddable":true,"href":"https:\/\/smago.de\/ws2\/wp-json\/wp\/v2\/tags?post=174977"}],"curies":[{"name":"wp","href":"https:\/\/api.w.org\/{rel}","templated":true}]}}