{"id":174755,"date":"2021-11-18T23:59:50","date_gmt":"2021-11-18T22:59:50","guid":{"rendered":"https:\/\/smago.de\/ws2\/?p=174755"},"modified":"2021-11-18T20:55:59","modified_gmt":"2021-11-18T19:55:59","slug":"lea-u-a-fr-19-11-2021-in-der-talk-show-koelner-treff-zu-gast","status":"publish","type":"post","link":"https:\/\/smago.de\/ws2\/pop\/lea-u-a-fr-19-11-2021-in-der-talk-show-koelner-treff-zu-gast\/","title":{"rendered":"LEA u.a. <br>Fr. (19.11.2021) in der Talk-Show &#8222;K\u00f6lner Treff&#8220; zu Gast!"},"content":{"rendered":"<p>WDR Fernsehen, 22:00 Uhr &#8211; 23:30 Uhr (Wh.: 21.11., 10:05 Uhr &#8211; 11:35 Uhr)!<br \/>\n<!--more--><\/p>\n<p>&nbsp;<\/p>\n<p>&nbsp;<\/p>\n<p>&nbsp;<\/p>\n<p>&nbsp;<\/p>\n<p style=\"text-align: justify;\"><strong>Bettina B\u00f6ttinger begr\u00fc\u00dft folgende G\u00e4ste:<\/strong><\/p>\n<p>&nbsp;<\/p>\n<p>&nbsp;<\/p>\n<p>&nbsp;<\/p>\n<p>&nbsp;<\/p>\n<p><strong>Lang Lang<\/strong><\/p>\n<p style=\"text-align: justify;\">Schon mit drei Jahren begann der Ausnahmemusiker am Konservatorium in seiner chinesischen Heimat mit dem Klavierunterricht. Als F\u00fcnfj\u00e4hriger gewann er seinen ersten Wettbewerb. Mit neun zog er mit dem Vater nach Peking, wo er ein Stipendium f\u00fcr hochbegabte Kinder erhielt und die Grundlage f\u00fcr seinen sp\u00e4teren Aufstieg zu einem der erfolgreichsten Pianisten der Gegenwart legte. Im letzten Jahr erf\u00fcllte der Klavier-Virtuose sich einen lang gehegten Traum und spielte Bachs Goldberg-Variationen ein. Im K\u00f6lner Treff gibt er nun eine kleine Kostprobe seines K\u00f6nnens.<\/p>\n<p>&nbsp;<\/p>\n<p>&nbsp;<\/p>\n<p>&nbsp;<\/p>\n<p>&nbsp;<\/p>\n<p><strong>Barbara Wussow &amp; Nikolaus Fortelni<\/strong><\/p>\n<p style=\"text-align: justify;\">Schauspielerin Barbara Wussow und ihr Sohn, der Magier Nikolaus Fortelni, treten erstmals gemeinsam im deutschen TV auf. Die Mutter ist ganz in die Schauspieltradition ihrer Eltern geschl\u00fcpft und feiert nun als &#8222;Hotel-Direktorin&#8220; im Dezember &#8222;40 Jahre Traumschiff&#8220;. Auch Sohn Nikolaus hat die B\u00fchne f\u00fcr sich entdeckt, wobei er nicht als Schauspieler sondern als Magier zu verzaubern wei\u00df. Was mit dem klassischen Zauberkasten zu Weihnachten und Kartentricks begann, ist heute seine gro\u00dfe Passion. Dar\u00fcber und was beide an &#8222;Hotel Mama&#8220; zu sch\u00e4tzen wissen, erz\u00e4hlen die beiden im K\u00f6lner Treff.<\/p>\n<p>&nbsp;<\/p>\n<p>&nbsp;<\/p>\n<p>&nbsp;<\/p>\n<p>&nbsp;<\/p>\n<p><strong>LEA<\/strong><\/p>\n<p style=\"text-align: justify;\">Als Tochter eines Musiktherapeuten hat sie Musik im Blut und landete schon im Alter von 15 Jahren ihren ersten YouTube-Hit. Dass LEA mittlerweile mit ihren Songs mehr als 80 Millionen Menschen erreicht, liegt an ihrer einzigartigen Stimme und ihrer Einf\u00fchlsamkeit. So ist es nur konsequent, dass sie regelm\u00e4\u00dfig Musikpreise wie die 1Live Krone gewinnt und ihr vielf\u00e4ltiges musikalisches Talent an der Seite von Rapper Capital Bra oder Max Raabe unter Beweis stellt. Im K\u00f6lner Treff erz\u00e4hlt die Ausnahmek\u00fcnstlerin \u00fcber &#8222;Dicke Socken&#8220;, Selbstzweifel und Wohnzimmerkonzerte bei ihren Eltern in Kassel.<\/p>\n<p>&nbsp;<\/p>\n<p>&nbsp;<\/p>\n<p>&nbsp;<\/p>\n<p>&nbsp;<\/p>\n<p><strong>Bruce Darnell<\/strong><\/p>\n<p style=\"text-align: justify;\">Seit 15 Jahren unterh\u00e4lt er das deutsche TV-Publikum, bis vor kurzem noch als Juror bei &#8222;Das Supertalent&#8220; und demn\u00e4chst sogar mit seiner eigenen TV-Show. Bekannt ist Bruce Darnell f\u00fcr seine Spontaneit\u00e4t, seine legend\u00e4ren Spr\u00fcche und nicht zu vergessen sein au\u00dfergew\u00f6hnliches, elegantes Styling. Doch war in seinem Leben nicht immer alles nur Glitzer und Glamour: bevor er auf den Laufstegen der Welt Karriere machte, diente er jahrelang als Fallschirmj\u00e4ger bei der US-Army. Warum Bruce Darnell einst Springerstiefel gegen High-Heels tauschte und welche H\u00f6hen und Tiefen ihn zu dem gemacht haben, der er heute ist, erfahren wir im K\u00f6lner Treff.<\/p>\n<p>&nbsp;<\/p>\n<p>&nbsp;<\/p>\n<p>&nbsp;<\/p>\n<p>&nbsp;<\/p>\n<p><strong>Rita Falk<\/strong><\/p>\n<p style=\"text-align: justify;\">Mit ihren schwarzhumorigen Krimis um den bayerischen Polizisten Eberhofer begeistert Autorin Rita Falk regelm\u00e4\u00dfig Millionen Leser:innen und Kinobesucher:innen. Aber auch ihre eigene Geschichte von der arbeitslosen B\u00fcroangestellten, die beinahe \u00fcber Nacht zur Bestseller-Autorin avancierte, mutet beinahe romanhaft an! Im K\u00f6lner Treff erz\u00e4hlt Rita Falk aus Leben und Karriere. Und sie stellt uns ein Herzensprojekt vor: Mit &#8222;Hannes&#8220;, der jetzt in die Kinos kommt, wurde ein fr\u00fcherer Roman aus ihrer Feder verfilmt.<\/p>\n<p>&nbsp;<\/p>\n<p>&nbsp;<\/p>\n<p>&nbsp;<\/p>\n<p>&nbsp;<\/p>\n<p><strong>Sebastian Klussmann<\/strong><\/p>\n<p style=\"text-align: justify;\">Schlau, schlauer&#8230;Sebastian Klussmann! Quizbegeisterten Zuschauer:innen d\u00fcrfte Sebastian Klussmann l\u00e4ngst ein Begriff sein, schlie\u00dflich stellt er sein Wissen regelm\u00e4\u00dfig als &#8222;J\u00e4ger&#8220; bei den Kolleg:innen von &#8222;Gefragt. Gejagt&#8220; unter Beweis. Aber Klussmann ist noch viel mehr: So darf er sich amtierender Quiz-Europameister nennen und gibt sein Wissen auch als Speaker weiter. Warum ein gutes Allgemeinwissen hilfreich ist, wie man schnell und einfach neues Wissen lernen kann und woher seine Liebe f\u00fcr knallbunte Hemden und Anz\u00fcge r\u00fchrt, verr\u00e4t der 32-J\u00e4hrige im K\u00f6lner Treff.<\/p>\n<p>&nbsp;<\/p>\n<p>&nbsp;<\/p>\n<figure id=\"attachment_167895\" aria-describedby=\"caption-attachment-167895\" style=\"width: 800px\" class=\"wp-caption alignnone\"><img decoding=\"async\" loading=\"lazy\" class=\"size-large wp-image-167895\" src=\"https:\/\/smago.de\/ws2\/wp-content\/uploads\/2021\/07\/1_Koelner_Treff_PW2721-800x528.jpg\" alt=\"\" width=\"800\" height=\"528\" srcset=\"https:\/\/smago.de\/ws2\/wp-content\/uploads\/2021\/07\/1_Koelner_Treff_PW2721-800x528.jpg 800w, https:\/\/smago.de\/ws2\/wp-content\/uploads\/2021\/07\/1_Koelner_Treff_PW2721-522x345.jpg 522w, https:\/\/smago.de\/ws2\/wp-content\/uploads\/2021\/07\/1_Koelner_Treff_PW2721-227x150.jpg 227w, https:\/\/smago.de\/ws2\/wp-content\/uploads\/2021\/07\/1_Koelner_Treff_PW2721-768x507.jpg 768w, https:\/\/smago.de\/ws2\/wp-content\/uploads\/2021\/07\/1_Koelner_Treff_PW2721-1536x1014.jpg 1536w, https:\/\/smago.de\/ws2\/wp-content\/uploads\/2021\/07\/1_Koelner_Treff_PW2721-2048x1352.jpg 2048w, https:\/\/smago.de\/ws2\/wp-content\/uploads\/2021\/07\/1_Koelner_Treff_PW2721-392x259.jpg 392w, https:\/\/smago.de\/ws2\/wp-content\/uploads\/2021\/07\/1_Koelner_Treff_PW2721-130x86.jpg 130w, https:\/\/smago.de\/ws2\/wp-content\/uploads\/2021\/07\/1_Koelner_Treff_PW2721-674x445.jpg 674w, https:\/\/smago.de\/ws2\/wp-content\/uploads\/2021\/07\/1_Koelner_Treff_PW2721-791x522.jpg 791w, https:\/\/smago.de\/ws2\/wp-content\/uploads\/2021\/07\/1_Koelner_Treff_PW2721-288x190.jpg 288w, https:\/\/smago.de\/ws2\/wp-content\/uploads\/2021\/07\/1_Koelner_Treff_PW2721-435x287.jpg 435w, https:\/\/smago.de\/ws2\/wp-content\/uploads\/2021\/07\/1_Koelner_Treff_PW2721-150x100.jpg 150w\" sizes=\"(max-width: 800px) 100vw, 800px\" \/><figcaption id=\"caption-attachment-167895\" class=\"wp-caption-text\"><em>\u00a9 WDR \/ Melanie Grande<\/em><\/figcaption><\/figure>\n","protected":false},"excerpt":{"rendered":"<p>WDR Fernsehen, 22:00 Uhr &#8211; 23:30 Uhr (Wh.: 21.11., 10:05 Uhr &#8211; 11:35 Uhr)!<\/p>\n","protected":false},"author":2,"featured_media":150736,"comment_status":"open","ping_status":"closed","sticky":false,"template":"","format":"standard","meta":{"_FSMCFIC_featured_image_caption":"","_FSMCFIC_featured_image_nocaption":"","_FSMCFIC_featured_image_hide":""},"categories":[27,128],"tags":[129],"acf":[],"_links":{"self":[{"href":"https:\/\/smago.de\/ws2\/wp-json\/wp\/v2\/posts\/174755"}],"collection":[{"href":"https:\/\/smago.de\/ws2\/wp-json\/wp\/v2\/posts"}],"about":[{"href":"https:\/\/smago.de\/ws2\/wp-json\/wp\/v2\/types\/post"}],"author":[{"embeddable":true,"href":"https:\/\/smago.de\/ws2\/wp-json\/wp\/v2\/users\/2"}],"replies":[{"embeddable":true,"href":"https:\/\/smago.de\/ws2\/wp-json\/wp\/v2\/comments?post=174755"}],"version-history":[{"count":2,"href":"https:\/\/smago.de\/ws2\/wp-json\/wp\/v2\/posts\/174755\/revisions"}],"predecessor-version":[{"id":174757,"href":"https:\/\/smago.de\/ws2\/wp-json\/wp\/v2\/posts\/174755\/revisions\/174757"}],"wp:featuredmedia":[{"embeddable":true,"href":"https:\/\/smago.de\/ws2\/wp-json\/wp\/v2\/media\/150736"}],"wp:attachment":[{"href":"https:\/\/smago.de\/ws2\/wp-json\/wp\/v2\/media?parent=174755"}],"wp:term":[{"taxonomy":"category","embeddable":true,"href":"https:\/\/smago.de\/ws2\/wp-json\/wp\/v2\/categories?post=174755"},{"taxonomy":"post_tag","embeddable":true,"href":"https:\/\/smago.de\/ws2\/wp-json\/wp\/v2\/tags?post=174755"}],"curies":[{"name":"wp","href":"https:\/\/api.w.org\/{rel}","templated":true}]}}