{"id":174281,"date":"2021-11-12T00:00:15","date_gmt":"2021-11-11T23:00:15","guid":{"rendered":"https:\/\/smago.de\/ws2\/?p=174281"},"modified":"2021-11-10T23:59:11","modified_gmt":"2021-11-10T22:59:11","slug":"howard-carpendale-u-a-heute-12-11-2021-in-der-ndr-talk-show-zu-gast","status":"publish","type":"post","link":"https:\/\/smago.de\/ws2\/schlager\/howard-carpendale-u-a-heute-12-11-2021-in-der-ndr-talk-show-zu-gast\/","title":{"rendered":"HOWARD CARPENDALE u.a. <br>Heute (12.11.2021) in der &#8222;NDR Talk Show&#8220; zu Gast!"},"content":{"rendered":"<p>NDR fernsehen + hr fernsehen, 22:00 Uhr &#8211; 00:00 Uhr!\u00a0Barbara Sch\u00f6neberger und Hubertus Meyer-Burckhardt begr\u00fc\u00dfen in der &#8222;NDR Talk Show&#8220; aus Hamburg &#8230;:<br \/>\n<!--more--><\/p>\n<p>&nbsp;<\/p>\n<p>&nbsp;<\/p>\n<h2 style=\"text-align: justify;\"><\/h2>\n<h2 style=\"text-align: justify;\">Ralf Schmitz, Comedian<\/h2>\n<p>&nbsp;<\/p>\n<p>&nbsp;<\/p>\n<div class=\"contentimage w50\" style=\"text-align: justify;\"><\/div>\n<p style=\"text-align: justify;\">Dass Ralf Schmitz einmal ein preisgekr\u00f6nter Comedian werden w\u00fcrde, zeichnete sich schon fr\u00fch ab: In der Schule begeisterte der schlagfertige Leverkusener die Mitsch\u00fcler als Klassenclown &#8211; und trieb seine Lehrer zur Wei\u00dfglut. Mittlerweile ist er eine feste Gr\u00f6\u00dfe der Comedyszene und statt einiger Mitsch\u00fcler jubeln ihm die Fans in ausverkaufen Hallen zu. Gelegenheit dazu haben sie bei der anstehenden &#8222;Schmitzefrei&#8220;-Tournee. Wie er die auftrittsfreie Zeit \u00fcberbr\u00fcckt hat und was es bei ihm trotzdem zu lachen gab, davon berichtet Schmitz in der NDR Talk Show.<\/p>\n<p>&nbsp;<\/p>\n<p>&nbsp;<\/p>\n<p>&nbsp;<\/p>\n<p>&nbsp;<\/p>\n<h2 style=\"text-align: justify;\">Howard Carpendale, S\u00e4nger<\/h2>\n<p>&nbsp;<\/p>\n<p>&nbsp;<\/p>\n<div class=\"contentimage w50\" style=\"text-align: justify;\"><\/div>\n<p style=\"text-align: justify;\">Howard Carpendale kommt 1966 aus seiner Heimat S\u00fcdafrika zum ersten Mal nach Europa: In England will er Cricket-Profi werden. Doch daraus sollte nichts werden. Stattdessen wird er in den 60er-Jahren als S\u00e4nger in Deutschland zum Superstar &#8211; und wird es \u00fcber Jahrzehnte hinweg bis heute bleiben. In diesem Jahr wollte der 75-J\u00e4hrige mit seinem neuen Programm &#8222;Die Show meines Lebens&#8220; auf Tour gehen. Wegen der Pandemie sind die Shows auf 2022 verschoben worden. Ein kleiner Trost f\u00fcr seine Fans: Im November erscheint\u00a0mit &#8222;Happy Christmas&#8220; ein neues Album. Zusammen mit dem Royal Philharmonic Orchestra hat Carpendale in den Londoner Abbey Road Studios 15 weihnachtliche Songs aufgenommen. Wie, wo und mit wem er dieses Jahr Weihnachten verbringen wird, verr\u00e4t die Schlagerlegende in der NDR Talk Show.<\/p>\n<p>&nbsp;<\/p>\n<p>&nbsp;<\/p>\n<p>&nbsp;<\/p>\n<p>&nbsp;<\/p>\n<div class=\"contentbox list voll\" style=\"text-align: justify;\">\n<div class=\"teaser\">\n<div class=\"teaserimage\"><\/div>\n<\/div>\n<\/div>\n<h2 style=\"text-align: justify;\">Marion Kracht, Schauspielerin<\/h2>\n<p>&nbsp;<\/p>\n<p>&nbsp;<\/p>\n<div class=\"contentimage w50\" style=\"text-align: justify;\"><\/div>\n<p style=\"text-align: justify;\">n der Kinderserie &#8222;Das feuerrote Spielmobil&#8220; hatte sie einen ihrer ersten Fernsehauftritte, der endg\u00fcltige Durchbruch kam 1985 mit ihrer Rolle in &#8222;Diese Drombuschs&#8220;: Marion Kracht ist eine der beliebtesten Schauspielerinnen der deutschen TV- und Theaterlandschaft. Am 18. November wird die 58-j\u00e4hrige Wahl-Berlinerin in &#8222;Der Usedom Krimi&#8220; zu sehen sein. Wenn sie nicht im Rampenlicht steht, engagiert sich die Tr\u00e4gerin des Bundesverdienstkreuzes f\u00fcr viele soziale Zwecke. Warum ihr das so wichtig ist, verr\u00e4t sie in der NDR Talk Show.<\/p>\n<p>&nbsp;<\/p>\n<p>&nbsp;<\/p>\n<p>&nbsp;<\/p>\n<p>&nbsp;<\/p>\n<h2 style=\"text-align: justify;\">Florian Illies, Autor, Journalist und Kunsthistoriker<\/h2>\n<p>&nbsp;<\/p>\n<p>&nbsp;<\/p>\n<div class=\"contentimage w50\" style=\"text-align: justify;\"><\/div>\n<p style=\"text-align: justify;\">Mit seinem Bestseller &#8222;Generation Golf&#8220;, in dem er selbstironisch auf seine Jugend zur\u00fcckblickte, hat Florian Illies eine ganze Lesegeneration begeistert. Seine Kunst besteht darin, die Vergangenheit auf elegante Art in die lebendige Gegenwart zu \u00fcbertragen. Zuletzt hat er das mit dem Sachbuch &#8222;1913. Der Sommer des Jahrhunderts&#8220; getan. In seinem neuesten Werk &#8222;Liebe in Zeiten des Hasses&#8220; widmet er sich der Gef\u00fchlswelt zwischen 1929 und 1939. Der Journalist und Kunsthistoriker Florian Illies betreibt au\u00dferdem neuerdings einen Podcast gemeinsam mit Giovanni di Lorenzo, der den Titel &#8222;Augen zu&#8220; tr\u00e4gt und in dem sich die beiden \u00fcber Kunst unterhalten. In der NDR Talk Show wird Florian Illies uns daf\u00fcr hoffentlich die Augen \u00f6ffnen.<\/p>\n<p>&nbsp;<\/p>\n<p>&nbsp;<\/p>\n<p>&nbsp;<\/p>\n<p>&nbsp;<\/p>\n<h2 style=\"text-align: justify;\">Helke Brandt, Tierkommunikatorin und Grafikdesignerin<\/h2>\n<p>&nbsp;<\/p>\n<p>&nbsp;<\/p>\n<div class=\"contentimage w50\" style=\"text-align: justify;\"><\/div>\n<p style=\"text-align: justify;\">Gibt es etwas, dass Sie Ihr Haustier gerne fragen m\u00f6chten oder haben Sie das Gef\u00fchl, dass Ihr Tier versucht Ihnen etwas mitzuteilen? Das ist das Einsatzgebiet der Tierkommunikatorin Helke Brandt. Sie ist als Tochter einer Kulturp\u00e4dagogin und eines Tierarztes mitten im Zoo Hannover aufgewachsen. Viele Tiere, die von ihren M\u00fcttern versto\u00dfen wurden, hat sie mit ihren Eltern mit der Hand aufgezogen. Mit einem Jaguarbaby auf dem Scho\u00df Klavier zu spielen, mit einem jungen B\u00e4ren in der Badewanne zu liegen oder mit einer Ziege Ball zu spielen &#8211; all das war ganz normal. Diese Erfahrungen nutzt Helke Brandt jetzt, um herauszufinden, wie sich das Tier f\u00fchlt, und \u00fcbernimmt die Rolle einer \u00dcbersetzerin der Botschaften zwischen dem Tier und der Besitzer*in.<\/p>\n<p>&nbsp;<\/p>\n<p>&nbsp;<\/p>\n<p>&nbsp;<\/p>\n<p>&nbsp;<\/p>\n<h2 style=\"text-align: justify;\">Juliane von der Ohe, Diplom-Landwirtin<\/h2>\n<p>&nbsp;<\/p>\n<p>&nbsp;<\/p>\n<div class=\"contentimage w50\" style=\"text-align: justify;\"><\/div>\n<p style=\"text-align: justify;\"><a title=\"Link: Link zur offiziellen Website der ARD-Themenwoche 2021 Stadt.Land.Wandel\" href=\"https:\/\/www.br.de\/themenwoche\/index.html\" target=\"_blank\" rel=\"noopener\">&#8222;Stadt.Land.Wandel &#8211; Wo ist die Zukunft zu Hause?&#8220; fragt die 16. ARD-Themenwoche<\/a> (7. bis 13. November 2021) in Radio, Fernsehen, Online und Social Media. Ein Thema, dass die Landwirtin Juliane von der Ohe schon l\u00e4nger besch\u00e4ftigt: Die 61-j\u00e4hrige Nieders\u00e4chsin ist Landwirtin und &#8222;Cyborg&#8220;. Sie hat sich drei Chips implantieren lassen &#8211; zum \u00d6ffnen der T\u00fcr, Entsperren des Computers und zum Bezahlen. F\u00fcr manche Menschen ist die Vorstellung mit einem Mikrochip unter der Haut zu leben, eine Horrorvorstellung. F\u00fcr Juliane von der Ohe ist es eine Alltagserleichterung: Hand an den T\u00fcrknauf, kurz warten, schon ist die T\u00fcr offen &#8211; einen Schl\u00fcssel braucht sie nicht mehr. &#8222;Ich bin extrem schusselig und habe mich schon so extrem oft ausgesperrt und meinen Schl\u00fcssel nicht dabei gehabt, dass ich irgendwann gesagt habe: Ich brauche eine Technologie, die ich an der Frau habe&#8220;, sagt sie. Vor eineinhalb Jahren bekam die Landwirtin ihren ersten Chip, inzwischen sind es drei. Wie die Reaktionen ihrer Mitmenschen darauf sind und was sie als n\u00e4chstes plant, das erz\u00e4hlt Juliane von der Ohe in der NDR Talk Show.<\/p>\n<p>&nbsp;<\/p>\n<p>&nbsp;<\/p>\n<figure id=\"attachment_172717\" aria-describedby=\"caption-attachment-172717\" style=\"width: 800px\" class=\"wp-caption alignnone\"><img decoding=\"async\" loading=\"lazy\" class=\"size-large wp-image-172717\" src=\"https:\/\/smago.de\/ws2\/wp-content\/uploads\/2021\/10\/1_NDR_Talk_Show_2016-800x457.jpg\" alt=\"\" width=\"800\" height=\"457\" srcset=\"https:\/\/smago.de\/ws2\/wp-content\/uploads\/2021\/10\/1_NDR_Talk_Show_2016-800x457.jpg 800w, https:\/\/smago.de\/ws2\/wp-content\/uploads\/2021\/10\/1_NDR_Talk_Show_2016-522x298.jpg 522w, https:\/\/smago.de\/ws2\/wp-content\/uploads\/2021\/10\/1_NDR_Talk_Show_2016-263x150.jpg 263w, https:\/\/smago.de\/ws2\/wp-content\/uploads\/2021\/10\/1_NDR_Talk_Show_2016-768x439.jpg 768w, https:\/\/smago.de\/ws2\/wp-content\/uploads\/2021\/10\/1_NDR_Talk_Show_2016-1536x878.jpg 1536w, https:\/\/smago.de\/ws2\/wp-content\/uploads\/2021\/10\/1_NDR_Talk_Show_2016-2048x1170.jpg 2048w, https:\/\/smago.de\/ws2\/wp-content\/uploads\/2021\/10\/1_NDR_Talk_Show_2016-392x224.jpg 392w, https:\/\/smago.de\/ws2\/wp-content\/uploads\/2021\/10\/1_NDR_Talk_Show_2016-130x74.jpg 130w, https:\/\/smago.de\/ws2\/wp-content\/uploads\/2021\/10\/1_NDR_Talk_Show_2016-779x445.jpg 779w, https:\/\/smago.de\/ws2\/wp-content\/uploads\/2021\/10\/1_NDR_Talk_Show_2016-870x497.jpg 870w, https:\/\/smago.de\/ws2\/wp-content\/uploads\/2021\/10\/1_NDR_Talk_Show_2016-292x167.jpg 292w, https:\/\/smago.de\/ws2\/wp-content\/uploads\/2021\/10\/1_NDR_Talk_Show_2016-435x249.jpg 435w, https:\/\/smago.de\/ws2\/wp-content\/uploads\/2021\/10\/1_NDR_Talk_Show_2016-510x290.jpg 510w\" sizes=\"(max-width: 800px) 100vw, 800px\" \/><figcaption id=\"caption-attachment-172717\" class=\"wp-caption-text\"><em>\u00a9 NDR \/ Uwe Ernst<\/em><\/figcaption><\/figure>\n","protected":false},"excerpt":{"rendered":"<p>NDR fernsehen + hr fernsehen, 22:00 Uhr &#8211; 00:00 Uhr!\u00a0Barbara Sch\u00f6neberger und Hubertus Meyer-Burckhardt begr\u00fc\u00dfen in der &#8222;NDR Talk Show&#8220;<\/p>\n","protected":false},"author":2,"featured_media":162956,"comment_status":"open","ping_status":"closed","sticky":false,"template":"","format":"standard","meta":{"_FSMCFIC_featured_image_caption":"","_FSMCFIC_featured_image_nocaption":"","_FSMCFIC_featured_image_hide":""},"categories":[29,128],"tags":[254],"acf":[],"_links":{"self":[{"href":"https:\/\/smago.de\/ws2\/wp-json\/wp\/v2\/posts\/174281"}],"collection":[{"href":"https:\/\/smago.de\/ws2\/wp-json\/wp\/v2\/posts"}],"about":[{"href":"https:\/\/smago.de\/ws2\/wp-json\/wp\/v2\/types\/post"}],"author":[{"embeddable":true,"href":"https:\/\/smago.de\/ws2\/wp-json\/wp\/v2\/users\/2"}],"replies":[{"embeddable":true,"href":"https:\/\/smago.de\/ws2\/wp-json\/wp\/v2\/comments?post=174281"}],"version-history":[{"count":1,"href":"https:\/\/smago.de\/ws2\/wp-json\/wp\/v2\/posts\/174281\/revisions"}],"predecessor-version":[{"id":174282,"href":"https:\/\/smago.de\/ws2\/wp-json\/wp\/v2\/posts\/174281\/revisions\/174282"}],"wp:featuredmedia":[{"embeddable":true,"href":"https:\/\/smago.de\/ws2\/wp-json\/wp\/v2\/media\/162956"}],"wp:attachment":[{"href":"https:\/\/smago.de\/ws2\/wp-json\/wp\/v2\/media?parent=174281"}],"wp:term":[{"taxonomy":"category","embeddable":true,"href":"https:\/\/smago.de\/ws2\/wp-json\/wp\/v2\/categories?post=174281"},{"taxonomy":"post_tag","embeddable":true,"href":"https:\/\/smago.de\/ws2\/wp-json\/wp\/v2\/tags?post=174281"}],"curies":[{"name":"wp","href":"https:\/\/api.w.org\/{rel}","templated":true}]}}