{"id":174196,"date":"2021-11-10T00:00:12","date_gmt":"2021-11-09T23:00:12","guid":{"rendered":"https:\/\/smago.de\/ws2\/?p=174196"},"modified":"2021-11-09T23:13:06","modified_gmt":"2021-11-09T22:13:06","slug":"marc-marshall-lippenbekenntnisse-brauchen-wir-als-freischaffende-kuenstler-keine-mehr","status":"publish","type":"post","link":"https:\/\/smago.de\/ws2\/schlager\/marc-marshall-lippenbekenntnisse-brauchen-wir-als-freischaffende-kuenstler-keine-mehr\/","title":{"rendered":"MARC MARSHALL <br>&#8222;Lippenbekenntnisse brauchen wir als freischaffende K\u00fcnstler keine mehr!&#8220;"},"content":{"rendered":"<p>Warum er jedoch auch seine Fans ein St\u00fcck weit mit in die Pflicht nimmt &#8230;:<br \/>\n<!--more--><\/p>\n<p style=\"text-align: justify;\">\n<p style=\"text-align: justify;\">\n<p style=\"text-align: justify;\"><em>Es wird spannend: <\/em><\/p>\n<p style=\"text-align: justify;\"><em>Ich habe f\u00fcr die n\u00e4chsten 2,5 Monate, bis 2.2.2022, f\u00fcnf verschiedene Programme f\u00fcr 50 Konzerte vorbereitet. <\/em><\/p>\n<p style=\"text-align: justify;\"><em>Das kann nur gelingen, wenn sich mein Publikum zu dem Wunsch, Livemusik hautnah zu erleben, bekennt und Tickets kauft. <\/em><\/p>\n<p style=\"text-align: justify;\"><em>Lippenbekenntnisse brauchen wir als freischaffende K\u00fcnstler keine mehr. <\/em><\/p>\n<p style=\"text-align: justify;\"><em>Ich bin Optimist und glaube an meine innere St\u00e4rke. Ich bin auch bereit weiter zu k\u00e4mpfen. <\/em><\/p>\n<p style=\"text-align: justify;\"><em>Mich nerven allerdings die Menschen, die schimpfen, schimpfen und schimpfen, aber keine L\u00f6sungen parat haben. <\/em><\/p>\n<p style=\"text-align: justify;\"><em>Und zwar L\u00f6sungen, die f\u00fcr uns alle vern\u00fcnftig und nachvollziehbar sind. <\/em><\/p>\n<p style=\"text-align: justify;\"><em>Ich selbst kann mir nicht vorstellen , dass es eine solche all umfassende L\u00f6sung zu den Pandemiefragen tats\u00e4chlich gibt.<\/em><\/p>\n<p style=\"text-align: justify;\"><em>Darum bleibe ich bei mir, arbeite so konzentriert wie m\u00f6glich, auch wenn ich wei\u00df, dass meine mentalen, physischen und wirtschaftlichen Ressourcen auch endlich sind. <\/em><\/p>\n<p style=\"text-align: justify;\"><em>Wir sehen uns hoffentlich bei den anstehenden Konzerten. <\/em><\/p>\n<p style=\"text-align: justify;\"><em>Infos: <strong><a class=\"oajrlxb2 g5ia77u1 qu0x051f esr5mh6w e9989ue4 r7d6kgcz rq0escxv nhd2j8a9 nc684nl6 p7hjln8o kvgmc6g5 cxmmr5t8 oygrvhab hcukyx3x jb3vyjys rz4wbd8a qt6c0cv9 a8nywdso i1ao9s8h esuyzwwr f1sip0of lzcic4wl py34i1dx gpro0wi8\" tabindex=\"0\" role=\"link\" href=\"http:\/\/www.marcmarshall.de\/?fbclid=IwAR3VBzVLxP2vP1Zt7q7yruNzepJIpnFTA5dnvLhJrlq3FU8Yi9MHEj22waI\" target=\"_blank\" rel=\"nofollow noopener\">www.marcmarshall.de<\/a><\/strong><\/em><\/p>\n<p style=\"text-align: justify;\"><em>Euer Marc<\/em><\/p>\n<p>&nbsp;<\/p>\n<p>&nbsp;<\/p>\n<p>&nbsp;<\/p>\n<figure id=\"attachment_174197\" aria-describedby=\"caption-attachment-174197\" style=\"width: 640px\" class=\"wp-caption alignnone\"><img decoding=\"async\" loading=\"lazy\" class=\"size-large wp-image-174197\" src=\"https:\/\/smago.de\/ws2\/wp-content\/uploads\/2021\/11\/marshall_marc-640x800.jpg\" alt=\"\" width=\"640\" height=\"800\" srcset=\"https:\/\/smago.de\/ws2\/wp-content\/uploads\/2021\/11\/marshall_marc-640x800.jpg 640w, https:\/\/smago.de\/ws2\/wp-content\/uploads\/2021\/11\/marshall_marc-417x522.jpg 417w, https:\/\/smago.de\/ws2\/wp-content\/uploads\/2021\/11\/marshall_marc-120x150.jpg 120w, https:\/\/smago.de\/ws2\/wp-content\/uploads\/2021\/11\/marshall_marc-768x960.jpg 768w, https:\/\/smago.de\/ws2\/wp-content\/uploads\/2021\/11\/marshall_marc-217x272.jpg 217w, https:\/\/smago.de\/ws2\/wp-content\/uploads\/2021\/11\/marshall_marc-480x600.jpg 480w, https:\/\/smago.de\/ws2\/wp-content\/uploads\/2021\/11\/marshall_marc-104x130.jpg 104w, https:\/\/smago.de\/ws2\/wp-content\/uploads\/2021\/11\/marshall_marc-356x445.jpg 356w, https:\/\/smago.de\/ws2\/wp-content\/uploads\/2021\/11\/marshall_marc-152x190.jpg 152w, https:\/\/smago.de\/ws2\/wp-content\/uploads\/2021\/11\/marshall_marc-232x290.jpg 232w, https:\/\/smago.de\/ws2\/wp-content\/uploads\/2021\/11\/marshall_marc.jpg 782w\" sizes=\"(max-width: 640px) 100vw, 640px\" \/><figcaption id=\"caption-attachment-174197\" class=\"wp-caption-text\"><em>Foto-Credit: <strong><a href=\"https:\/\/www.facebook.com\/marcmarshallofficial\">Facebook-Seite von Marc Marshall<\/a><\/strong><\/em><\/figcaption><\/figure>\n","protected":false},"excerpt":{"rendered":"<p>Warum er jedoch auch seine Fans ein St\u00fcck weit mit in die Pflicht nimmt &#8230;:<\/p>\n","protected":false},"author":2,"featured_media":174197,"comment_status":"open","ping_status":"closed","sticky":false,"template":"","format":"standard","meta":{"_FSMCFIC_featured_image_caption":"","_FSMCFIC_featured_image_nocaption":"","_FSMCFIC_featured_image_hide":""},"categories":[29],"tags":[997],"acf":[],"_links":{"self":[{"href":"https:\/\/smago.de\/ws2\/wp-json\/wp\/v2\/posts\/174196"}],"collection":[{"href":"https:\/\/smago.de\/ws2\/wp-json\/wp\/v2\/posts"}],"about":[{"href":"https:\/\/smago.de\/ws2\/wp-json\/wp\/v2\/types\/post"}],"author":[{"embeddable":true,"href":"https:\/\/smago.de\/ws2\/wp-json\/wp\/v2\/users\/2"}],"replies":[{"embeddable":true,"href":"https:\/\/smago.de\/ws2\/wp-json\/wp\/v2\/comments?post=174196"}],"version-history":[{"count":2,"href":"https:\/\/smago.de\/ws2\/wp-json\/wp\/v2\/posts\/174196\/revisions"}],"predecessor-version":[{"id":174199,"href":"https:\/\/smago.de\/ws2\/wp-json\/wp\/v2\/posts\/174196\/revisions\/174199"}],"wp:featuredmedia":[{"embeddable":true,"href":"https:\/\/smago.de\/ws2\/wp-json\/wp\/v2\/media\/174197"}],"wp:attachment":[{"href":"https:\/\/smago.de\/ws2\/wp-json\/wp\/v2\/media?parent=174196"}],"wp:term":[{"taxonomy":"category","embeddable":true,"href":"https:\/\/smago.de\/ws2\/wp-json\/wp\/v2\/categories?post=174196"},{"taxonomy":"post_tag","embeddable":true,"href":"https:\/\/smago.de\/ws2\/wp-json\/wp\/v2\/tags?post=174196"}],"curies":[{"name":"wp","href":"https:\/\/api.w.org\/{rel}","templated":true}]}}