{"id":174193,"date":"2021-11-10T00:00:30","date_gmt":"2021-11-09T23:00:30","guid":{"rendered":"https:\/\/smago.de\/ws2\/?p=174193"},"modified":"2021-11-09T23:09:36","modified_gmt":"2021-11-09T22:09:36","slug":"peter-sebastian-mutiges-impf-plaedoyer-von-peter-sebastian","status":"publish","type":"post","link":"https:\/\/smago.de\/ws2\/schlager\/peter-sebastian-mutiges-impf-plaedoyer-von-peter-sebastian\/","title":{"rendered":"PETER SEBASTIAN <br>Mutiges Impf-Pl\u00e4doyer von Peter Sebastian!"},"content":{"rendered":"<p>Was ihn die Hutschnur hochgehen l\u00e4sst &#8230;:<br \/>\n<!--more--><\/p>\n<p>&nbsp;<\/p>\n<div class=\"kvgmc6g5 cxmmr5t8 oygrvhab hcukyx3x c1et5uql ii04i59q\">\n<div dir=\"auto\" style=\"text-align: justify;\"><em>Viele, ich z\u00e4hle mich dazu, sind es leid und wollen es nicht mehr wahrhaben. Seit 20 Monaten plagen wir uns mit diesem Mist herum, wir haben Geduld bewiesen, reichhaltig Verzicht ge\u00fcbt und haben beobachtet, dass Menschen daran gestorben sind. Wir tragen \u00c4ngste immer noch in uns und haben stellenweise das politisches Chaos erduldet. Auf den Kopf gestellt wird aber auch unser stabiles Gesundheitssystem.<\/em><\/p>\n<\/div>\n<\/div>\n<div class=\"o9v6fnle cxmmr5t8 oygrvhab hcukyx3x c1et5uql ii04i59q\" style=\"text-align: justify;\">\n<div dir=\"auto\"><em>Wenn man der Statistik Vertrauen schenken kann, sind momentan 66,6 Prozent der Bev\u00f6lkerung in Deutschland vollst\u00e4ndig gegen das Coronavirus geimpft, tragen Maske, verhalten sich umsichtig, doch der Starrsinn einer Minderheit von Impfverweigerern st\u00fcrzen die gesamte Bev\u00f6lkerung erneut in eine Notlage, obwohl Intensivmediziner stehts darauf hinweisen, dass eine hohe Impfquote der \u201eSchl\u00fcssel zum Erfolg\u201c ist.<\/em><\/p>\n<\/div>\n<\/div>\n<div class=\"o9v6fnle cxmmr5t8 oygrvhab hcukyx3x c1et5uql ii04i59q\">\n<div dir=\"auto\" style=\"text-align: justify;\"><em>Ich nehme es respektierlich hin, wenn man anderer Meinung ist, aber generell darf man doch sagen: Die PRIVATSPH\u00c4RE ist ein HEILIGES GUT und wird besch\u00fctzt \u2013 aber es gibt in dieser Pandemie kein \u201ePRIVAT\u201c f\u00fcr einen Virus. Dieser Virus ist ein gemeinsamer Feind und kann nur GEMEINSAM bek\u00e4mpft werden und dazu z\u00e4hlt &#8211; sich nach intensiver Beratung durch seinen Doc impfen zu lassen.<\/em><\/p>\n<\/div>\n<div dir=\"auto\" style=\"text-align: justify;\"><em>Carpe Diem, eine sch\u00f6ne Woche und passt bitte auf Euch auf. <\/em><\/div>\n<div dir=\"auto\"><\/div>\n<div dir=\"auto\" style=\"text-align: justify;\"><em>Peter<\/em><\/div>\n<\/div>\n<div dir=\"auto\"><\/div>\n<div dir=\"auto\"><\/div>\n<div dir=\"auto\"><\/div>\n<div dir=\"auto\">\n<figure id=\"attachment_174194\" aria-describedby=\"caption-attachment-174194\" style=\"width: 800px\" class=\"wp-caption alignnone\"><img decoding=\"async\" loading=\"lazy\" class=\"size-large wp-image-174194\" src=\"https:\/\/smago.de\/ws2\/wp-content\/uploads\/2021\/11\/PS_FB-800x800.jpg\" alt=\"\" width=\"800\" height=\"800\" srcset=\"https:\/\/smago.de\/ws2\/wp-content\/uploads\/2021\/11\/PS_FB-800x800.jpg 800w, https:\/\/smago.de\/ws2\/wp-content\/uploads\/2021\/11\/PS_FB-522x522.jpg 522w, https:\/\/smago.de\/ws2\/wp-content\/uploads\/2021\/11\/PS_FB-150x150.jpg 150w, https:\/\/smago.de\/ws2\/wp-content\/uploads\/2021\/11\/PS_FB-768x768.jpg 768w, https:\/\/smago.de\/ws2\/wp-content\/uploads\/2021\/11\/PS_FB-272x272.jpg 272w, https:\/\/smago.de\/ws2\/wp-content\/uploads\/2021\/11\/PS_FB-600x600.jpg 600w, https:\/\/smago.de\/ws2\/wp-content\/uploads\/2021\/11\/PS_FB-130x130.jpg 130w, https:\/\/smago.de\/ws2\/wp-content\/uploads\/2021\/11\/PS_FB-445x445.jpg 445w, https:\/\/smago.de\/ws2\/wp-content\/uploads\/2021\/11\/PS_FB-190x190.jpg 190w, https:\/\/smago.de\/ws2\/wp-content\/uploads\/2021\/11\/PS_FB-290x290.jpg 290w, https:\/\/smago.de\/ws2\/wp-content\/uploads\/2021\/11\/PS_FB.jpg 1080w\" sizes=\"(max-width: 800px) 100vw, 800px\" \/><figcaption id=\"caption-attachment-174194\" class=\"wp-caption-text\"><em>Foto-Credit: Facebook-Seite von Peter Sebastian<\/em><\/figcaption><\/figure>\n<\/div>\n","protected":false},"excerpt":{"rendered":"<p>Was ihn die Hutschnur hochgehen l\u00e4sst &#8230;:<\/p>\n","protected":false},"author":2,"featured_media":174194,"comment_status":"open","ping_status":"closed","sticky":false,"template":"","format":"standard","meta":{"_FSMCFIC_featured_image_caption":"","_FSMCFIC_featured_image_nocaption":"","_FSMCFIC_featured_image_hide":""},"categories":[29],"tags":[518],"acf":[],"_links":{"self":[{"href":"https:\/\/smago.de\/ws2\/wp-json\/wp\/v2\/posts\/174193"}],"collection":[{"href":"https:\/\/smago.de\/ws2\/wp-json\/wp\/v2\/posts"}],"about":[{"href":"https:\/\/smago.de\/ws2\/wp-json\/wp\/v2\/types\/post"}],"author":[{"embeddable":true,"href":"https:\/\/smago.de\/ws2\/wp-json\/wp\/v2\/users\/2"}],"replies":[{"embeddable":true,"href":"https:\/\/smago.de\/ws2\/wp-json\/wp\/v2\/comments?post=174193"}],"version-history":[{"count":1,"href":"https:\/\/smago.de\/ws2\/wp-json\/wp\/v2\/posts\/174193\/revisions"}],"predecessor-version":[{"id":174195,"href":"https:\/\/smago.de\/ws2\/wp-json\/wp\/v2\/posts\/174193\/revisions\/174195"}],"wp:featuredmedia":[{"embeddable":true,"href":"https:\/\/smago.de\/ws2\/wp-json\/wp\/v2\/media\/174194"}],"wp:attachment":[{"href":"https:\/\/smago.de\/ws2\/wp-json\/wp\/v2\/media?parent=174193"}],"wp:term":[{"taxonomy":"category","embeddable":true,"href":"https:\/\/smago.de\/ws2\/wp-json\/wp\/v2\/categories?post=174193"},{"taxonomy":"post_tag","embeddable":true,"href":"https:\/\/smago.de\/ws2\/wp-json\/wp\/v2\/tags?post=174193"}],"curies":[{"name":"wp","href":"https:\/\/api.w.org\/{rel}","templated":true}]}}