{"id":174166,"date":"2021-11-10T00:00:10","date_gmt":"2021-11-09T23:00:10","guid":{"rendered":"https:\/\/smago.de\/ws2\/?p=174166"},"modified":"2021-11-09T18:28:54","modified_gmt":"2021-11-09T17:28:54","slug":"smago-informiert-do-11-11-2021-rtl-rtl-aktuell-spezial-corona-krise-feiern-in-der-pandemie","status":"publish","type":"post","link":"https:\/\/smago.de\/ws2\/smago-informiert\/smago-informiert-do-11-11-2021-rtl-rtl-aktuell-spezial-corona-krise-feiern-in-der-pandemie\/","title":{"rendered":"smago! INFORMIERT <br>Do., 11.11.2021, RTL: &#8222;RTL Aktuell Spezial: Corona-Krise &#8211; Feiern in der Pandemie?&#8220;!"},"content":{"rendered":"<p>20:15 Uhr &#8211; 21:00 Uhr!<br \/>\n<!--more--><\/p>\n<p>&nbsp;<\/p>\n<p style=\"text-align: justify;\">\n<p style=\"text-align: justify;\">Die Sieben-Tage-Inzidenz verzeichnet den zweiten Tag in Folge einen neuen Negativrekord, Intensivmediziner schlagen reihenweise Alarm \u2013 die vierte Corona-Welle rollt. Gleichwohl feiern zum Karnevalsauftakt Hunderte in dieser Woche die Sessionser\u00f6ffnung. Wie passt das zusammen? Vor diesem Hintergrund sendet RTL am kommenden Donnerstag, den 11.11., ab 20.15 Uhr das zehnmin\u00fctige \u201eRTL Aktuell Spezial: Corona-Krise \u2013 Feiern in der Pandemie?\u201c.<\/p>\n<p style=\"text-align: justify;\">Moderator Peter Kloeppel beleuchtet im Gespr\u00e4ch mit Experten aus Politik und Medizin, welche Konsequenzen die Veranstaltungen angesichts der angespannten Corona-Lage haben k\u00f6nnten. Schon jetzt werden Stimmen laut, die einhellig vor einem m\u00f6glichen Superspreader-Event warnen. Zudem richtet die Sondersendung einen Blick voraus: Was bedeutet die sich immer weiter zuspitzende Situation f\u00fcr das wichtigste Familienfest des Jahres? Mit welchen Einschr\u00e4nkungen ist m\u00f6glicherweise rund um Weihnachten zu rechnen?<\/p>\n<p style=\"text-align: justify;\">Die Vorberichterstattung zum Spiel der deutschen Fu\u00dfball-Nationalmannschaft beginnt im Anschluss um 20.25 Uhr. Ansto\u00df des WM-Qualifikationsspiels gegen Liechtenstein ist um 21.00 Uhr.<\/p>\n<p>&nbsp;<\/p>\n<p>&nbsp;<\/p>\n<figure id=\"attachment_174167\" aria-describedby=\"caption-attachment-174167\" style=\"width: 800px\" class=\"wp-caption alignnone\"><img decoding=\"async\" loading=\"lazy\" class=\"size-large wp-image-174167\" src=\"https:\/\/smago.de\/ws2\/wp-content\/uploads\/2021\/11\/1797834-800x450.jpg\" alt=\"\" width=\"800\" height=\"450\" srcset=\"https:\/\/smago.de\/ws2\/wp-content\/uploads\/2021\/11\/1797834-800x450.jpg 800w, https:\/\/smago.de\/ws2\/wp-content\/uploads\/2021\/11\/1797834-522x294.jpg 522w, https:\/\/smago.de\/ws2\/wp-content\/uploads\/2021\/11\/1797834-267x150.jpg 267w, https:\/\/smago.de\/ws2\/wp-content\/uploads\/2021\/11\/1797834-768x432.jpg 768w, https:\/\/smago.de\/ws2\/wp-content\/uploads\/2021\/11\/1797834-1536x864.jpg 1536w, https:\/\/smago.de\/ws2\/wp-content\/uploads\/2021\/11\/1797834-392x221.jpg 392w, https:\/\/smago.de\/ws2\/wp-content\/uploads\/2021\/11\/1797834-130x73.jpg 130w, https:\/\/smago.de\/ws2\/wp-content\/uploads\/2021\/11\/1797834-791x445.jpg 791w, https:\/\/smago.de\/ws2\/wp-content\/uploads\/2021\/11\/1797834-870x489.jpg 870w, https:\/\/smago.de\/ws2\/wp-content\/uploads\/2021\/11\/1797834-292x164.jpg 292w, https:\/\/smago.de\/ws2\/wp-content\/uploads\/2021\/11\/1797834-435x245.jpg 435w, https:\/\/smago.de\/ws2\/wp-content\/uploads\/2021\/11\/1797834-895x503.jpg 895w, https:\/\/smago.de\/ws2\/wp-content\/uploads\/2021\/11\/1797834.jpg 1920w\" sizes=\"(max-width: 800px) 100vw, 800px\" \/><figcaption id=\"caption-attachment-174167\" class=\"wp-caption-text\"><em>Foto-Credit: RTL+<\/em><\/p>\n<p><em>Bitte beachten Sie auch <strong><a href=\"https:\/\/www.tvnow.de\/?gclid=EAIaIQobChMIy8LV7-aL9AIVipftCh2olQ6FEAAYASAAEgImLfD_BwE\">RTL+<\/a><\/strong>!<\/em><\/figcaption><\/figure>\n","protected":false},"excerpt":{"rendered":"<p>20:15 Uhr &#8211; 21:00 Uhr!<\/p>\n","protected":false},"author":2,"featured_media":174167,"comment_status":"open","ping_status":"closed","sticky":false,"template":"","format":"standard","meta":{"_FSMCFIC_featured_image_caption":"","_FSMCFIC_featured_image_nocaption":"","_FSMCFIC_featured_image_hide":""},"categories":[33,128],"tags":[60],"acf":[],"_links":{"self":[{"href":"https:\/\/smago.de\/ws2\/wp-json\/wp\/v2\/posts\/174166"}],"collection":[{"href":"https:\/\/smago.de\/ws2\/wp-json\/wp\/v2\/posts"}],"about":[{"href":"https:\/\/smago.de\/ws2\/wp-json\/wp\/v2\/types\/post"}],"author":[{"embeddable":true,"href":"https:\/\/smago.de\/ws2\/wp-json\/wp\/v2\/users\/2"}],"replies":[{"embeddable":true,"href":"https:\/\/smago.de\/ws2\/wp-json\/wp\/v2\/comments?post=174166"}],"version-history":[{"count":1,"href":"https:\/\/smago.de\/ws2\/wp-json\/wp\/v2\/posts\/174166\/revisions"}],"predecessor-version":[{"id":174168,"href":"https:\/\/smago.de\/ws2\/wp-json\/wp\/v2\/posts\/174166\/revisions\/174168"}],"wp:featuredmedia":[{"embeddable":true,"href":"https:\/\/smago.de\/ws2\/wp-json\/wp\/v2\/media\/174167"}],"wp:attachment":[{"href":"https:\/\/smago.de\/ws2\/wp-json\/wp\/v2\/media?parent=174166"}],"wp:term":[{"taxonomy":"category","embeddable":true,"href":"https:\/\/smago.de\/ws2\/wp-json\/wp\/v2\/categories?post=174166"},{"taxonomy":"post_tag","embeddable":true,"href":"https:\/\/smago.de\/ws2\/wp-json\/wp\/v2\/tags?post=174166"}],"curies":[{"name":"wp","href":"https:\/\/api.w.org\/{rel}","templated":true}]}}