{"id":173835,"date":"2021-11-04T10:32:39","date_gmt":"2021-11-04T09:32:39","guid":{"rendered":"https:\/\/smago.de\/ws2\/?p=173835"},"modified":"2021-11-04T10:52:22","modified_gmt":"2021-11-04T09:52:22","slug":"dieter-hallervorden-80-plus-dieter-hallervorden-praesentiert-sein-musikalisches-lebenswerk","status":"publish","type":"post","link":"https:\/\/smago.de\/ws2\/nonsens\/dieter-hallervorden-80-plus-dieter-hallervorden-praesentiert-sein-musikalisches-lebenswerk\/","title":{"rendered":"DIETER HALLERVORDEN <br>&#8222;80 plus&#8220;: Dieter Hallervorden pr\u00e4sentiert sein musikalisches Lebenswerk!"},"content":{"rendered":"<p>Am 05.11.2021 erscheint zeitgleich auch die neue Single &#8222;Palim, Palim&#8220; &#8230;:<br \/>\n<!--more--><\/p>\n<p>&nbsp;<\/p>\n<p>&nbsp;<\/p>\n<p style=\"text-align: justify;\">Er war zwar schon in den sp\u00e4ten Siebzigern kurz in den deutschen Top-5 vertreten (\u201eDu, die Wanne ist voll\u201c), aber so klar und leidenschaftlich auf die Musik konzentriert hat er sich noch nie: Dieter Hallervorden k\u00fcndigt sein \u201cLebensalbum\u201c an \u2013 zum idealen Zeitpunkt, weil im besten Alter daf\u00fcr: \u201e80 plus\u201c erscheint am 05. November bei TELAMO.<\/p>\n<p style=\"text-align: justify;\">Auf \u201e80 plus\u201c erfindet sich Dieter Hallervorden nach weit \u00fcber 60 bewegten und bewegenden Karrierejahren ein weiteres Mal neu: Als S\u00e4nger, der kein Blatt vor den Mund nimmt. Um es entsprechend unverbl\u00fcmt zu sagen: HALLERVORDEN ROCKT \u2013 und zwar im Trio mit dem mehrfachpr\u00e4mierten Komponisten &amp; Multiinstrumentalisten Frank Nimsgern und dem Orchesterdirektor und Cellisten Thomas Schmidt-Ott!<\/p>\n<p style=\"text-align: justify;\">Unterwegs zur 90, die 100 fest im Blick (2035 ist\u2019s soweit), tritt Dieter Hallervorden auf \u201e80 plus\u201c mit einem besonderen Anliegen ans Mikrofon: Er pr\u00e4sentiert sein \u201eLebensalbum\u201c. Eine kondensierte, vertonte Bilanz des Bisherigen \u2013 die immer wieder Lust aufs Kommende weckt. Und genau wie man es vom Schauspieler, Komiker und Theaterleiter kennt, geht es auch hier ums Br\u00fcckenschlagen \u2013 zwischen Humor und Weisheit, verspielter Bl\u00f6delei und provokanter Ansage. Vor allem zeigt er, dass dieses von viel zu vielen Menschen klar als Minus wahrgenommene \u201eplus\u201c nach der Angabe des Lebensjahrzehnts bei ihm kein bisschen Verdruss ausl\u00f6st \u2013 sondern vielmehr Lust aufs Rocken. Wie eindringlich das klingt, zeigte er bereits mit der introspektiven ersten Single \u201eMein Leben\u201c \u2013 von vielen postwendend und sehr treffend als \u201edas deutsche \u2018My Way\u2019\u201c bezeichnet.<br \/>\n<em>\u00a0<\/em><br \/>\n<em>\u201eIch liebe mein Leben \u2013 weil ich darin eine sch\u00f6ne Rolle spielen darf.\u201c \u2013<\/em> aus \u201eMein Leben\u201c<\/p>\n<p>&nbsp;<\/p>\n<p>&nbsp;<\/p>\n<p>&nbsp;<\/p>\n<p>&nbsp;<\/p>\n<p style=\"text-align: justify;\"><strong>\u00dcber Dieter Hallervorden<\/strong><\/p>\n<p>&nbsp;<\/p>\n<p style=\"text-align: justify;\">Dieter Hallervorden hat die deutsche TV- und Entertainmentlandschaft der letzten 60 Jahre gepr\u00e4gt wie kaum ein anderer: Seit 1960 f\u00fcr \u201eDie W\u00fchlm\u00e4use\u201c verantwortlich, waren es zun\u00e4chst seine legend\u00e4ren Sketche (\u201ePalim-Palim\u201c, 1977), dann eine ganze Serie von erfolgreichen \u201eDidi\u201c-Spielfilmen, auf die der Wahlberliner zuletzt Filmerfolge wie \u201eSein letztes Rennen\u201c oder \u201eHonig im Kopf\u201c folgen lie\u00df. Nachdem die Autobiografie des vielfach pr\u00e4mierten Schauspielers, Satirikers und Kabarettisten schon im Jahr 2005 erschienen ist, wagt er nun den n\u00e4chsten \u201eautobiografischen Blick zur\u00fcck nach vorn\u201c \u2013 auf seinem neuen Album \u201e80 plus\u201c.<\/p>\n<p>&nbsp;<\/p>\n<p>&nbsp;<\/p>\n<p>&nbsp;<\/p>\n<p style=\"text-align: justify;\"><strong>\u00dcber Frank Nimsgern<\/strong><\/p>\n<p>&nbsp;<\/p>\n<p style=\"text-align: justify;\">Frank Nimsgern ist ein vielfach pr\u00e4mierter Musiker, Komponist, Produzent und Artistic Director (u.a. ARD Fernsehpreis, mehrere Musical Awards). Neben seinen Arbeiten als Komponist f\u00fcr TV\/Film (u.a. \u201eTatort\u201c) ist er seit Ende der Neunziger f\u00fcr seine bahnbrechenden Arbeiten im Bereich Musical Theater bekannt. Zu seinen bekanntesten Werken z\u00e4hlen etwa \u201eDer Ring\u201c, \u201eQi\u201c, \u201eElements\u201c, \u201eHexen\u201c, \u201eH\u00e4nsel &amp; Gretel\u201c, \u201ePOE\u201c, \u201eDer Mann mit dem Lachen\u201c und \u201eSnoWhite\u201c. Er schrieb bis dato sechs GrandShows f\u00fcr den Berliner Friedrichstadt-Palast.<\/p>\n<p>&nbsp;<\/p>\n<p>&nbsp;<\/p>\n<p>&nbsp;<\/p>\n<p>&nbsp;<\/p>\n<p style=\"text-align: justify;\"><strong>\u00dcber Thomas Schmidt-Ott <\/strong><\/p>\n<p>&nbsp;<\/p>\n<p style=\"text-align: justify;\">Thomas Schmidt-Ott ist Cellist, Autor und Kulturmanager. Er ist Gr\u00fcnder der Kammerphilharmonie Berlin, war Autor, Moderator und Musiker der ARD Serie \u201eCello on tour\u201c (MDR), Chefmanager der Klangk\u00f6rper des Bayerischen Rundfunks \u00a0und Programm-Chef im Start-up Team von TUI Cruises. Seit 2020 ist Thomas Schmidt-Ott Strategischer Berater des Deutschen Symphonie Orchesters Berlin.<\/p>\n<p>&nbsp;<\/p>\n<p>&nbsp;<\/p>\n<p><iframe loading=\"lazy\" src=\"\/\/www.youtube.com\/embed\/osKqcl3X2rk?feature=youtu\" width=\"800\" height=\"449\" allowfullscreen=\"allowfullscreen\"><\/iframe><\/p>\n<p>&nbsp;<\/p>\n<p>&nbsp;<\/p>\n<p>&nbsp;<\/p>\n<figure id=\"attachment_173836\" aria-describedby=\"caption-attachment-173836\" style=\"width: 700px\" class=\"wp-caption alignnone\"><img decoding=\"async\" loading=\"lazy\" class=\"size-full wp-image-173836\" src=\"https:\/\/smago.de\/ws2\/wp-content\/uploads\/2021\/11\/hallervorden_band.jpg\" alt=\"\" width=\"700\" height=\"467\" srcset=\"https:\/\/smago.de\/ws2\/wp-content\/uploads\/2021\/11\/hallervorden_band.jpg 700w, https:\/\/smago.de\/ws2\/wp-content\/uploads\/2021\/11\/hallervorden_band-522x348.jpg 522w, https:\/\/smago.de\/ws2\/wp-content\/uploads\/2021\/11\/hallervorden_band-225x150.jpg 225w, https:\/\/smago.de\/ws2\/wp-content\/uploads\/2021\/11\/hallervorden_band-392x262.jpg 392w, https:\/\/smago.de\/ws2\/wp-content\/uploads\/2021\/11\/hallervorden_band-130x87.jpg 130w, https:\/\/smago.de\/ws2\/wp-content\/uploads\/2021\/11\/hallervorden_band-667x445.jpg 667w, https:\/\/smago.de\/ws2\/wp-content\/uploads\/2021\/11\/hallervorden_band-285x190.jpg 285w, https:\/\/smago.de\/ws2\/wp-content\/uploads\/2021\/11\/hallervorden_band-435x290.jpg 435w, https:\/\/smago.de\/ws2\/wp-content\/uploads\/2021\/11\/hallervorden_band-150x100.jpg 150w, https:\/\/smago.de\/ws2\/wp-content\/uploads\/2021\/11\/hallervorden_band-370x247.jpg 370w\" sizes=\"(max-width: 700px) 100vw, 700px\" \/><figcaption id=\"caption-attachment-173836\" class=\"wp-caption-text\"><em>Foto-Credit: TELAMO<\/em><\/figcaption><\/figure>\n","protected":false},"excerpt":{"rendered":"<p>Am 05.11.2021 erscheint zeitgleich auch die neue Single &#8222;Palim, Palim&#8220; &#8230;:<\/p>\n","protected":false},"author":2,"featured_media":170751,"comment_status":"open","ping_status":"closed","sticky":false,"template":"","format":"standard","meta":{"_FSMCFIC_featured_image_caption":"","_FSMCFIC_featured_image_nocaption":"","_FSMCFIC_featured_image_hide":""},"categories":[23],"tags":[659],"acf":[],"_links":{"self":[{"href":"https:\/\/smago.de\/ws2\/wp-json\/wp\/v2\/posts\/173835"}],"collection":[{"href":"https:\/\/smago.de\/ws2\/wp-json\/wp\/v2\/posts"}],"about":[{"href":"https:\/\/smago.de\/ws2\/wp-json\/wp\/v2\/types\/post"}],"author":[{"embeddable":true,"href":"https:\/\/smago.de\/ws2\/wp-json\/wp\/v2\/users\/2"}],"replies":[{"embeddable":true,"href":"https:\/\/smago.de\/ws2\/wp-json\/wp\/v2\/comments?post=173835"}],"version-history":[{"count":4,"href":"https:\/\/smago.de\/ws2\/wp-json\/wp\/v2\/posts\/173835\/revisions"}],"predecessor-version":[{"id":173843,"href":"https:\/\/smago.de\/ws2\/wp-json\/wp\/v2\/posts\/173835\/revisions\/173843"}],"wp:featuredmedia":[{"embeddable":true,"href":"https:\/\/smago.de\/ws2\/wp-json\/wp\/v2\/media\/170751"}],"wp:attachment":[{"href":"https:\/\/smago.de\/ws2\/wp-json\/wp\/v2\/media?parent=173835"}],"wp:term":[{"taxonomy":"category","embeddable":true,"href":"https:\/\/smago.de\/ws2\/wp-json\/wp\/v2\/categories?post=173835"},{"taxonomy":"post_tag","embeddable":true,"href":"https:\/\/smago.de\/ws2\/wp-json\/wp\/v2\/tags?post=173835"}],"curies":[{"name":"wp","href":"https:\/\/api.w.org\/{rel}","templated":true}]}}