{"id":173830,"date":"2021-11-04T10:12:18","date_gmt":"2021-11-04T09:12:18","guid":{"rendered":"https:\/\/smago.de\/ws2\/?p=173830"},"modified":"2021-11-04T10:14:25","modified_gmt":"2021-11-04T09:14:25","slug":"eurovision-song-contest-deutscher-esc-beitrag-2022-ab-sofort-bewerbungen-moeglich","status":"publish","type":"post","link":"https:\/\/smago.de\/ws2\/pop\/eurovision-song-contest-deutscher-esc-beitrag-2022-ab-sofort-bewerbungen-moeglich\/","title":{"rendered":"&#8222;EUROVISION SONG CONTEST&#8220; <br>Deutscher ESC-Beitrag 2022: ab sofort Bewerbungen m\u00f6glich!"},"content":{"rendered":"<p>Popwellen der ARD gestalten neues Auswahlverfahren mit!<br \/>\n<!--more--><\/p>\n<p>&nbsp;<\/p>\n<p style=\"text-align: justify;\">Alle K\u00fcnstlerinnen und K\u00fcnstler, die f\u00fcr Deutschland beim ESC 2022 auf der B\u00fchne stehen m\u00f6chten, k\u00f6nnen sich ab sofort bewerben \u2013 mit einem eigenen \u201eLied f\u00fcr Turin\u201c. Ihren Beitrag k\u00f6nnen sie \u00fcber <a href=\"http:\/\/www.eurovision.de\/bewerben\">www.eurovision.de\/bewerben<\/a> einreichen. Erstmals sind die Radio-Popwellen der ARD integraler Bestandteil des Auswahlverfahrens, das in diesem Jahr komplett neu gestaltet wurde. Zu den Popwellen geh\u00f6ren Antenne Brandenburg, BAYERN 3, Bremen Vier, hr3, MDR Jump, NDR 2, SR 1, SWR3 und WDR 2. F\u00fcnf Musikexpertinnen und -experten dieser H\u00f6rfunkprogramme sowie Alexandra Wolfslast, Chefin der deutschen ESC-Delegation, bilden die deutsche ESC-Fachjury.<\/p>\n<p style=\"text-align: justify;\">Die Fach-Jury sucht aus allen interessierten K\u00fcnstlerinnen und K\u00fcnstlern sowie aus Musik-Acts, die direkt von den Popwellen angesprochen wurden und einen Titel eingereicht haben, die besten f\u00fcnf aus. Diese Kandidatinnen und Kandidaten stellen sich dann mit ihren Songs im Rahmen eines gro\u00dfen ARD ESC-Tages dem Votum des Publikums: der H\u00f6rerinnen und H\u00f6rer der neun Popwellen, der Online-Userinnen und -User und der Fernsehzuschauerinnen und -zuschauer in den Dritten Programmen. Der ARD ESC-Tag wird voraussichtlich im M\u00e4rz stattfinden. Die Siegerin oder der Sieger des ARD ESC-Tages vertritt Deutschland am 14. Mai 2022 in der italienischen Metropole Turin.<\/p>\n<p>&nbsp;<\/p>\n<p>&nbsp;<\/p>\n<p style=\"text-align: justify;\"><strong>Frank Beckmann<\/strong>, ARD Unterhaltungskoordinator und NDR Programmdirektor Fernsehen: \u201eMit einem transparenten Verfahren und der geb\u00fcndelten Kraft der ARD wollen wir in diesem Jahr beim ESC antreten. An einem deutschlandweiten ESC-Tag f\u00fchren wir alles zusammen: die Musikkompetenz der Radios, die Dritten Fernsehprogramme und unsere Online-Aktivit\u00e4ten. Ein crossmediales Ereignis, wie es in Deutschland nur die ARD auf die Beine stellen kann. Und am Ende entscheidet ganz Deutschland, wer unser Land in Turin 2022 vertritt.\u201c<\/p>\n<p style=\"text-align: justify;\"><strong>Valerie Weber<\/strong>, WDR Programmdirektorin NRW, Wissen und Kultur sowie Vorsitzende der Audio-Programm-Konferenz der ARD: \u201eDer ESC ist im Unterhaltungsbereich ein gro\u00dfes europ\u00e4isches Event! Ich freue mich, dass durch die Fach-Jury aus Musikexpertinnen und -experten und die Abstimmung der H\u00f6rerinnen und H\u00f6rer der ARD-Popwellen diesmal ganz Deutschland an der Auswahl des deutschen Beitrags beteiligt ist. Ich w\u00fcnsche allen bei diesem neuen Auswahlverfahren viel Erfolg und dem Publikum auf allen Kan\u00e4len gute Unterhaltung. Der ESC wird einmal mehr zeigen, wie Musik Grenzen \u00fcberwinden, Br\u00fccken bauen und Menschen und Nationen verbinden kann.\u201c<\/p>\n<p style=\"text-align: justify;\"><strong>Andreas Gerling<\/strong>, Chef des ARD Teams f\u00fcr den ESC beim NDR: \u201eUnser Ziel ist, dass das Publikum mit dem Herzen dabei ist. Einen entscheidenden Beitrag daf\u00fcr wird sicher unser bundesweiter ARD ESC-Tag sein, den wir erstmals veranstalten. Die Menschen in Deutschland k\u00f6nnen dann \u00fcber alle Plattformen hinweg entscheiden, wer f\u00fcr ihr Land nach Turin f\u00e4hrt. Und ganz Deutschland dr\u00fcckt unserer K\u00fcnstlerin oder unserem K\u00fcnstler am 14. Mai dann hoffentlich beim ESC-Finale die Daumen.\u201c<\/p>\n<p>&nbsp;<\/p>\n<p>&nbsp;<\/p>\n<p style=\"text-align: justify;\">Weitere Informationen rund um die Bewerbung gibt es unter <strong><a href=\"http:\/\/www.eurovision.de\/\">www.eurovision.de<\/a><\/strong>!<\/p>\n<p>&nbsp;<\/p>\n<p>&nbsp;<\/p>\n<figure id=\"attachment_173832\" aria-describedby=\"caption-attachment-173832\" style=\"width: 784px\" class=\"wp-caption alignnone\"><img decoding=\"async\" loading=\"lazy\" class=\"size-full wp-image-173832\" src=\"https:\/\/smago.de\/ws2\/wp-content\/uploads\/2021\/11\/logo1524_v-ardgalerie.jpg\" alt=\"\" width=\"784\" height=\"441\" srcset=\"https:\/\/smago.de\/ws2\/wp-content\/uploads\/2021\/11\/logo1524_v-ardgalerie.jpg 784w, https:\/\/smago.de\/ws2\/wp-content\/uploads\/2021\/11\/logo1524_v-ardgalerie-522x294.jpg 522w, https:\/\/smago.de\/ws2\/wp-content\/uploads\/2021\/11\/logo1524_v-ardgalerie-267x150.jpg 267w, https:\/\/smago.de\/ws2\/wp-content\/uploads\/2021\/11\/logo1524_v-ardgalerie-768x432.jpg 768w, https:\/\/smago.de\/ws2\/wp-content\/uploads\/2021\/11\/logo1524_v-ardgalerie-392x221.jpg 392w, https:\/\/smago.de\/ws2\/wp-content\/uploads\/2021\/11\/logo1524_v-ardgalerie-130x73.jpg 130w, https:\/\/smago.de\/ws2\/wp-content\/uploads\/2021\/11\/logo1524_v-ardgalerie-292x164.jpg 292w, https:\/\/smago.de\/ws2\/wp-content\/uploads\/2021\/11\/logo1524_v-ardgalerie-435x245.jpg 435w\" sizes=\"(max-width: 784px) 100vw, 784px\" \/><figcaption id=\"caption-attachment-173832\" class=\"wp-caption-text\"><em>Foto-Credit: <strong><a href=\"http:\/\/www.eurovision.de\">www.eurovision.de<\/a><\/strong><\/em><\/figcaption><\/figure>\n<p>&nbsp;<\/p>\n","protected":false},"excerpt":{"rendered":"<p>Popwellen der ARD gestalten neues Auswahlverfahren mit!<\/p>\n","protected":false},"author":2,"featured_media":173832,"comment_status":"open","ping_status":"closed","sticky":false,"template":"","format":"standard","meta":{"_FSMCFIC_featured_image_caption":"","_FSMCFIC_featured_image_nocaption":"","_FSMCFIC_featured_image_hide":""},"categories":[27,39,128],"tags":[85],"acf":[],"_links":{"self":[{"href":"https:\/\/smago.de\/ws2\/wp-json\/wp\/v2\/posts\/173830"}],"collection":[{"href":"https:\/\/smago.de\/ws2\/wp-json\/wp\/v2\/posts"}],"about":[{"href":"https:\/\/smago.de\/ws2\/wp-json\/wp\/v2\/types\/post"}],"author":[{"embeddable":true,"href":"https:\/\/smago.de\/ws2\/wp-json\/wp\/v2\/users\/2"}],"replies":[{"embeddable":true,"href":"https:\/\/smago.de\/ws2\/wp-json\/wp\/v2\/comments?post=173830"}],"version-history":[{"count":3,"href":"https:\/\/smago.de\/ws2\/wp-json\/wp\/v2\/posts\/173830\/revisions"}],"predecessor-version":[{"id":173834,"href":"https:\/\/smago.de\/ws2\/wp-json\/wp\/v2\/posts\/173830\/revisions\/173834"}],"wp:featuredmedia":[{"embeddable":true,"href":"https:\/\/smago.de\/ws2\/wp-json\/wp\/v2\/media\/173832"}],"wp:attachment":[{"href":"https:\/\/smago.de\/ws2\/wp-json\/wp\/v2\/media?parent=173830"}],"wp:term":[{"taxonomy":"category","embeddable":true,"href":"https:\/\/smago.de\/ws2\/wp-json\/wp\/v2\/categories?post=173830"},{"taxonomy":"post_tag","embeddable":true,"href":"https:\/\/smago.de\/ws2\/wp-json\/wp\/v2\/tags?post=173830"}],"curies":[{"name":"wp","href":"https:\/\/api.w.org\/{rel}","templated":true}]}}