{"id":173747,"date":"2021-11-05T00:00:48","date_gmt":"2021-11-04T23:00:48","guid":{"rendered":"https:\/\/smago.de\/ws2\/?p=173747"},"modified":"2021-11-03T16:11:44","modified_gmt":"2021-11-03T15:11:44","slug":"matze-knop-matthias-reim-isabel-varell-u-a","status":"publish","type":"post","link":"https:\/\/smago.de\/ws2\/nonsens\/matze-knop-matthias-reim-isabel-varell-u-a\/","title":{"rendered":"MATZE KNOP, MATTHIAS REIM, ISABEL VARELL u.a. <br>Heute (05.11.2021) in der Talk-Show &#8222;Riverboat Leipzig&#8220; zu Gast!"},"content":{"rendered":"<p>MDR FERNSEHEN + rbb FERNSEHEN, 22:00 Uhr &#8211; 00:10 Uhr!<br \/>\n<!--more--><\/p>\n<p>&nbsp;<\/p>\n<p>&nbsp;<\/p>\n<p>&nbsp;<\/p>\n<div class=\"con conBroadcastPreText\">\n<div class=\"modCon\">\n<div class=\"mod modA\">\n<div class=\"boxCon\">\n<div class=\"box\">\n<p class=\"einleitung \"><strong>Mit folgenden G\u00e4sten:<\/strong><\/p>\n<p>&nbsp;<\/p>\n<p>&nbsp;<\/p>\n<p class=\"einleitung \">* Thomas Junker, MDR-Filmemacher und Abenteurer<br \/>\n* Matze Knop, Kult-Parodist und Comedian<br \/>\n* Matthias Reim, Schlagers\u00e4nger<br \/>\n* Marijam Agischewa, Schauspielerin<br \/>\n* Tim Wilde, Schauspieler<br \/>\n* Isabel Varell, S\u00e4ngerin und Moderatorin<br \/>\n* Prof. Dr. Claudia Kemfert, Klimaexpertin<br \/>\n* Thomas Kundt, Tatortreiniger<\/p>\n<\/div>\n<\/div>\n<\/div>\n<\/div>\n<\/div>\n<p>&nbsp;<\/p>\n<p>&nbsp;<\/p>\n<p>&nbsp;<\/p>\n<p>&nbsp;<\/p>\n<p>&nbsp;<\/p>\n<p>&nbsp;<\/p>\n<div class=\"con\">\n<div class=\"modCon\">\n<div class=\"mod modA\">\n<div class=\"boxCon\">\n<div class=\"box cssBroadcastContentInfos\">\n<p><strong>Mehr zu den G\u00e4sten:<\/strong><\/p>\n<\/div>\n<\/div>\n<\/div>\n<\/div>\n<\/div>\n<p>&nbsp;<\/p>\n<p>&nbsp;<\/p>\n<p>&nbsp;<\/p>\n<div class=\"con\">\n<div class=\"modCon\">\n<div class=\"mod modA\">\n<div class=\"boxCon\">\n<div class=\"box cssBroadcastContentInfos\">\n<p style=\"text-align: justify;\"><strong>* Thomas Junker, MDR-Filmemacher und Abenteurer<\/strong><\/p>\n<p>&nbsp;<\/p>\n<p style=\"text-align: justify;\">Seit 30 Jahren ist Thomas Junker unterwegs. F\u00fcr den MDR hat er die ganze Welt bereist und in seinen Filmen die Herzen und Seelen der Menschen portr\u00e4tiert. Los ging es mit seinen legend\u00e4ren Motorradtouren: in 99 Tagen um die Welt, quer durch die Sahara und auf \u00fcber 5.000 Meter im tibetischen Hochland. Am Fu\u00dfe des Mount Everest erlebte er Traum und Trauma eines Weltreisenden. Am S\u00fcdpol hisste er die MDR-Flagge und am k\u00e4ltesten Ort der Welt, im sibirischen Ojmjakon, f\u00fchlt er sich quasi zu Hause. &#8222;Im Osten viel Neues&#8220; hei\u00dft der F\u00fcnfteiler, den Thomas Junker von seiner j\u00fcngsten Reise mitgebracht hat: Von Finnland \u00fcber Litauen und Estland nach Ungarn, Moldawien und Albanien f\u00fchrte ihn sein Weg durch Osteuropa. Zu sehen ab 15. November im MDR-Fernsehen. Bereits am 13. November l\u00e4uft &#8222;Die lange Thomas Junker-Nacht&#8220; live im MDR und ein Buch zum Jubil\u00e4um gibt es auch.<\/p>\n<\/div>\n<\/div>\n<\/div>\n<\/div>\n<\/div>\n<p>&nbsp;<\/p>\n<p>&nbsp;<\/p>\n<p>&nbsp;<\/p>\n<p>&nbsp;<\/p>\n<p>&nbsp;<\/p>\n<div class=\"con\" style=\"text-align: justify;\">\n<div class=\"modCon\">\n<div class=\"mod modA\">\n<div class=\"boxCon\">\n<div class=\"box cssBroadcastContentInfos\">\n<p><strong>* Matze Knop, Kult-Parodist und Comedian<\/strong><\/p>\n<p>&nbsp;<\/p>\n<p>Mit seiner Zahnl\u00fccke war Matze Knop nicht immer im Reinen und trug in seiner Jugend deshalb auch Zahnspange. Doch die L\u00fccke kam wieder. Mittlerweile sieht der Comedian durch den gro\u00dfz\u00fcgig bemessenen Raum zwischen seinen Schneidez\u00e4hnen zahllose Vorteile im Leben. So er kann durch seine L\u00fccke, nicht wie andere nur pfeifen und fl\u00f6ten, sondern auch Posaune spielen! Der Name seiner vierten Tour lautet daher &#8222;Mut zur L\u00fccke&#8220;! Geboren wurde Matthias, &#8222;Matze&#8220;, Knop 1974 in Lippstadt in Nordrhein-Westfalen. Mit seiner ersten Comedy-Figur &#8222;Supa Richie&#8220; erreichte er in den 90er Jahren erste Bekanntheit. Der endg\u00fcltige Durchbruch gelang dem studierten Journalisten und passionierten Fu\u00dfballer w\u00e4hrend der WM 2006 in Deutschland als er Franz Beckenbauer sehr erfolgreich parodierte. Es folgten weitere Parodien \u00fcber J\u00fcrgen Klopp, Joachim L\u00f6w, Luca Toni und Dieter Bohlen &#8211; um nur einige wenige Namen aus seinem Repertoire zu nennen. Mut zur eigenen L\u00fccke, viel Humor und eine positive Grundeinstellung &#8211; das ist die Devise von Matze Knop!<\/p>\n<\/div>\n<\/div>\n<\/div>\n<\/div>\n<\/div>\n<p>&nbsp;<\/p>\n<p>&nbsp;<\/p>\n<p>&nbsp;<\/p>\n<div class=\"con\" style=\"text-align: justify;\">\n<div class=\"modCon\">\n<div class=\"mod modA\">\n<div class=\"boxCon\">\n<div class=\"box cssBroadcastContentInfos\">\n<p><strong>* Matthias Reim, Schlagers\u00e4nger<\/strong><\/p>\n<p>&nbsp;<\/p>\n<p>&#8222;Verdammt, ich lieb\u00b4dich&#8220;, gestand der S\u00e4nger Matthias Reim 2012 seiner damaligen Freundin Christin Stark. Acht Jahre sp\u00e4ter f\u00fchrte er sie zum Traualtar. Nun wird die Liebe bald mit einem Kind gekr\u00f6nt. F\u00fcr Reim die vierte Ehe und der siebente Nachwuchs. Doch seine Gef\u00fchle zu S\u00e4ngerin Christin sagen ihm, dass er nun endlich angekommen ist. Wie auch in seiner Musik. Ob Pop, Rock oder Schlager, f\u00fcr den 63-J\u00e4hrigen gab es im Leben nie eine andere Option, als Musik machen zu wollen. 1990 wurde er \u00fcber Nacht mit dem Lied &#8222;Verdammt, ich lieb\u2019 dich&#8220; ber\u00fchmt. Die Single wurde weltweit 2,5 Millionen Mal verkauft und stand insgesamt 16 Wochen lang auf Platz 1 der deutschen Musikcharts. Doch fast w\u00e4re er ein One-Hit-Wonder geworden, denn danach st\u00fcrzte seine Karriere tief ab. Keiner wollte ihn mehr h\u00f6ren oder sehen. Das verdiente Geld verlor er durch einen windigen Berater, private und gesundheitliche Probleme holten ihn auf den Boden der Tatsachen zur\u00fcck. Inzwischen ist er wieder eine feste Gr\u00f6\u00dfe in der Musikwelt. Die Schulden sind beglichen, das private Gl\u00fcck geordnet. Sein n\u00e4chstes Ziel steht auch fest: &#8222;Ich will 100 werden und immer weiter Musik machen&#8220;.<\/p>\n<\/div>\n<\/div>\n<\/div>\n<\/div>\n<\/div>\n<p>&nbsp;<\/p>\n<p>&nbsp;<\/p>\n<p>&nbsp;<\/p>\n<div class=\"con\" style=\"text-align: justify;\">\n<div class=\"modCon\">\n<div class=\"mod modA\">\n<div class=\"boxCon\">\n<div class=\"box cssBroadcastContentInfos\">\n<p><strong>* Tim Wilde, Schauspieler<\/strong><\/p>\n<p>&nbsp;<\/p>\n<p>Die &#8222;WaPo Bodensee&#8220; ermittelt wieder. Immer Dienstag ab 18.50 Uhr laufen die neuen Folgen der Krimireihe im ERSTEN. Immer mit an Bord: Schauspieler Tim Wilde als Kommissar Paul Schott. Dass Wilde einen Gesetzesh\u00fcter spielt, ist im Hinblick auf seine Jugends\u00fcnden eher ungew\u00f6hnlich. In der DDR klaute er einen Trabi, begann eine Marinetaucherausbildung bei der NVA, um \u00fcber die Spree in den Westen fl\u00fcchten zu k\u00f6nnen und f\u00e4lschte schlie\u00dflich seine Papiere, um bei der Schauspielschule angenommen zu werden. Doch das ist alles l\u00e4ngst Vergangenheit. Der Vater eines 15-j\u00e4hrigen Sohnes m\u00f6chte heute nat\u00fcrlich Vorbild sein. Tim Wilde, in Stralsund geboren, spielte au\u00dferdem in den &#8222;Tatort&#8220;-Produktionen seines Freundes Til Schweiger und drehte dieses Jahr einen Weihnachtsfilm (&#8222;White Christmas&#8220;) f\u00fcrs \u00f6sterreichische Kino.<\/p>\n<\/div>\n<\/div>\n<\/div>\n<\/div>\n<\/div>\n<p>&nbsp;<\/p>\n<p>&nbsp;<\/p>\n<p>&nbsp;<\/p>\n<div class=\"con\" style=\"text-align: justify;\">\n<div class=\"modCon\">\n<div class=\"mod modA\">\n<div class=\"boxCon\">\n<div class=\"box cssBroadcastContentInfos\">\n<p><strong>* Marijam Agischewa, Schauspielerin<\/strong><\/p>\n<p>&nbsp;<\/p>\n<p>Es war eine Entscheidung f\u00fcr\u2018s Leben, als Marijam Agischewa mit 16 Jahren f\u00fcr einen Film auf dem Schulhof entdeckt wurde. In dem DEFA-Streifen &#8222;Geschwister&#8220; spielte sie 1975 ihre erste Hauptrolle. Vier Jahre sp\u00e4ter wurde sie mit &#8222;Marta, Marta&#8220; in der DDR ber\u00fchmt. Damals trug sie als junge Krankenschwester zum ersten Mal einen wei\u00dfen Kittel. Inzwischen ist sie zur Chefin einer Klinik aufgestiegen und spielt seit 2015 die warmherzige Prof. Dr. Karin Patzelt in der Erfolgsserie &#8222;In aller Freundschaft &#8211; Die jungen \u00c4rzte&#8220;. Vor der Wende wurde sie 1987 zur beliebtesten Schauspielerin gew\u00e4hlt. Damals ahnte noch keiner, dass sich Marijam Agischewa mit Fluchtgedanken trug. Von einer Familienreise in die USA kehrte sie 1989 nicht mehr zur\u00fcck, sondern floh nach West-Berlin. Trotz ihrer Ber\u00fchmtheit wartete niemand mit Angeboten auf sie. St\u00fcck f\u00fcr St\u00fcck eroberte sie sich ihr Publikum zur\u00fcck. Trotz neuer Filmkarriere machte sie zus\u00e4tzlich eine Ausbildung zur Heilpraktikerin. Ihr medizinisches Wissen nutzt ihr heute noch immer, wenn im Drehbuch mal wieder besonders schwere medizinische Begriffe stehen. Und schwer wird es, wenn Prof. Dr. Patzelt im Dezember einen besonders dramatischen Fall zu l\u00f6sen hat. Am 10. Dezember gibt es die Serie in Spielfilml\u00e4nge. Bei &#8222;In aller Freundschaft &#8211; Die jungen \u00c4rzte: Adventskind&#8220; steht das Leben einer Frau auf dem Spiel.<\/p>\n<\/div>\n<\/div>\n<\/div>\n<\/div>\n<\/div>\n<p>&nbsp;<\/p>\n<p>&nbsp;<\/p>\n<p>&nbsp;<\/p>\n<div class=\"con\" style=\"text-align: justify;\">\n<div class=\"modCon\">\n<div class=\"mod modA\">\n<div class=\"boxCon\">\n<div class=\"box cssBroadcastContentInfos\">\n<p><strong>* Isabel Varell, S\u00e4ngerin und Moderatorin (&#8222;Live nach Neun&#8220; \/ ARD)<\/strong><\/p>\n<p>&nbsp;<\/p>\n<p>Vor \u00fcber vierzig Jahren wurde Isabel Varell von Jack White als S\u00e4ngerin entdeckt. 1985 legte dann ihr Auftritt bei einem Sketch mit Hape Herkeling den Grundstein f\u00fcr ihre TV-Karriere. Heute ist die S\u00e4ngerin, Schauspielerin und Moderatorin auf den deutschen B\u00fchnen und vor der Kamera nicht mehr wegzudenken mit all ihren Talenten. 1997 moderierte Isabel Varell &#8222;Die aktuelle Schaubude&#8220;, 2004 war sie Zweitplatzierte im &#8222;RTL-Dschungelcamp&#8220;, sie \u00fcbernahm Rollen in TV-Serien wie &#8222;Rote Rosen&#8220; und &#8222;In aller Freundschaft&#8220;. Seit 2018 moderiert die geb\u00fcrtige Kemptnerin das ARD-Morgenmagazin &#8222;Live nach neun&#8220;. Letztes Jahr hat sie ihr j\u00fcngstes Album &#8222;Eine Tasse Tee&#8220; ver\u00f6ffentlicht. P\u00fcnktlich zu ihrem 60. Geburtstag erschien nun ihr zweites, autobiografisches Buch &#8222;Die guten alten Zeiten sind jetzt&#8220;. Ein Mutmach-Ratgeber f\u00fcr Best Ager und ein Bestseller! Isabel Varell lebt mit ihrem Mann in K\u00f6ln &#8211; in getrennten Wohnungen.<\/p>\n<\/div>\n<\/div>\n<\/div>\n<\/div>\n<\/div>\n<p>&nbsp;<\/p>\n<p>&nbsp;<\/p>\n<p>&nbsp;<\/p>\n<div class=\"con\" style=\"text-align: justify;\">\n<div class=\"modCon\">\n<div class=\"mod modA\">\n<div class=\"boxCon\">\n<div class=\"box cssBroadcastContentInfos\">\n<p><strong>* Prof. Dr. Claudia Kemfert, Klimaexpertin und Wirtschaftswissenschaftlerin<\/strong><\/p>\n<p>&nbsp;<\/p>\n<p>Kaum ein anderes Thema beherrscht die Schlagzeilen diese Woche wie die Klimakrise: Bei der Uno-Klimakonferenz in Glasgow geht es um die Zukunft der Menschheit. Es ist die gr\u00f6\u00dfte Herausforderung dieses Jahrhunderts, die Erderw\u00e4rmung zu bremsen. Schneller Ausstieg aus der Kohle, schneller Ausbau erneuerbarer Energien sowie eine Verkehrswende &#8211; das w\u00e4re ein echter Neustart in die Zukunft, sagt Klimaexpertin Prof. Dr. Kemfert. Seit mehr als 20 Jahren besch\u00e4ftigt sich die Energie\u00f6konomin mit dem Thema Klimaschutz und was uns dieser kostet. &#8222;Damit kriegst du nie einen Job!&#8220; sagten ihr Freunde damals Ende der 90er Jahre als sie sich entschied Energie\u00f6konomin zu werden. Heute ist sie gefragter denn je. Seit drei Wochen steht Deutschlands bekannteste Expertin in Sachen Klimaschutz auch den H\u00f6rer:Innen von MDR AKTUELL Rede und Antwort: Bei Kemferts Klima Podcast stellt sich Prof. Dr. Claudia Kemfert den Fragen, ordnet den Wust an Informationen ein und gibt Tipps f\u00fcr ein nachhaltigeres Leben.<\/p>\n<\/div>\n<\/div>\n<\/div>\n<\/div>\n<\/div>\n<p>&nbsp;<\/p>\n<p>&nbsp;<\/p>\n<p>&nbsp;<\/p>\n<div class=\"con\">\n<div class=\"modCon\">\n<div class=\"mod modA\">\n<div class=\"boxCon\">\n<div class=\"box cssBroadcastContentInfos\">\n<p style=\"text-align: justify;\"><strong>* Thomas Kundt, Tatortreiniger<\/strong><\/p>\n<p>&nbsp;<\/p>\n<p style=\"text-align: justify;\">F\u00fcr seinen ersten Einsatz r\u00fcstete er sich noch im Baumarkt aus, inzwischen hat er zehn Mitarbeiter und ist Ansprechpartner f\u00fcr Kriminalpolizei, Hausverwaltungen, Sozialverb\u00e4nde. Denn er kommt, wenn es f\u00fcr andere zu ekelig wird: Tatortreiniger Thomas Kundt h\u00e4ngte seinen Beruf als Finanzberater an den Nagel und folgte seiner Berufung. Als Tatortreiniger, Desinfektor und Gutachter f\u00fcr Leichenfundorte erlebt er Schauriges und Skurriles zugleich und als B\u00fchnenmensch und Buchautor verarbeitet er seine Erfahrungen. Im &#8222;Riverboat&#8220; gestattet er uns einen Blick durchs Schl\u00fcsselloch.<\/p>\n<\/div>\n<\/div>\n<\/div>\n<\/div>\n<\/div>\n","protected":false},"excerpt":{"rendered":"<p>MDR FERNSEHEN + rbb FERNSEHEN, 22:00 Uhr &#8211; 00:10 Uhr!<\/p>\n","protected":false},"author":2,"featured_media":52035,"comment_status":"open","ping_status":"closed","sticky":false,"template":"","format":"standard","meta":{"_FSMCFIC_featured_image_caption":"","_FSMCFIC_featured_image_nocaption":"","_FSMCFIC_featured_image_hide":""},"categories":[23,28,29,128],"tags":[131],"acf":[],"_links":{"self":[{"href":"https:\/\/smago.de\/ws2\/wp-json\/wp\/v2\/posts\/173747"}],"collection":[{"href":"https:\/\/smago.de\/ws2\/wp-json\/wp\/v2\/posts"}],"about":[{"href":"https:\/\/smago.de\/ws2\/wp-json\/wp\/v2\/types\/post"}],"author":[{"embeddable":true,"href":"https:\/\/smago.de\/ws2\/wp-json\/wp\/v2\/users\/2"}],"replies":[{"embeddable":true,"href":"https:\/\/smago.de\/ws2\/wp-json\/wp\/v2\/comments?post=173747"}],"version-history":[{"count":5,"href":"https:\/\/smago.de\/ws2\/wp-json\/wp\/v2\/posts\/173747\/revisions"}],"predecessor-version":[{"id":173761,"href":"https:\/\/smago.de\/ws2\/wp-json\/wp\/v2\/posts\/173747\/revisions\/173761"}],"wp:featuredmedia":[{"embeddable":true,"href":"https:\/\/smago.de\/ws2\/wp-json\/wp\/v2\/media\/52035"}],"wp:attachment":[{"href":"https:\/\/smago.de\/ws2\/wp-json\/wp\/v2\/media?parent=173747"}],"wp:term":[{"taxonomy":"category","embeddable":true,"href":"https:\/\/smago.de\/ws2\/wp-json\/wp\/v2\/categories?post=173747"},{"taxonomy":"post_tag","embeddable":true,"href":"https:\/\/smago.de\/ws2\/wp-json\/wp\/v2\/tags?post=173747"}],"curies":[{"name":"wp","href":"https:\/\/api.w.org\/{rel}","templated":true}]}}