{"id":173436,"date":"2021-10-29T00:00:48","date_gmt":"2021-10-28T22:00:48","guid":{"rendered":"https:\/\/smago.de\/ws2\/?p=173436"},"modified":"2021-10-28T08:14:40","modified_gmt":"2021-10-28T06:14:40","slug":"kerstin-ott-heute-vorabend-29-10-2021-in-der-sendung-das-zu-gast","status":"publish","type":"post","link":"https:\/\/smago.de\/ws2\/pop-schlager\/kerstin-ott-heute-vorabend-29-10-2021-in-der-sendung-das-zu-gast\/","title":{"rendered":"KERSTIN OTT <br>Heute Vorabend (29.10.2021) in der Sendung &#8222;DAS!&#8220; zu Gast!"},"content":{"rendered":"<p style=\"text-align: justify;\">NDR fernsehen, 18:45 Uhr &#8211; 19:30 Uhr (Wh. in der Nacht auf 30.10., 05:15 Uhr &#8211; 06:00 Uhr)!<br \/>\n<!--more--><\/p>\n<p>&nbsp;<\/p>\n<p>&nbsp;<\/p>\n<p style=\"text-align: justify;\">Mit dem Ohrwurm &#8222;Die immer lacht&#8220; wird sie quasi \u00fcber Nacht zum Star: S\u00e4ngerin und Songwriterin KERSTIN OTT. Den Hit hat sie 2005 &#8211; damals noch als Hobbymusikerin &#8211; innerhalb von f\u00fcnf Minuten am K\u00fcchentisch f\u00fcr eine erkrankte Freundin geschrieben. Doch entdeckt werden der Song und Kerstin Ott erst elf Jahre sp\u00e4ter durch Zufall im Internet. In der Folge singt sie ein Duett mit Helene Fischer, ver\u00f6ffentlicht weitere \u00e4u\u00dferst erfolgreiche Alben, tanzt bei &#8222;Let\u2019s Dance&#8220; und hat eine gro\u00dfe begeisterte Fangemeinde.<\/p>\n<p style=\"text-align: justify;\">Es l\u00e4uft rund bei Kerstin Ott, die eine schwere Kindheit hatte &#8211; inzwischen auch privat: Heute lebt sie mit ihrer Frau, den zwei Kindern und vielen Tieren in Heide in Schleswig-Holstein. Als Kind nimmt sie an Talentwettbewerben teil und singt im Chor von Rolf Zuckowski. Vor ihrer Musikkarriere arbeitet sie als Malerin und Lackiererin. In der Coronazeit lebt sie ihre Handwerks-Leidenschaft wieder voll aus: &#8222;Wir haben sehr viel renoviert bei uns zu Hause. Das war sehr sch\u00f6n und ich bin ein bisschen in meinen alten Beruf wieder eingetaucht.&#8220; Vor einigen Wochen hat die 39-J\u00e4hrige ihr neues Album &#8222;Nachts sind alle Katzen grau&#8220; ver\u00f6ffentlicht und geht endlich wieder auf Tour.<\/p>\n<p>&nbsp;<\/p>\n<p>&nbsp;<\/p>\n<figure id=\"attachment_173440\" aria-describedby=\"caption-attachment-173440\" style=\"width: 800px\" class=\"wp-caption alignnone\"><img decoding=\"async\" loading=\"lazy\" class=\"size-large wp-image-173440\" src=\"https:\/\/smago.de\/ws2\/wp-content\/uploads\/2021\/10\/Ott_NONA-Studios-800x533.jpeg\" alt=\"\" width=\"800\" height=\"533\" srcset=\"https:\/\/smago.de\/ws2\/wp-content\/uploads\/2021\/10\/Ott_NONA-Studios-800x533.jpeg 800w, https:\/\/smago.de\/ws2\/wp-content\/uploads\/2021\/10\/Ott_NONA-Studios-522x348.jpeg 522w, https:\/\/smago.de\/ws2\/wp-content\/uploads\/2021\/10\/Ott_NONA-Studios-225x150.jpeg 225w, https:\/\/smago.de\/ws2\/wp-content\/uploads\/2021\/10\/Ott_NONA-Studios-768x512.jpeg 768w, https:\/\/smago.de\/ws2\/wp-content\/uploads\/2021\/10\/Ott_NONA-Studios-1536x1024.jpeg 1536w, https:\/\/smago.de\/ws2\/wp-content\/uploads\/2021\/10\/Ott_NONA-Studios-2048x1365.jpeg 2048w, https:\/\/smago.de\/ws2\/wp-content\/uploads\/2021\/10\/Ott_NONA-Studios-392x261.jpeg 392w, https:\/\/smago.de\/ws2\/wp-content\/uploads\/2021\/10\/Ott_NONA-Studios-130x87.jpeg 130w, https:\/\/smago.de\/ws2\/wp-content\/uploads\/2021\/10\/Ott_NONA-Studios-668x445.jpeg 668w, https:\/\/smago.de\/ws2\/wp-content\/uploads\/2021\/10\/Ott_NONA-Studios-783x522.jpeg 783w, https:\/\/smago.de\/ws2\/wp-content\/uploads\/2021\/10\/Ott_NONA-Studios-285x190.jpeg 285w, https:\/\/smago.de\/ws2\/wp-content\/uploads\/2021\/10\/Ott_NONA-Studios-435x290.jpeg 435w, https:\/\/smago.de\/ws2\/wp-content\/uploads\/2021\/10\/Ott_NONA-Studios-150x100.jpeg 150w, https:\/\/smago.de\/ws2\/wp-content\/uploads\/2021\/10\/Ott_NONA-Studios-370x247.jpeg 370w\" sizes=\"(max-width: 800px) 100vw, 800px\" \/><figcaption id=\"caption-attachment-173440\" class=\"wp-caption-text\"><em>Foto-Credit: NONA STUDIOS<\/em><\/figcaption><\/figure>\n","protected":false},"excerpt":{"rendered":"<p>NDR fernsehen, 18:45 Uhr &#8211; 19:30 Uhr (Wh. in der Nacht auf 30.10., 05:15 Uhr &#8211; 06:00 Uhr)!<\/p>\n","protected":false},"author":2,"featured_media":173440,"comment_status":"open","ping_status":"closed","sticky":false,"template":"","format":"standard","meta":{"_FSMCFIC_featured_image_caption":"","_FSMCFIC_featured_image_nocaption":"","_FSMCFIC_featured_image_hide":""},"categories":[28,128],"tags":[188],"acf":[],"_links":{"self":[{"href":"https:\/\/smago.de\/ws2\/wp-json\/wp\/v2\/posts\/173436"}],"collection":[{"href":"https:\/\/smago.de\/ws2\/wp-json\/wp\/v2\/posts"}],"about":[{"href":"https:\/\/smago.de\/ws2\/wp-json\/wp\/v2\/types\/post"}],"author":[{"embeddable":true,"href":"https:\/\/smago.de\/ws2\/wp-json\/wp\/v2\/users\/2"}],"replies":[{"embeddable":true,"href":"https:\/\/smago.de\/ws2\/wp-json\/wp\/v2\/comments?post=173436"}],"version-history":[{"count":5,"href":"https:\/\/smago.de\/ws2\/wp-json\/wp\/v2\/posts\/173436\/revisions"}],"predecessor-version":[{"id":173443,"href":"https:\/\/smago.de\/ws2\/wp-json\/wp\/v2\/posts\/173436\/revisions\/173443"}],"wp:featuredmedia":[{"embeddable":true,"href":"https:\/\/smago.de\/ws2\/wp-json\/wp\/v2\/media\/173440"}],"wp:attachment":[{"href":"https:\/\/smago.de\/ws2\/wp-json\/wp\/v2\/media?parent=173436"}],"wp:term":[{"taxonomy":"category","embeddable":true,"href":"https:\/\/smago.de\/ws2\/wp-json\/wp\/v2\/categories?post=173436"},{"taxonomy":"post_tag","embeddable":true,"href":"https:\/\/smago.de\/ws2\/wp-json\/wp\/v2\/tags?post=173436"}],"curies":[{"name":"wp","href":"https:\/\/api.w.org\/{rel}","templated":true}]}}