{"id":173113,"date":"2021-10-21T22:10:29","date_gmt":"2021-10-21T20:10:29","guid":{"rendered":"https:\/\/smago.de\/ws2\/?p=173113"},"modified":"2021-10-23T16:03:16","modified_gmt":"2021-10-23T14:03:16","slug":"matthias-reim-neues-album-matthias-in-der-pipeline","status":"publish","type":"post","link":"https:\/\/smago.de\/ws2\/pop-schlager\/matthias-reim-neues-album-matthias-in-der-pipeline\/","title":{"rendered":"MATTHIAS REIM <br>Neues Album &#8222;Matthias&#8220; in der Pipeline!"},"content":{"rendered":"<p>Die erste Single daraus &#8211; &#8222;4 Uhr 30&#8220; &#8211; ist bereits erh\u00e4ltlich!<br \/>\n<!--more--><\/p>\n<p>&nbsp;<\/p>\n<p>&nbsp;<\/p>\n<p style=\"text-align: justify;\">Das R\u00e4tsel um das neue MATTHIAS REIM Album ist gel\u00f6st.<\/p>\n<p style=\"text-align: justify;\">Es wird schlicht und ergreifend &#8222;Matthias&#8220; hei\u00dfen.<\/p>\n<p style=\"text-align: justify;\"><em>smago!<\/em> tippt auf den 14. Januar 2022 als Ver\u00f6ffentlichungstermin. Wobei der 14.01.2022 nat\u00fcrlich noch nicht offiziell best\u00e4tigt ist.<\/p>\n<p style=\"text-align: justify;\">Die Vorab-Single &#8222;4 Uhr 30&#8220; ist bereits auf dem Markt. &#8222;4 Uhr 30&#8220; packte es zudem bis auf Platz 1 der Radio Charts &#8222;Deutschland Konservativ Pop&#8220; und konnte sich auch in den internationalen Top 100 Airplay Charts wacker behaupten.<\/p>\n<p>&nbsp;<\/p>\n<div class=\"mceTemp\"><\/div>\n<p>&nbsp;<\/p>\n<p><img decoding=\"async\" loading=\"lazy\" class=\"alignnone size-full wp-image-173227\" src=\"https:\/\/smago.de\/ws2\/wp-content\/uploads\/2021\/10\/reim_matthias.jpeg\" alt=\"\" width=\"500\" height=\"500\" srcset=\"https:\/\/smago.de\/ws2\/wp-content\/uploads\/2021\/10\/reim_matthias.jpeg 500w, https:\/\/smago.de\/ws2\/wp-content\/uploads\/2021\/10\/reim_matthias-150x150.jpeg 150w, https:\/\/smago.de\/ws2\/wp-content\/uploads\/2021\/10\/reim_matthias-272x272.jpeg 272w, https:\/\/smago.de\/ws2\/wp-content\/uploads\/2021\/10\/reim_matthias-130x130.jpeg 130w, https:\/\/smago.de\/ws2\/wp-content\/uploads\/2021\/10\/reim_matthias-445x445.jpeg 445w, https:\/\/smago.de\/ws2\/wp-content\/uploads\/2021\/10\/reim_matthias-190x190.jpeg 190w, https:\/\/smago.de\/ws2\/wp-content\/uploads\/2021\/10\/reim_matthias-290x290.jpeg 290w\" sizes=\"(max-width: 500px) 100vw, 500px\" \/><\/p>\n","protected":false},"excerpt":{"rendered":"<p>Die erste Single daraus &#8211; &#8222;4 Uhr 30&#8220; &#8211; ist bereits erh\u00e4ltlich!<\/p>\n","protected":false},"author":2,"featured_media":173227,"comment_status":"open","ping_status":"closed","sticky":false,"template":"","format":"standard","meta":{"_FSMCFIC_featured_image_caption":"","_FSMCFIC_featured_image_nocaption":"","_FSMCFIC_featured_image_hide":""},"categories":[28],"tags":[50],"acf":[],"_links":{"self":[{"href":"https:\/\/smago.de\/ws2\/wp-json\/wp\/v2\/posts\/173113"}],"collection":[{"href":"https:\/\/smago.de\/ws2\/wp-json\/wp\/v2\/posts"}],"about":[{"href":"https:\/\/smago.de\/ws2\/wp-json\/wp\/v2\/types\/post"}],"author":[{"embeddable":true,"href":"https:\/\/smago.de\/ws2\/wp-json\/wp\/v2\/users\/2"}],"replies":[{"embeddable":true,"href":"https:\/\/smago.de\/ws2\/wp-json\/wp\/v2\/comments?post=173113"}],"version-history":[{"count":3,"href":"https:\/\/smago.de\/ws2\/wp-json\/wp\/v2\/posts\/173113\/revisions"}],"predecessor-version":[{"id":173228,"href":"https:\/\/smago.de\/ws2\/wp-json\/wp\/v2\/posts\/173113\/revisions\/173228"}],"wp:featuredmedia":[{"embeddable":true,"href":"https:\/\/smago.de\/ws2\/wp-json\/wp\/v2\/media\/173227"}],"wp:attachment":[{"href":"https:\/\/smago.de\/ws2\/wp-json\/wp\/v2\/media?parent=173113"}],"wp:term":[{"taxonomy":"category","embeddable":true,"href":"https:\/\/smago.de\/ws2\/wp-json\/wp\/v2\/categories?post=173113"},{"taxonomy":"post_tag","embeddable":true,"href":"https:\/\/smago.de\/ws2\/wp-json\/wp\/v2\/tags?post=173113"}],"curies":[{"name":"wp","href":"https:\/\/api.w.org\/{rel}","templated":true}]}}