{"id":172908,"date":"2021-10-18T00:00:57","date_gmt":"2021-10-17T22:00:57","guid":{"rendered":"https:\/\/smago.de\/ws2\/?p=172908"},"modified":"2021-10-18T14:37:21","modified_gmt":"2021-10-18T12:37:21","slug":"hape-kerkeling-multitalent-hape-kerkeling-bei-vox","status":"publish","type":"post","link":"https:\/\/smago.de\/ws2\/nonsens\/hape-kerkeling-multitalent-hape-kerkeling-bei-vox\/","title":{"rendered":"HAPE KERKELING <br>Multitalent Hape Kerkeling bei VOX:"},"content":{"rendered":"<p>Start der Reise-Doku \u201eHape und die 7 Zwergstaaten\u201c am 21.11.2021!<br \/>\n<!--more--><\/p>\n<p>&nbsp;<\/p>\n<div class=\"row\">\n<div class=\"col-md-12\">\n<div class=\"pressemitteilung social\">\n<div class=\"content\">\n<div class=\"textundbild\">\n<p style=\"text-align: justify;\">\u201eIn der Pandemie ist mein Hunger auf die B\u00fchne und das Fernsehen auf einmal doch wieder gr\u00f6\u00dfer geworden. Und nach sieben Jahren TV-Pause hatte ich die ein oder andere Idee im Kopf, die ich gerne realisieren wollte\u201c, so Zuschauer-Liebling Hape Kerkeling. \u201eIch habe mir \u00fcberlegt, was w\u00fcrde ich eigentlich gerne nochmal im Fernsehen machen. Und dazu geh\u00f6rt die Idee zur VOX-Sendung \u201aHape und die 7 Zwergstaaten\u2018. Ich wollte immer schon mal die sieben Zwergstaaten bereisen und wissen, wie diese skurrilen Gebilde es geschafft haben, die Zeiten zu \u00fcberdauern und heute immer noch zu bestehen. Und das beleuchten wir in der Sendung \u2013 historisch, satirisch, informativ und touristisch.\u201c<\/p>\n<p style=\"text-align: justify;\">Der Starttermin, an dem der charmante Komiker Hape Kerkeling die Zuschauer mit auf diese au\u00dfergew\u00f6hnliche Reise nimmt, steht fest \u2013 ab dem 21. November in sieben Folgen sonntags um 19:10 Uhr bei VOX! Hape wird zum kultigen Reisef\u00fchrer und bereist die sieben Zwergstaaten Andorra, Liechtenstein, Luxemburg, Malta, Monaco, San Marino und den Vatikan. Wie sind diese Staaten entstanden? Warum k\u00f6nnen sie bis heute existieren? Was ist ihr Geheimnis? Wie ticken Land und Leute? Zuschauer-Liebling Hape beantwortet diese Fragen auf seine ganz eigene Art und Weise lustig, ehrlich und informativ \u2013 und in Gespr\u00e4chen mit Landsleuten und Landeskennern.<\/p>\n<p style=\"text-align: justify;\">Zum Auftakt geht es nach Malta, wo Hape Kerkeling u.a. auf den in Malta geborenen Operns\u00e4nger Joseph Calleja trifft.<\/p>\n<p style=\"text-align: justify;\">Produziert wird die Reisedokumentation \u201eHape und die 7 Zwergstaaten\u201c von der i&amp;u TV Produktion GmbH. Au\u00dferdem begleitet das im Verlag Gruner+Jahr erscheinende Reise-Magazin GEO Saison die VOX-Sendung in zwei seiner Ausgaben: 12\/2021 und 1\/2022, die am 17. November und 15. Dezember erscheinen.<\/p>\n<p style=\"text-align: justify;\">Im Dezember startet bei VOX eine weitere Sendung mit Multitalent Hape Kerkeling: In \u201eEin Abend mit Hape Kerkeling\u201c liest der Entertainer im Hansa-Theater in Hamburg aus seinem neuen Buch \u201ePfoten vom Tisch! Meine Katzen, andere Katzen und ich\u201c, er stellt sich den Fragen des Publikums und der Journalistin und Moderatorin Dunja Hayali und singt live zwei Songs aus seinem neuen Album \u201eMal unter uns\u2026\u201c. Der genaue Sendetermin wird rechtzeitig bekannt gegeben.<\/p>\n<\/div>\n<\/div>\n<\/div>\n<\/div>\n<\/div>\n<p>&nbsp;<\/p>\n<p>&nbsp;<\/p>\n<figure id=\"attachment_172909\" aria-describedby=\"caption-attachment-172909\" style=\"width: 800px\" class=\"wp-caption alignnone\"><img decoding=\"async\" loading=\"lazy\" class=\"size-large wp-image-172909\" src=\"https:\/\/smago.de\/ws2\/wp-content\/uploads\/2021\/10\/1802297-800x450.jpg\" alt=\"\" width=\"800\" height=\"450\" srcset=\"https:\/\/smago.de\/ws2\/wp-content\/uploads\/2021\/10\/1802297-800x450.jpg 800w, https:\/\/smago.de\/ws2\/wp-content\/uploads\/2021\/10\/1802297-522x294.jpg 522w, https:\/\/smago.de\/ws2\/wp-content\/uploads\/2021\/10\/1802297-267x150.jpg 267w, https:\/\/smago.de\/ws2\/wp-content\/uploads\/2021\/10\/1802297-768x432.jpg 768w, https:\/\/smago.de\/ws2\/wp-content\/uploads\/2021\/10\/1802297-1536x864.jpg 1536w, https:\/\/smago.de\/ws2\/wp-content\/uploads\/2021\/10\/1802297-2048x1152.jpg 2048w, https:\/\/smago.de\/ws2\/wp-content\/uploads\/2021\/10\/1802297-392x221.jpg 392w, https:\/\/smago.de\/ws2\/wp-content\/uploads\/2021\/10\/1802297-130x73.jpg 130w, https:\/\/smago.de\/ws2\/wp-content\/uploads\/2021\/10\/1802297-791x445.jpg 791w, https:\/\/smago.de\/ws2\/wp-content\/uploads\/2021\/10\/1802297-870x489.jpg 870w, https:\/\/smago.de\/ws2\/wp-content\/uploads\/2021\/10\/1802297-292x164.jpg 292w, https:\/\/smago.de\/ws2\/wp-content\/uploads\/2021\/10\/1802297-435x245.jpg 435w, https:\/\/smago.de\/ws2\/wp-content\/uploads\/2021\/10\/1802297-895x503.jpg 895w\" sizes=\"(max-width: 800px) 100vw, 800px\" \/><figcaption id=\"caption-attachment-172909\" class=\"wp-caption-text\"><em>Foto-Credit: RTL \/ Boris Breuer<\/em><\/figcaption><\/figure>\n<p>&nbsp;<\/p>\n<p>&nbsp;<\/p>\n<p>&nbsp;<\/p>\n<p>Bitte beachten Sie auch <strong><a href=\"http:\/\/www.tvnow.de\">www.tvnow.de<\/a><\/strong>!<\/p>\n","protected":false},"excerpt":{"rendered":"<p>Start der Reise-Doku \u201eHape und die 7 Zwergstaaten\u201c am 21.11.2021!<\/p>\n","protected":false},"author":2,"featured_media":172909,"comment_status":"open","ping_status":"closed","sticky":false,"template":"","format":"standard","meta":{"_FSMCFIC_featured_image_caption":"","_FSMCFIC_featured_image_nocaption":"","_FSMCFIC_featured_image_hide":""},"categories":[23,128],"tags":[1892],"acf":[],"_links":{"self":[{"href":"https:\/\/smago.de\/ws2\/wp-json\/wp\/v2\/posts\/172908"}],"collection":[{"href":"https:\/\/smago.de\/ws2\/wp-json\/wp\/v2\/posts"}],"about":[{"href":"https:\/\/smago.de\/ws2\/wp-json\/wp\/v2\/types\/post"}],"author":[{"embeddable":true,"href":"https:\/\/smago.de\/ws2\/wp-json\/wp\/v2\/users\/2"}],"replies":[{"embeddable":true,"href":"https:\/\/smago.de\/ws2\/wp-json\/wp\/v2\/comments?post=172908"}],"version-history":[{"count":1,"href":"https:\/\/smago.de\/ws2\/wp-json\/wp\/v2\/posts\/172908\/revisions"}],"predecessor-version":[{"id":172910,"href":"https:\/\/smago.de\/ws2\/wp-json\/wp\/v2\/posts\/172908\/revisions\/172910"}],"wp:featuredmedia":[{"embeddable":true,"href":"https:\/\/smago.de\/ws2\/wp-json\/wp\/v2\/media\/172909"}],"wp:attachment":[{"href":"https:\/\/smago.de\/ws2\/wp-json\/wp\/v2\/media?parent=172908"}],"wp:term":[{"taxonomy":"category","embeddable":true,"href":"https:\/\/smago.de\/ws2\/wp-json\/wp\/v2\/categories?post=172908"},{"taxonomy":"post_tag","embeddable":true,"href":"https:\/\/smago.de\/ws2\/wp-json\/wp\/v2\/tags?post=172908"}],"curies":[{"name":"wp","href":"https:\/\/api.w.org\/{rel}","templated":true}]}}