{"id":172716,"date":"2021-10-15T00:00:40","date_gmt":"2021-10-14T22:00:40","guid":{"rendered":"https:\/\/smago.de\/ws2\/?p=172716"},"modified":"2021-10-13T15:27:15","modified_gmt":"2021-10-13T13:27:15","slug":"thomas-hermanns-u-a-heute-15-10-2021-in-der-ndr-talk-show-zu-gast","status":"publish","type":"post","link":"https:\/\/smago.de\/ws2\/comedy\/thomas-hermanns-u-a-heute-15-10-2021-in-der-ndr-talk-show-zu-gast\/","title":{"rendered":"THOMAS HERMANNS u.a. <br>Heute (15.10.2021) in der &#8222;NDR Talk Show&#8220; zu Gast!"},"content":{"rendered":"<p>NDR fernsehen, 22:00 Uhr &#8211; 00:00 Uhr! Moderation: Barbara Sch\u00f6neberger und Hubertus Meyer-Burckhardt!<br \/>\n<!--more--><\/p>\n<p>&nbsp;<\/p>\n<p style=\"text-align: justify;\">\n<p style=\"text-align: justify;\">Barbara Sch\u00f6neberger und Hubertus Meyer-Burckhardt begr\u00fc\u00dfen in der &#8222;NDR Talk Show&#8220; aus Hamburg folgende G\u00e4ste:<\/p>\n<p>&nbsp;<\/p>\n<p>&nbsp;<\/p>\n<p>&nbsp;<\/p>\n<p>&nbsp;<\/p>\n<h2 style=\"text-align: justify;\">Thomas Hermanns, Moderator<\/h2>\n<div class=\"contentimage w50\" style=\"text-align: justify;\"><\/div>\n<p style=\"text-align: justify;\">Er gilt als Godfather der deutschen Comedy-Szene, weil er Stars wie Michael Mittermaier, Kaya Yanar und Cindy aus Marzahn nicht nur entdeckt hat, sondern sie auch gleich in seinem legend\u00e4ren &#8222;Quatsch Comedy Club&#8220; ber\u00fchmt gemacht hat. Seine Liebe zum Entertainment begann fr\u00fch, die Jugendjahre in einem Hochhaus in der N\u00e4he von N\u00fcrnberg pr\u00e4gten seinen heutigen Sinn f\u00fcr \u00c4sthetik, Humor und Unterhaltung. Der kleine Thomas Hermanns fl\u00fcchtete sich in die bunte Welt der amerikanischen TV-Serien, absolvierte als Achtj\u00e4hriger auf eigenen Wunsch Tanzkurse und wurde zum Virtuosen auf seiner Heimorgel. Nach einem Studium der Theaterwissenschaften f\u00fchrte er das erste Mal Regie bei Modenschauen und sp\u00e4ter auch f\u00fcr Musicals. Dann machte er sich in erster Linie durch seine Pionierarbeit f\u00fcr deutschsprachige Stand Up Comedy einen Namen. Auch als Buchautor ist Hermanns erfolgreich. Warum er sich in seinem j\u00fcngsten Werk dem Thema Astrologie widmet, verr\u00e4t das Multitalent in der NDR Talk Show.<\/p>\n<h2><\/h2>\n<h2><\/h2>\n<h2><\/h2>\n<h2><\/h2>\n<h2 style=\"text-align: justify;\">Reinhold Messner, Bergsteiger, Abenteurer und Autor<\/h2>\n<div class=\"contentimage w50\" style=\"text-align: justify;\"><\/div>\n<p style=\"text-align: justify;\">&#8222;Der traditionelle Alpinismus ist die Kunst, dort zu \u00fcberleben, wo der Mensch nicht hingeh\u00f6rt&#8220;, hat er einmal gesagt. Diese Kunst hat er auf die Spitze getrieben: Reinhold Messner, der Mann der Superlative. Er hat alle 14 Achttausender bestiegen, er bestieg den Mount Everest ohne Flaschensauerstoff und als erster im Alleingang den Nanga Parbat. Er ist durch zwei W\u00fcsten gelaufen und hat die Antarktis durchquert. Er hat sich Zehen abgefroren, er hatte Erfrierungen an den Fingern, er hatte f\u00fcnfmal den nahenden Tod vor Augen und angeblich selbst den Yeti gesehen. Seit vielen Jahren k\u00e4mpft er f\u00fcr einen \u00f6kologisch nachhaltigen Umgang mit der Bergnatur. Was er darunter versteht und was f\u00fcr ihn die Faszination des Bergsteigens ausmacht, erz\u00e4hlt Reinhold Messner in der NDR Talk Show.<\/p>\n<h2><\/h2>\n<h2><\/h2>\n<h2><\/h2>\n<h2><\/h2>\n<h2 style=\"text-align: justify;\">Dr. Ruth Gr\u00fctzbauch, Astronomin und Autorin<\/h2>\n<div class=\"contentimage w50\" style=\"text-align: justify;\"><\/div>\n<p style=\"text-align: justify;\">Die Astronomin Dr. Ruth Gr\u00fctzbauch hat nach ihrer Promotion in Wien an verschiedenen internationalen Universit\u00e4ten geforscht und bis 2017 bei einem der gr\u00f6\u00dften Radioteleskope der Welt nahe Manchester gearbeitet. Nun vermittelt sie ihr Wissen auf sehr unkonventionelle Weise: Sie f\u00e4hrt mit ihrem Pop-up-Planetarium, das in ein Lastenrad passt, zu Schulen und anderen Institutionen und erz\u00e4hlt \u00fcber die unendlichen Weiten des Weltraums. In ihrem Buch &#8222;Per Lastenrad durch die Galaxis&#8220; und in der NDR Talk Show verr\u00e4t die Wissenschaftlerin aus \u00d6sterreich Wissenswertes und Verbl\u00fcffendes \u00fcber das Universum.<\/p>\n<div class=\"contentbox list voll\" style=\"text-align: justify;\">\n<div class=\"teaser\">\n<div class=\"teaserimage\"><\/div>\n<div class=\"teaserpadding\">\n<div class=\"teasertext\">\n<p>&nbsp;<\/p>\n<\/div>\n<\/div>\n<\/div>\n<\/div>\n<h2><\/h2>\n<h2><\/h2>\n<h2><\/h2>\n<h2><\/h2>\n<h2 style=\"text-align: justify;\">Marco Russ, Fu\u00dfballspieler<\/h2>\n<div class=\"contentimage w50\" style=\"text-align: justify;\"><\/div>\n<p style=\"text-align: justify;\">Wenn der Fu\u00dfball wie das Leben ist, dann war die Karriere von Marco Russ wie ein Zweikampf. Ein Zweikampf mit sich selbst auf dem steinigen Weg vom Jugendspieler zum langj\u00e4hrigen Kapit\u00e4n und Publikumsliebling von Eintracht Frankfurt. Ein Zweikampf aber auch gegen den Hodenkrebs, an dem er v\u00f6llig \u00fcberraschend erkrankte und der ihn fast vom Platz gestellt h\u00e4tte. 2017 feiert er nach harten Monaten der Therapie sein Comeback auf dem Fu\u00dfballplatz und erreicht ein Jahr sp\u00e4ter den H\u00f6hepunkt seiner Karriere: Mit der Eintracht gewinnt er den DFB-Pokal. Wie er diese emotionale Achterbahnfahrt erlebte, erz\u00e4hlt Marco Russ in der NDR Talk Show.<\/p>\n<h2><\/h2>\n<h2><\/h2>\n<h2><\/h2>\n<h2><\/h2>\n<h2 style=\"text-align: justify;\">Dr. Anne Fleck, \u00c4rztin<\/h2>\n<div class=\"contentimage w50\" style=\"text-align: justify;\"><\/div>\n<p style=\"text-align: justify;\">Seit dem gro\u00dfen Erfolg der Sendung <a title=\"Zum Artikel: Die Ern\u00e4hrungs-Docs\" href=\"https:\/\/www.ndr.de\/fernsehen\/sendungen\/die-ernaehrungsdocs\/index.html\">&#8222;Die Ern\u00e4hrungs Docs&#8220;<\/a> im NDR Fernsehen ist Anne Fleck eine feste TV-Instanz in Sachen Ern\u00e4hrung und Gesundheit. &#8222;Doc Fleck&#8220;, wie sie sich selber nennt, ist seit Jahren auf dem Gebiet der innovativen Ern\u00e4hrungs- und Pr\u00e4ventionsmedizin t\u00e4tig. Als Fach\u00e4rztin f\u00fcr Innere Medizin und Rheumatologie mit Expertise auf dem Gebiet der Naturheilkunde deckt Anne Fleck ein breites Spektrum ab. Sie selbst sieht sich als &#8222;Medizindetektivin&#8220; und hilft den Menschen, besser durch den Alltag zu kommen. Welche Tipps sie f\u00fcr die beginnende dunkle Jahreszeit parat hat, das verr\u00e4t Dr. Anne Fleck in der NDR Talk Show.<\/p>\n<h2><\/h2>\n<h2><\/h2>\n<h2><\/h2>\n<h2><\/h2>\n<h2 style=\"text-align: justify;\">Edina M\u00fcller, Paralympicssiegerin<\/h2>\n<div class=\"contentimage w50\" style=\"text-align: justify;\"><\/div>\n<p style=\"text-align: justify;\">Sie ist eine Meisterin im wahrsten Sinne des Wortes: Was Edina M\u00fcller in diesem Jahr alles gemeistert hat, ist tats\u00e4chlich au\u00dfergew\u00f6hnlich. Die 38-j\u00e4hrige Hamburgerin holte in Tokio Paralympics-Gold im Renn-Kanu. Dabei hat sie erst vor f\u00fcnf Jahren die Sportart gewechselt vom Basketball zum Kanufahren. 2012 hatte sie in dieser Disziplin ebenfalls eine Goldmedaille bei den Paralympics gewonnen. Fast genauso intensiv wie beim Wettkampf hat sie sich hinter den Kulissen daf\u00fcr eingesetzt, ihren 2-j\u00e4hrigen Sohn Liam mit nach Tokio nehmen zu d\u00fcrfen. &#8222;Sie ist nicht nur eine gro\u00dfe Sportlerin, sondern ein beeindruckender Mensch&#8220;, lobte Friedhelm-Julius Beucher, Pr\u00e4sident des Deutschen Behindertensportverbandes. Woher die Sporttherapeutin ihre Kraft nimmt, das erz\u00e4hlt sie in der NDR Talk Show.<\/p>\n<p>&nbsp;<\/p>\n<p>&nbsp;<\/p>\n<figure id=\"attachment_172717\" aria-describedby=\"caption-attachment-172717\" style=\"width: 800px\" class=\"wp-caption alignnone\"><img decoding=\"async\" loading=\"lazy\" class=\"size-large wp-image-172717\" src=\"https:\/\/smago.de\/ws2\/wp-content\/uploads\/2021\/10\/1_NDR_Talk_Show_2016-800x457.jpg\" alt=\"\" width=\"800\" height=\"457\" srcset=\"https:\/\/smago.de\/ws2\/wp-content\/uploads\/2021\/10\/1_NDR_Talk_Show_2016-800x457.jpg 800w, https:\/\/smago.de\/ws2\/wp-content\/uploads\/2021\/10\/1_NDR_Talk_Show_2016-522x298.jpg 522w, https:\/\/smago.de\/ws2\/wp-content\/uploads\/2021\/10\/1_NDR_Talk_Show_2016-263x150.jpg 263w, https:\/\/smago.de\/ws2\/wp-content\/uploads\/2021\/10\/1_NDR_Talk_Show_2016-768x439.jpg 768w, https:\/\/smago.de\/ws2\/wp-content\/uploads\/2021\/10\/1_NDR_Talk_Show_2016-1536x878.jpg 1536w, https:\/\/smago.de\/ws2\/wp-content\/uploads\/2021\/10\/1_NDR_Talk_Show_2016-2048x1170.jpg 2048w, https:\/\/smago.de\/ws2\/wp-content\/uploads\/2021\/10\/1_NDR_Talk_Show_2016-392x224.jpg 392w, https:\/\/smago.de\/ws2\/wp-content\/uploads\/2021\/10\/1_NDR_Talk_Show_2016-130x74.jpg 130w, https:\/\/smago.de\/ws2\/wp-content\/uploads\/2021\/10\/1_NDR_Talk_Show_2016-779x445.jpg 779w, https:\/\/smago.de\/ws2\/wp-content\/uploads\/2021\/10\/1_NDR_Talk_Show_2016-870x497.jpg 870w, https:\/\/smago.de\/ws2\/wp-content\/uploads\/2021\/10\/1_NDR_Talk_Show_2016-292x167.jpg 292w, https:\/\/smago.de\/ws2\/wp-content\/uploads\/2021\/10\/1_NDR_Talk_Show_2016-435x249.jpg 435w, https:\/\/smago.de\/ws2\/wp-content\/uploads\/2021\/10\/1_NDR_Talk_Show_2016-510x290.jpg 510w\" sizes=\"(max-width: 800px) 100vw, 800px\" \/><figcaption id=\"caption-attachment-172717\" class=\"wp-caption-text\"><em>\u00a9 NDR \/ Uwe Ernst<\/em><\/figcaption><\/figure>\n","protected":false},"excerpt":{"rendered":"<p>NDR fernsehen, 22:00 Uhr &#8211; 00:00 Uhr! Moderation: Barbara Sch\u00f6neberger und Hubertus Meyer-Burckhardt!<\/p>\n","protected":false},"author":2,"featured_media":172717,"comment_status":"open","ping_status":"closed","sticky":false,"template":"","format":"standard","meta":{"_FSMCFIC_featured_image_caption":"","_FSMCFIC_featured_image_nocaption":"","_FSMCFIC_featured_image_hide":""},"categories":[3,128],"tags":[254],"acf":[],"_links":{"self":[{"href":"https:\/\/smago.de\/ws2\/wp-json\/wp\/v2\/posts\/172716"}],"collection":[{"href":"https:\/\/smago.de\/ws2\/wp-json\/wp\/v2\/posts"}],"about":[{"href":"https:\/\/smago.de\/ws2\/wp-json\/wp\/v2\/types\/post"}],"author":[{"embeddable":true,"href":"https:\/\/smago.de\/ws2\/wp-json\/wp\/v2\/users\/2"}],"replies":[{"embeddable":true,"href":"https:\/\/smago.de\/ws2\/wp-json\/wp\/v2\/comments?post=172716"}],"version-history":[{"count":1,"href":"https:\/\/smago.de\/ws2\/wp-json\/wp\/v2\/posts\/172716\/revisions"}],"predecessor-version":[{"id":172718,"href":"https:\/\/smago.de\/ws2\/wp-json\/wp\/v2\/posts\/172716\/revisions\/172718"}],"wp:featuredmedia":[{"embeddable":true,"href":"https:\/\/smago.de\/ws2\/wp-json\/wp\/v2\/media\/172717"}],"wp:attachment":[{"href":"https:\/\/smago.de\/ws2\/wp-json\/wp\/v2\/media?parent=172716"}],"wp:term":[{"taxonomy":"category","embeddable":true,"href":"https:\/\/smago.de\/ws2\/wp-json\/wp\/v2\/categories?post=172716"},{"taxonomy":"post_tag","embeddable":true,"href":"https:\/\/smago.de\/ws2\/wp-json\/wp\/v2\/tags?post=172716"}],"curies":[{"name":"wp","href":"https:\/\/api.w.org\/{rel}","templated":true}]}}