{"id":172545,"date":"2021-10-08T12:24:26","date_gmt":"2021-10-08T10:24:26","guid":{"rendered":"https:\/\/smago.de\/ws2\/?p=172545"},"modified":"2021-10-08T16:06:29","modified_gmt":"2021-10-08T14:06:29","slug":"roberto-blanco-u-a-zweiteilige-zdfzeit-doku-wir-wunderkinder-mit-zeitzeugen","status":"publish","type":"post","link":"https:\/\/smago.de\/ws2\/schlager\/roberto-blanco-u-a-zweiteilige-zdfzeit-doku-wir-wunderkinder-mit-zeitzeugen\/","title":{"rendered":"ROBERTO BLANCO u.a. <br>Zweiteilige &#8222;ZDFzeit&#8220;-Doku &#8222;Wir Wunderkinder&#8220; mit Zeitzeugen!"},"content":{"rendered":"<p>Sendetermine: 12.10. + 19.10.2021 im ZDF!<br \/>\n<!--more--><\/p>\n<p>&nbsp;<\/p>\n<p>&nbsp;<\/p>\n<p style=\"text-align: justify;\">An den <b>Dienstagen, 12. und 19. Oktober 2021, 20.15 Uhr,<\/b> zeigt das ZDF die zweiteilige &#8222;ZDFzeit&#8220;-Dokumentation &#8222;Wir Wunderkinder&#8220;. Prominente erz\u00e4hlen sehr pers\u00f6nlich und anschaulich \u00fcber ihre Jugend in den 50er und 60er Jahren in Deutschland. Dabei sind Michael Mendl, Roberto Blanco, Katja Ebstein, Winfried Glatzeder, Marianne Koch, Uwe Kockisch, Maren Kroymann, Wolfgang Niedecken, Elke Sommer, Bettina Wegner und Thekla Carola Wied. Sie verraten aufsehenerregende Details aus ihren jungen Jahren, die bislang kaum bekannt sind. Illustriert werden die Berichte durch neu erschlossene Filmaufnahmen aus jener Zeit und szenische Animationen im Stil der Graphic Novel. In der <b>ZDFmediathek<\/b> sind beide Filme bereits <b>ab Sonntag, 10. Oktober 2021, 10.00 Uhr<\/b>, verf\u00fcgbar.<\/p>\n<p style=\"text-align: justify;\">Die erste Folge <b>&#8222;Wir Wunderkinder \u2013 Zeit des Aufbaus&#8220;<\/b> von Peter Hartl begleitet die Zeitzeugen durch die 50er Jahre. Alle Portr\u00e4tierten stehen f\u00fcr eine Generation, die in einem damals in West und Ost auseinanderdriftenden Land aufwachsen und es fr\u00fchzeitig mitgestalten. So auch die angehende \u00c4rztin und Schauspielerin Marianne Koch oder der theateraffine Sch\u00fcler Michael Mendl. Sie erfahren beide erst sp\u00e4t, wer ihre leiblichen V\u00e4ter sind und welche unglaublichen Geschichten sich mit deren Schicksal verbinden.<\/p>\n<p style=\"text-align: justify;\">Die zweite Folge <b>&#8222;Wir Wunderkinder \u2013 Zeit des Wandels&#8220;<\/b> von Annette K\u00f6hler widmet sich den 60er Jahren, dem bewegten Jahrzehnt, in dem die Jugend vor allem in Westdeutschland aufbegehrte. Die prominenten Zeitzeugen schildern, wie dieser Zeitabschnitt mit all seinen Br\u00fcchen und Krisen ihr Leben entscheidend beeinflusst hat. So ist Katja Ebstein eine Freundin von Benno Ohnesorg. Sein Tod durch eine Polizeikugel w\u00e4hrend des Staatsbesuchs des persischen Schahs in Berlin 1967 ist Ausl\u00f6ser von Massenprotesten in der ganzen Bundesrepublik. Der Aufstand der Jugend gegen das politische und gesellschaftliche Establishment wird das Land dauerhaft ver\u00e4ndern.<\/p>\n<p>&nbsp;<\/p>\n<p>&nbsp;<\/p>\n<figure id=\"attachment_172546\" aria-describedby=\"caption-attachment-172546\" style=\"width: 720px\" class=\"wp-caption alignnone\"><img decoding=\"async\" loading=\"lazy\" class=\"size-full wp-image-172546\" src=\"https:\/\/smago.de\/ws2\/wp-content\/uploads\/2021\/10\/csm_wunderkinder_neu_4f458c069f.jpg\" alt=\"\" width=\"720\" height=\"405\" srcset=\"https:\/\/smago.de\/ws2\/wp-content\/uploads\/2021\/10\/csm_wunderkinder_neu_4f458c069f.jpg 720w, https:\/\/smago.de\/ws2\/wp-content\/uploads\/2021\/10\/csm_wunderkinder_neu_4f458c069f-522x294.jpg 522w, https:\/\/smago.de\/ws2\/wp-content\/uploads\/2021\/10\/csm_wunderkinder_neu_4f458c069f-267x150.jpg 267w, https:\/\/smago.de\/ws2\/wp-content\/uploads\/2021\/10\/csm_wunderkinder_neu_4f458c069f-392x221.jpg 392w, https:\/\/smago.de\/ws2\/wp-content\/uploads\/2021\/10\/csm_wunderkinder_neu_4f458c069f-130x73.jpg 130w, https:\/\/smago.de\/ws2\/wp-content\/uploads\/2021\/10\/csm_wunderkinder_neu_4f458c069f-292x164.jpg 292w, https:\/\/smago.de\/ws2\/wp-content\/uploads\/2021\/10\/csm_wunderkinder_neu_4f458c069f-435x245.jpg 435w\" sizes=\"(max-width: 720px) 100vw, 720px\" \/><figcaption id=\"caption-attachment-172546\" class=\"wp-caption-text\"><em>Am Beispiel Prominenter wie Katja Ebstein, Roberto Blanco oder Michael Mendl zeichnet der Zweiteiler ein pers\u00f6nlich gef\u00e4rbtes Bild der 50er und 60er Jahre nach<\/em><\/p>\n<p><em>Foto-Credit: ZDF \/ Zornshot<\/em><\/figcaption><\/figure>\n","protected":false},"excerpt":{"rendered":"<p>Sendetermine: 12.10. + 19.10.2021 im ZDF!<\/p>\n","protected":false},"author":2,"featured_media":172546,"comment_status":"open","ping_status":"closed","sticky":false,"template":"","format":"standard","meta":{"_FSMCFIC_featured_image_caption":"","_FSMCFIC_featured_image_nocaption":"","_FSMCFIC_featured_image_hide":""},"categories":[29,128],"tags":[267],"acf":[],"_links":{"self":[{"href":"https:\/\/smago.de\/ws2\/wp-json\/wp\/v2\/posts\/172545"}],"collection":[{"href":"https:\/\/smago.de\/ws2\/wp-json\/wp\/v2\/posts"}],"about":[{"href":"https:\/\/smago.de\/ws2\/wp-json\/wp\/v2\/types\/post"}],"author":[{"embeddable":true,"href":"https:\/\/smago.de\/ws2\/wp-json\/wp\/v2\/users\/2"}],"replies":[{"embeddable":true,"href":"https:\/\/smago.de\/ws2\/wp-json\/wp\/v2\/comments?post=172545"}],"version-history":[{"count":2,"href":"https:\/\/smago.de\/ws2\/wp-json\/wp\/v2\/posts\/172545\/revisions"}],"predecessor-version":[{"id":172548,"href":"https:\/\/smago.de\/ws2\/wp-json\/wp\/v2\/posts\/172545\/revisions\/172548"}],"wp:featuredmedia":[{"embeddable":true,"href":"https:\/\/smago.de\/ws2\/wp-json\/wp\/v2\/media\/172546"}],"wp:attachment":[{"href":"https:\/\/smago.de\/ws2\/wp-json\/wp\/v2\/media?parent=172545"}],"wp:term":[{"taxonomy":"category","embeddable":true,"href":"https:\/\/smago.de\/ws2\/wp-json\/wp\/v2\/categories?post=172545"},{"taxonomy":"post_tag","embeddable":true,"href":"https:\/\/smago.de\/ws2\/wp-json\/wp\/v2\/tags?post=172545"}],"curies":[{"name":"wp","href":"https:\/\/api.w.org\/{rel}","templated":true}]}}