{"id":172408,"date":"2021-10-08T00:00:21","date_gmt":"2021-10-07T22:00:21","guid":{"rendered":"https:\/\/smago.de\/ws2\/?p=172408"},"modified":"2021-10-07T22:56:09","modified_gmt":"2021-10-07T20:56:09","slug":"bernhard-brink-praesentiert-die-schlager-des-monats-september-heute-08-10-2021-mdr-fernsehen","status":"publish","type":"post","link":"https:\/\/smago.de\/ws2\/schlager\/bernhard-brink-praesentiert-die-schlager-des-monats-september-heute-08-10-2021-mdr-fernsehen\/","title":{"rendered":"BERNHARD BRINK pr\u00e4sentiert &#8230;: <br>&#8222;Die Schlager des Monats&#8220; &#8211; September &#8211; heute (08.10.2021), MDR FERNSEHEN!"},"content":{"rendered":"<p>20:15 Uhr &#8211; 21:45 Uhr! Zu Gast im Studio sind &#8230;:<br \/>\n<!--more--><\/p>\n<p>&nbsp;<\/p>\n<p>&nbsp;<\/p>\n<p>&nbsp;<\/p>\n<div class=\"con\" style=\"text-align: justify;\">\n<div class=\"modCon\">\n<div class=\"mod modA\">\n<div class=\"boxCon\">\n<div class=\"box cssBroadcastContentInfos\">\n<p>Das MDR FERNSEHEN pr\u00e4sentiert exklusiv die monatlichen nationalen Schlagercharts. Die Sendung bildet die Top 50 der Offiziellen Deutschen Schlager Album Charts ab und erz\u00e4hlt das Neueste aus der Welt des Schlagers, sie greift Trends auf &#8211; spiegelt die Schlagerszene wider und belebt sie gleicherma\u00dfen. Nat\u00fcrlich gibt es auch einen festen Platz f\u00fcr Newcomer und Neuvorstellungen.<\/p>\n<p>Pr\u00e4sentiert werden &#8222;Die Schlager des Monats&#8220; von Bernhard Brink. Als DER Schlagerexperte steht er national f\u00fcr Schlager. Bernhard Brink geh\u00f6rt seit mehr als 40 Jahren mit anhaltendem Erfolg bei Plattenverk\u00e4ufen und in den Airplaycharts der Schlagerszene an wie kein Zweiter.<\/p>\n<p>Alle Daten und Fakten der monatlichen Charts finden die Schlagerfans dann sofort nach Ausstrahlung exklusiv auf www.meine-schlagerwelt.de &#8211; das Portal wird die Sendung nicht nur begleiten, sondern mit Reporter Peter Heller auch auf dem Bildschirm pr\u00e4sent sein &#8211; sowie auf <strong><a href=\"http:\/\/www.smago.de\">www.smago.de<\/a><\/strong> (auf <em>smago<\/em>! finden Sie ab 21:45 Uhr die komplette Top 50 Liste)!<\/p>\n<\/div>\n<\/div>\n<\/div>\n<\/div>\n<\/div>\n<div style=\"text-align: justify;\">\n<p>&nbsp;<\/p>\n<div class=\"con conBroadcastPreText\">\n<div class=\"modCon\">\n<div class=\"mod modA\">\n<div class=\"boxCon\">\n<div class=\"box\">\n<p class=\"einleitung \"><strong>Zu Gast im Studio:<\/strong> Kerstin Ott, Eric Philippi, Zwei wie Eins sowie Dr. Mathias Giloth.<\/p>\n<\/div>\n<\/div>\n<\/div>\n<\/div>\n<\/div>\n<\/div>\n<div><\/div>\n<div><\/div>\n<div>\n<figure id=\"attachment_172409\" aria-describedby=\"caption-attachment-172409\" style=\"width: 800px\" class=\"wp-caption alignnone\"><img decoding=\"async\" loading=\"lazy\" class=\"size-large wp-image-172409\" src=\"https:\/\/smago.de\/ws2\/wp-content\/uploads\/2021\/10\/2_Die_Schlager_des_Monats-800x528.jpg\" alt=\"\" width=\"800\" height=\"528\" srcset=\"https:\/\/smago.de\/ws2\/wp-content\/uploads\/2021\/10\/2_Die_Schlager_des_Monats-800x528.jpg 800w, https:\/\/smago.de\/ws2\/wp-content\/uploads\/2021\/10\/2_Die_Schlager_des_Monats-522x345.jpg 522w, https:\/\/smago.de\/ws2\/wp-content\/uploads\/2021\/10\/2_Die_Schlager_des_Monats-227x150.jpg 227w, https:\/\/smago.de\/ws2\/wp-content\/uploads\/2021\/10\/2_Die_Schlager_des_Monats-768x507.jpg 768w, https:\/\/smago.de\/ws2\/wp-content\/uploads\/2021\/10\/2_Die_Schlager_des_Monats-1536x1014.jpg 1536w, https:\/\/smago.de\/ws2\/wp-content\/uploads\/2021\/10\/2_Die_Schlager_des_Monats-2048x1352.jpg 2048w, https:\/\/smago.de\/ws2\/wp-content\/uploads\/2021\/10\/2_Die_Schlager_des_Monats-392x259.jpg 392w, https:\/\/smago.de\/ws2\/wp-content\/uploads\/2021\/10\/2_Die_Schlager_des_Monats-130x86.jpg 130w, https:\/\/smago.de\/ws2\/wp-content\/uploads\/2021\/10\/2_Die_Schlager_des_Monats-674x445.jpg 674w, https:\/\/smago.de\/ws2\/wp-content\/uploads\/2021\/10\/2_Die_Schlager_des_Monats-791x522.jpg 791w, https:\/\/smago.de\/ws2\/wp-content\/uploads\/2021\/10\/2_Die_Schlager_des_Monats-288x190.jpg 288w, https:\/\/smago.de\/ws2\/wp-content\/uploads\/2021\/10\/2_Die_Schlager_des_Monats-435x287.jpg 435w, https:\/\/smago.de\/ws2\/wp-content\/uploads\/2021\/10\/2_Die_Schlager_des_Monats-150x100.jpg 150w\" sizes=\"(max-width: 800px) 100vw, 800px\" \/><figcaption id=\"caption-attachment-172409\" class=\"wp-caption-text\"><em>Foto-Credit: MDR &#8211; fmp \/ Evelyn Sander<\/em><\/figcaption><\/figure>\n<\/div>\n<div><\/div>\n","protected":false},"excerpt":{"rendered":"<p>20:15 Uhr &#8211; 21:45 Uhr! Zu Gast im Studio sind &#8230;:<\/p>\n","protected":false},"author":2,"featured_media":172409,"comment_status":"open","ping_status":"closed","sticky":false,"template":"","format":"standard","meta":{"_FSMCFIC_featured_image_caption":"","_FSMCFIC_featured_image_nocaption":"","_FSMCFIC_featured_image_hide":""},"categories":[29,39,128],"tags":[119],"acf":[],"_links":{"self":[{"href":"https:\/\/smago.de\/ws2\/wp-json\/wp\/v2\/posts\/172408"}],"collection":[{"href":"https:\/\/smago.de\/ws2\/wp-json\/wp\/v2\/posts"}],"about":[{"href":"https:\/\/smago.de\/ws2\/wp-json\/wp\/v2\/types\/post"}],"author":[{"embeddable":true,"href":"https:\/\/smago.de\/ws2\/wp-json\/wp\/v2\/users\/2"}],"replies":[{"embeddable":true,"href":"https:\/\/smago.de\/ws2\/wp-json\/wp\/v2\/comments?post=172408"}],"version-history":[{"count":3,"href":"https:\/\/smago.de\/ws2\/wp-json\/wp\/v2\/posts\/172408\/revisions"}],"predecessor-version":[{"id":172412,"href":"https:\/\/smago.de\/ws2\/wp-json\/wp\/v2\/posts\/172408\/revisions\/172412"}],"wp:featuredmedia":[{"embeddable":true,"href":"https:\/\/smago.de\/ws2\/wp-json\/wp\/v2\/media\/172409"}],"wp:attachment":[{"href":"https:\/\/smago.de\/ws2\/wp-json\/wp\/v2\/media?parent=172408"}],"wp:term":[{"taxonomy":"category","embeddable":true,"href":"https:\/\/smago.de\/ws2\/wp-json\/wp\/v2\/categories?post=172408"},{"taxonomy":"post_tag","embeddable":true,"href":"https:\/\/smago.de\/ws2\/wp-json\/wp\/v2\/tags?post=172408"}],"curies":[{"name":"wp","href":"https:\/\/api.w.org\/{rel}","templated":true}]}}