{"id":172343,"date":"2021-10-07T00:00:14","date_gmt":"2021-10-06T22:00:14","guid":{"rendered":"https:\/\/smago.de\/ws2\/?p=172343"},"modified":"2021-10-06T22:57:55","modified_gmt":"2021-10-06T20:57:55","slug":"sarah-connor-wer-kann-neben-sarah-connor-bestehen","status":"publish","type":"post","link":"https:\/\/smago.de\/ws2\/pop\/sarah-connor-wer-kann-neben-sarah-connor-bestehen\/","title":{"rendered":"SARAH CONNOR <br>Wer kann neben Sarah Connor bestehen?"},"content":{"rendered":"<p>Mark Forster, Nico Santos und Johannes Oerding erkl\u00e4ren die deutsche Soul-Queen zur \u201eThe Voice\u201c-Favoritin!<br \/>\n<!--more--><\/p>\n<p>&nbsp;<\/p>\n<p>&nbsp;<\/p>\n<p style=\"text-align: justify;\">Welcher Coach gewinnt in diesem Jahr \u201eThe Voice of Germany\u201c? Vor dem Start\u00a0der Erfolgsshow am heutigen Donnerstag (07.10.2021) auf ProSieben sind sich die m\u00e4nnlichen Coaches Johannes Oerding, Nico Santos und Mark Forster bei der Antwort auf die Frage, wer wohl zur gr\u00f6\u00dften Konkurrenz wird, einig: \u201eSarah Connor!\u201c Alle erkl\u00e4ren die Soul-Queen zur Favoritin.<\/p>\n<p style=\"text-align: justify;\">\u201eSarah Connor ist ein Coach, den sich alle bei #TVOG schon von Anfang an gew\u00fcnscht haben. Jetzt ist sie endlich da und ich glaube, sie ist wirklich eine harte Konkurrenz\u201c, erwartet Mark Forster. \u201eSie ist ganz neu, man kann sie nicht als Coach einsch\u00e4tzen, sie hat seit 20 Jahren alles erreicht, was man erreichen kann und singt auf Englisch und Deutsch\u201c, nennt Nico Santos die Argumente, die den Reiz der Souls\u00e4ngerin als Coach ausmachen. Damit st\u00f6\u00dft er auf volle Zustimmung von Johannes Oerding, der hinzuf\u00fcgt: \u201eSie ist optisch auch ein totaler Magnet. Wenn sie dich anguckt und mit dir spricht, kann sie einen schon in ihren Bann ziehen.\u201c<\/p>\n<p style=\"text-align: justify;\">Den Blind Auditions sehen Johannes Oerding, Nico Santos und Mark Forster dennoch selbstbewusst entgegen \u2013 denn sie wissen genau, wo ihre St\u00e4rken als Coaches sind. \u201eIch stehe f\u00fcr die Storyteller, die Singer und Songwriter, die ihre eigene Musik machen, eigene Songs schreiben, am Klavier sitzen oder Gitarre spielen\u201c, beschreibt Johannes Oerding seine Strategie. Auch Nico Santos kennt seine St\u00e4rken:\u00a0\u201eIch glaube, dass ich eine sehr gro\u00dfe Musik-Enzyklop\u00e4die bin,\u00a0was meinem Team sehr guttut und weshalb Talents zu mir kommen wollen\u201c. Und Mark Forster wei\u00df aus den vergangenen Staffeln \u201edass das Team Mark eher ein Auffangbecken ist f\u00fcr Talente, die sonst nirgends hinpassen. Ich bin eher f\u00fcr die Nischen, f\u00fcr die V\u00f6gel und f\u00fcr die crazy Leute zust\u00e4ndig.\u201c<\/p>\n<p>&nbsp;<\/p>\n<p>&nbsp;<\/p>\n<p>&nbsp;<\/p>\n<p>&nbsp;<\/p>\n<p style=\"text-align: justify;\"><strong>Diese Talente singen in der Auftaktfolge von \u201eThe Voice of Germany\u201c 2021 am Donnerstag, 7. Oktober, um 20:15 Uhr auf ProSieben:<\/strong><\/p>\n<p>&nbsp;<\/p>\n<p>&nbsp;<\/p>\n<p style=\"text-align: justify;\">Jennifer (63, Bruckm\u00fchl i. Bayern), Nico (27, K\u00f6ln), Dan (27, Berlin), Zeynep (38, Berlin), Janine (21, Lohr), Archippe (21, Kiel), Andy (33, Hermeskeil), Laura &amp; Sophie (23 &amp; 26, Paderborn), Peter (31, Krefeld), Salom\u00e9 (23, Berlin), Katarina (21, Pfungstadt)<\/p>\n<p>&nbsp;<\/p>\n<p>&nbsp;<\/p>\n<p style=\"text-align: justify;\">Lena Gercke und Thore Sch\u00f6lermann moderieren \u201eThe Voice of Germany\u201c, Produzent ist Bildergarten Entertainment.<\/p>\n<p>&nbsp;<\/p>\n<p>&nbsp;<\/p>\n<p style=\"text-align: justify;\"><strong>\u201eThe Voice of Germany\u201c ab 7. <\/strong><strong>Oktober 2021 donnerstags auf ProSieben und ab 10. Oktober 2021 sonntags in SAT.1 sowie auf Joyn, jeweils um 20:15 Uhr<\/strong><\/p>\n<p>&nbsp;<\/p>\n<p>&nbsp;<\/p>\n<p>&nbsp;<\/p>\n<p style=\"text-align: justify;\"><strong>Hashtag zur Show<\/strong>: #TVOG<\/p>\n<p>&nbsp;<\/p>\n<p>&nbsp;<\/p>\n<figure id=\"attachment_172346\" aria-describedby=\"caption-attachment-172346\" style=\"width: 800px\" class=\"wp-caption alignnone\"><img decoding=\"async\" loading=\"lazy\" class=\"size-large wp-image-172346\" src=\"https:\/\/smago.de\/ws2\/wp-content\/uploads\/2021\/10\/connor__ProSieben-SAT.1-Andre-Kowalski-800x533.jpg\" alt=\"\" width=\"800\" height=\"533\" srcset=\"https:\/\/smago.de\/ws2\/wp-content\/uploads\/2021\/10\/connor__ProSieben-SAT.1-Andre-Kowalski-800x533.jpg 800w, https:\/\/smago.de\/ws2\/wp-content\/uploads\/2021\/10\/connor__ProSieben-SAT.1-Andre-Kowalski-522x348.jpg 522w, https:\/\/smago.de\/ws2\/wp-content\/uploads\/2021\/10\/connor__ProSieben-SAT.1-Andre-Kowalski-225x150.jpg 225w, https:\/\/smago.de\/ws2\/wp-content\/uploads\/2021\/10\/connor__ProSieben-SAT.1-Andre-Kowalski-768x512.jpg 768w, https:\/\/smago.de\/ws2\/wp-content\/uploads\/2021\/10\/connor__ProSieben-SAT.1-Andre-Kowalski-392x261.jpg 392w, https:\/\/smago.de\/ws2\/wp-content\/uploads\/2021\/10\/connor__ProSieben-SAT.1-Andre-Kowalski-130x87.jpg 130w, https:\/\/smago.de\/ws2\/wp-content\/uploads\/2021\/10\/connor__ProSieben-SAT.1-Andre-Kowalski-668x445.jpg 668w, https:\/\/smago.de\/ws2\/wp-content\/uploads\/2021\/10\/connor__ProSieben-SAT.1-Andre-Kowalski-783x522.jpg 783w, https:\/\/smago.de\/ws2\/wp-content\/uploads\/2021\/10\/connor__ProSieben-SAT.1-Andre-Kowalski-285x190.jpg 285w, https:\/\/smago.de\/ws2\/wp-content\/uploads\/2021\/10\/connor__ProSieben-SAT.1-Andre-Kowalski-435x290.jpg 435w, https:\/\/smago.de\/ws2\/wp-content\/uploads\/2021\/10\/connor__ProSieben-SAT.1-Andre-Kowalski-150x100.jpg 150w, https:\/\/smago.de\/ws2\/wp-content\/uploads\/2021\/10\/connor__ProSieben-SAT.1-Andre-Kowalski-370x247.jpg 370w, https:\/\/smago.de\/ws2\/wp-content\/uploads\/2021\/10\/connor__ProSieben-SAT.1-Andre-Kowalski.jpg 996w\" sizes=\"(max-width: 800px) 100vw, 800px\" \/><figcaption id=\"caption-attachment-172346\" class=\"wp-caption-text\"><em>Foto-Credit: ProSieben &#8211; SAT.1 \/ Andr\u00e9 Kowalski<\/em><\/figcaption><\/figure>\n","protected":false},"excerpt":{"rendered":"<p>Mark Forster, Nico Santos und Johannes Oerding erkl\u00e4ren die deutsche Soul-Queen zur \u201eThe Voice\u201c-Favoritin!<\/p>\n","protected":false},"author":2,"featured_media":172346,"comment_status":"open","ping_status":"closed","sticky":false,"template":"","format":"standard","meta":{"_FSMCFIC_featured_image_caption":"","_FSMCFIC_featured_image_nocaption":"","_FSMCFIC_featured_image_hide":""},"categories":[27,128],"tags":[1684,675],"acf":[],"_links":{"self":[{"href":"https:\/\/smago.de\/ws2\/wp-json\/wp\/v2\/posts\/172343"}],"collection":[{"href":"https:\/\/smago.de\/ws2\/wp-json\/wp\/v2\/posts"}],"about":[{"href":"https:\/\/smago.de\/ws2\/wp-json\/wp\/v2\/types\/post"}],"author":[{"embeddable":true,"href":"https:\/\/smago.de\/ws2\/wp-json\/wp\/v2\/users\/2"}],"replies":[{"embeddable":true,"href":"https:\/\/smago.de\/ws2\/wp-json\/wp\/v2\/comments?post=172343"}],"version-history":[{"count":3,"href":"https:\/\/smago.de\/ws2\/wp-json\/wp\/v2\/posts\/172343\/revisions"}],"predecessor-version":[{"id":172347,"href":"https:\/\/smago.de\/ws2\/wp-json\/wp\/v2\/posts\/172343\/revisions\/172347"}],"wp:featuredmedia":[{"embeddable":true,"href":"https:\/\/smago.de\/ws2\/wp-json\/wp\/v2\/media\/172346"}],"wp:attachment":[{"href":"https:\/\/smago.de\/ws2\/wp-json\/wp\/v2\/media?parent=172343"}],"wp:term":[{"taxonomy":"category","embeddable":true,"href":"https:\/\/smago.de\/ws2\/wp-json\/wp\/v2\/categories?post=172343"},{"taxonomy":"post_tag","embeddable":true,"href":"https:\/\/smago.de\/ws2\/wp-json\/wp\/v2\/tags?post=172343"}],"curies":[{"name":"wp","href":"https:\/\/api.w.org\/{rel}","templated":true}]}}