{"id":172250,"date":"2021-10-05T00:00:06","date_gmt":"2021-10-04T22:00:06","guid":{"rendered":"https:\/\/smago.de\/ws2\/?p=172250"},"modified":"2021-10-04T18:05:13","modified_gmt":"2021-10-04T16:05:13","slug":"vicky-leandros-heute-vorabend-05-10-2021-in-der-sendung-das-zu-gast","status":"publish","type":"post","link":"https:\/\/smago.de\/ws2\/schlager\/vicky-leandros-heute-vorabend-05-10-2021-in-der-sendung-das-zu-gast\/","title":{"rendered":"VICKY LEANDROS <br>Heute Vorabend (05.10.2021) in der Sendung &#8222;DAS!&#8220; zu Gast!"},"content":{"rendered":"<p>18:30 Uhr &#8211; 19:30 Uhr (Wh. in der Nacht auf 06.10., 05:15 Uhr &#8211; 06:00 Uhr)!<br \/>\n<!--more--><\/p>\n<p>&nbsp;<\/p>\n<p>&nbsp;<\/p>\n<p>&nbsp;<\/p>\n<p style=\"text-align: justify;\">VICKY LEANDROS hat Musikgeschichte geschrieben: Seit \u00fcber 50 Jahren spielt die geb\u00fcrtige Griechin in der Spitzenklasse der europ\u00e4ischen Schlagerwelt. Begonnen hatte sie ihre Laufbahn als Teeniestar, dann wurde sie Chansons\u00e4ngerin und schlie\u00dflich Siegerin des Grand Prix Eurovision de la Chanson mit &#8222;Apr\u00e8s toi&#8220; und liebt bekannterma\u00dfen das Leben. Mehr als 55 Millionen Tontr\u00e4ger hat sie bisher in aller Welt und in acht Sprachen verkauft.<\/p>\n<p style=\"text-align: justify;\">Ihre Hits werden Teil des kollektiven Musikged\u00e4chtnisses mehrerer Generationen. Bereits als 13-J\u00e4hrige (( &#8211; so will es die Legende -)) feiert sie mit &#8222;Messer, Gabel, Schere, Licht&#8220; ihr Schallplatten-Deb\u00fct. Es folgen Klassiker wie &#8222;Theo, wir fahr\u2019n nach Lodz&#8220;, &#8222;Ich hab\u2018 die Liebe geseh\u2019n&#8220; und viele mehr. Aber die S\u00e4ngerin erfindet sich auch immer wieder neu, nimmt sogar mit &#8222;Scooter&#8220; eine Techno-Version von &#8222;C\u2019est bleu&#8220; auf. Ihre Weihnachtstourneen durch die sch\u00f6nsten Kirchen Deutschlands und der von ihr mitorganisierte Weihnachtsmarkt auf Gut Basthorst bei Hamburg sind sowieso Kult.<\/p>\n<p style=\"text-align: justify;\">Jetzt hat Vicky Leandros gemeinsam mit ihren Kindern ein Kochbuch &#8222;Ein Hoch auf das Leben&#8220; geschrieben, in dem sie neben alltagstauglichen, mediterranen Rezepten, geheimen kulinarischen Tricks und Tipps auch Einblicke in ihr Familienleben gibt.<\/p>\n<p>&nbsp;<\/p>\n<p>&nbsp;<\/p>\n<p>&nbsp;<\/p>\n<figure id=\"attachment_172251\" aria-describedby=\"caption-attachment-172251\" style=\"width: 800px\" class=\"wp-caption alignnone\"><img decoding=\"async\" loading=\"lazy\" class=\"size-large wp-image-172251\" src=\"https:\/\/smago.de\/ws2\/wp-content\/uploads\/2021\/10\/VL_Graefe-und-Unzer-Verlag-Frank-von-Wieding-800x450.jpg\" alt=\"\" width=\"800\" height=\"450\" srcset=\"https:\/\/smago.de\/ws2\/wp-content\/uploads\/2021\/10\/VL_Graefe-und-Unzer-Verlag-Frank-von-Wieding-800x450.jpg 800w, https:\/\/smago.de\/ws2\/wp-content\/uploads\/2021\/10\/VL_Graefe-und-Unzer-Verlag-Frank-von-Wieding-522x294.jpg 522w, https:\/\/smago.de\/ws2\/wp-content\/uploads\/2021\/10\/VL_Graefe-und-Unzer-Verlag-Frank-von-Wieding-267x150.jpg 267w, https:\/\/smago.de\/ws2\/wp-content\/uploads\/2021\/10\/VL_Graefe-und-Unzer-Verlag-Frank-von-Wieding-768x432.jpg 768w, https:\/\/smago.de\/ws2\/wp-content\/uploads\/2021\/10\/VL_Graefe-und-Unzer-Verlag-Frank-von-Wieding-392x220.jpg 392w, https:\/\/smago.de\/ws2\/wp-content\/uploads\/2021\/10\/VL_Graefe-und-Unzer-Verlag-Frank-von-Wieding-130x73.jpg 130w, https:\/\/smago.de\/ws2\/wp-content\/uploads\/2021\/10\/VL_Graefe-und-Unzer-Verlag-Frank-von-Wieding-791x445.jpg 791w, https:\/\/smago.de\/ws2\/wp-content\/uploads\/2021\/10\/VL_Graefe-und-Unzer-Verlag-Frank-von-Wieding-870x489.jpg 870w, https:\/\/smago.de\/ws2\/wp-content\/uploads\/2021\/10\/VL_Graefe-und-Unzer-Verlag-Frank-von-Wieding-292x164.jpg 292w, https:\/\/smago.de\/ws2\/wp-content\/uploads\/2021\/10\/VL_Graefe-und-Unzer-Verlag-Frank-von-Wieding-435x245.jpg 435w, https:\/\/smago.de\/ws2\/wp-content\/uploads\/2021\/10\/VL_Graefe-und-Unzer-Verlag-Frank-von-Wieding-895x503.jpg 895w, https:\/\/smago.de\/ws2\/wp-content\/uploads\/2021\/10\/VL_Graefe-und-Unzer-Verlag-Frank-von-Wieding.jpg 1067w\" sizes=\"(max-width: 800px) 100vw, 800px\" \/><figcaption id=\"caption-attachment-172251\" class=\"wp-caption-text\"><em>Foto-Credit: Gr\u00e4fe und Unzer Verlag \/ Frank von Wieding<\/em><\/figcaption><\/figure>\n","protected":false},"excerpt":{"rendered":"<p>18:30 Uhr &#8211; 19:30 Uhr (Wh. in der Nacht auf 06.10., 05:15 Uhr &#8211; 06:00 Uhr)!<\/p>\n","protected":false},"author":2,"featured_media":172251,"comment_status":"open","ping_status":"closed","sticky":false,"template":"","format":"standard","meta":{"_FSMCFIC_featured_image_caption":"","_FSMCFIC_featured_image_nocaption":"","_FSMCFIC_featured_image_hide":""},"categories":[29,128],"tags":[83],"acf":[],"_links":{"self":[{"href":"https:\/\/smago.de\/ws2\/wp-json\/wp\/v2\/posts\/172250"}],"collection":[{"href":"https:\/\/smago.de\/ws2\/wp-json\/wp\/v2\/posts"}],"about":[{"href":"https:\/\/smago.de\/ws2\/wp-json\/wp\/v2\/types\/post"}],"author":[{"embeddable":true,"href":"https:\/\/smago.de\/ws2\/wp-json\/wp\/v2\/users\/2"}],"replies":[{"embeddable":true,"href":"https:\/\/smago.de\/ws2\/wp-json\/wp\/v2\/comments?post=172250"}],"version-history":[{"count":2,"href":"https:\/\/smago.de\/ws2\/wp-json\/wp\/v2\/posts\/172250\/revisions"}],"predecessor-version":[{"id":172253,"href":"https:\/\/smago.de\/ws2\/wp-json\/wp\/v2\/posts\/172250\/revisions\/172253"}],"wp:featuredmedia":[{"embeddable":true,"href":"https:\/\/smago.de\/ws2\/wp-json\/wp\/v2\/media\/172251"}],"wp:attachment":[{"href":"https:\/\/smago.de\/ws2\/wp-json\/wp\/v2\/media?parent=172250"}],"wp:term":[{"taxonomy":"category","embeddable":true,"href":"https:\/\/smago.de\/ws2\/wp-json\/wp\/v2\/categories?post=172250"},{"taxonomy":"post_tag","embeddable":true,"href":"https:\/\/smago.de\/ws2\/wp-json\/wp\/v2\/tags?post=172250"}],"curies":[{"name":"wp","href":"https:\/\/api.w.org\/{rel}","templated":true}]}}