{"id":172090,"date":"2021-10-01T00:00:49","date_gmt":"2021-09-30T22:00:49","guid":{"rendered":"https:\/\/smago.de\/ws2\/?p=172090"},"modified":"2021-09-29T22:27:10","modified_gmt":"2021-09-29T20:27:10","slug":"vicky-leandros-u-a-heute-01-10-2021-in-der-ndr-talk-show-zu-gast","status":"publish","type":"post","link":"https:\/\/smago.de\/ws2\/schlager\/vicky-leandros-u-a-heute-01-10-2021-in-der-ndr-talk-show-zu-gast\/","title":{"rendered":"VICKY LEANDROS u.a. <br>Heute (01.10.2021) in der &#8222;NDR Talk Show&#8220; zu Gast!"},"content":{"rendered":"<p>NDR fernsehen + hr fernsehen, 22:00 Uhr &#8211; 00:00 Uhr!\u00a0<span class=\"title columns\"><span class=\"subtitle\">Moderation: Barbara Sch\u00f6neberger und Hubertus Meyer-Burckhardt<\/span><\/span><span class=\"labels columns\"><span class=\"tip-label  hasThumbImage mr10\" title=\"TV-Tipp!\">!<br \/>\n<!--more--><\/span><\/span><\/p>\n<div class=\"left-list-col columns\"><\/div>\n<div><\/div>\n<div><\/div>\n<div><\/div>\n<div id=\"krl17g-accordion\" class=\"accordion-content\" role=\"tabpanel\" data-tab-content=\"\" aria-labelledby=\"krl17g-accordion-label\" aria-hidden=\"false\">\n<div class=\"event-detail\">\n<div class=\"detail-top row collapse \">\n<div class=\"row collapse\">\n<div class=\"center-list-col columns mb-20 pr-20\">\n<div class=\"eventText\">\n<p>Barbara Sch\u00f6neberger und Hubertus Meyer-Burckhardt begr\u00fc\u00dfen in der &#8222;NDR Talk Show&#8220; aus Hamburg folgende G\u00e4ste &#8230;:<\/p>\n<\/div>\n<\/div>\n<\/div>\n<\/div>\n<\/div>\n<\/div>\n<p>&nbsp;<\/p>\n<p>&nbsp;<\/p>\n<div id=\"krl17g-accordion\" class=\"accordion-content\" role=\"tabpanel\" data-tab-content=\"\" aria-labelledby=\"krl17g-accordion-label\" aria-hidden=\"false\">\n<div class=\"event-detail\">\n<div class=\"detail-top row collapse \">\n<div class=\"row collapse\">\n<div class=\"center-list-col columns mb-20 pr-20\">\n<div class=\"eventText\">\n<ul>\n<li>Axel Milberg, Schauspieler<\/li>\n<li>Wolfgang Stumph, Schauspieler<\/li>\n<li>Vicky Leandros, S\u00e4ngerin<\/li>\n<li>Victoria Swarovski, Moderatorin und Schauspielerin<\/li>\n<li>Felix Jaehn, Musiker<\/li>\n<li>Christopher Schlicht und Maximilian Bode, Pastoren<\/li>\n<\/ul>\n<\/div>\n<\/div>\n<\/div>\n<\/div>\n<\/div>\n<\/div>\n<p>&nbsp;<\/p>\n<p style=\"text-align: justify;\">\n<p>&nbsp;<\/p>\n<p style=\"text-align: justify;\">\n<p><strong>Axel Milberg, Schauspieler<\/strong><\/p>\n<p style=\"text-align: justify;\">\n<p style=\"text-align: justify;\">Auch wenn dieser Mann schon seit Jahrzehnten sein Zuhause in M\u00fcnchen gefunden hat, ist und bleibt er ein echter Kieler Junge: Axel Milberg. Er f\u00fchle sich immer noch wie ein 17-J\u00e4hriger, wenn er dort sei, sagt der Schauspieler, der am 1. August seinen 65. Geburtstag feierte. Neben unz\u00e4hligen anderen Rollen spielt er schon seit 18 Jahren den Kieler &#8222;Tatort&#8220;-Kommissar Klaus Borowski, dessen neuester Fall am 3. Oktober in Das Erste zu sehen ist. Es ist bereits das dritte Mal, dass der unheimliche M\u00f6rder Kai Korthals, gespielt von Lars Eidinger, die Stadt Kiel in Angst und Schrecken versetzt und Axel Milberg ihn in seiner Rolle als Ermittler Klaus Borowski jagen muss. In der &#8222;NDR Talk Show&#8220; erz\u00e4hlt Axel Milberg vom dritten Akt dieser Geschichte, warum seine Figur Borowski mittlerweile viel netter ist als noch vor einigen Jahren und aus welchem Grund er privat die besten Gespr\u00e4che mit Frauen f\u00fchren kann.<\/p>\n<p>&nbsp;<\/p>\n<p>&nbsp;<\/p>\n<p>&nbsp;<\/p>\n<p>&nbsp;<\/p>\n<p><strong>Wolfgang Stumph, Schauspieler<\/strong><\/p>\n<p style=\"text-align: justify;\">\n<p style=\"text-align: justify;\">Stankowski, Struutz, Stille, Stolz, Steinhoff, Stahnke, Stubbe: Hinter all diesen Rollennamen verbirgt sich eine Person: Wolfgang Stumph. Der gro\u00dfe Durchbruch gelang ihm 1991 mit der Kinokom\u00f6die &#8222;Go Trabi Go&#8220;, seither sieht man ihn regelm\u00e4\u00dfig auf dem Bildschirm. Wer meint, dass der beliebte Schauspieler nur vor der Kamera aktiv ist, der irrt allerdings. Mit &#8222;Unsere Elbe &#8211; Flussgeschichten mit Wolfgang Stumph&#8220; legt der 75-J\u00e4hrige nun eine Dokumentation vor, die seine zwei Lieblingsst\u00e4dte verbindet: Dresden und Hamburg. Warum ihm diese beiden St\u00e4dte so am Herzen liegen, verr\u00e4t Wolfgang Stumph in der &#8222;NDR Talk Show&#8220;.<\/p>\n<p>&nbsp;<\/p>\n<p>&nbsp;<\/p>\n<p>&nbsp;<\/p>\n<p>&nbsp;<\/p>\n<p><strong>Vicky Leandros, S\u00e4ngerin<\/strong><\/p>\n<p style=\"text-align: justify;\">\n<p style=\"text-align: justify;\">Sie liebt bekannterma\u00dfen das Leben und hat auch allen Grund dazu: Die erfolgreiche Schlagers\u00e4ngerin hat bereits 55 Millionen Tontr\u00e4ger in aller Welt und in acht Sprachen verkauft. 2020 schl\u00fcpfte sie in ein Katzenkost\u00fcm und wurde bei ProSieben als maskierte S\u00e4ngerin enttarnt. Vicky ist auch ein Familienmensch und kocht gern f\u00fcr ihre Lieben. Deshalb bringt sie nun ein Kochbuch heraus: &#8222;Ein Hoch auf das Leben&#8220;, das sie zusammen mit ihrer Tochter geschrieben hat. Von wem sie kochen gelernt hat, was bei ihr zu welchen Gelegenheiten auf den Tisch kommt und ob sie dazu griechischen Wein oder gar Ouzo serviert, erz\u00e4hlt sie unter anderem in der &#8222;NDR Talk Show&#8220;.<\/p>\n<p>&nbsp;<\/p>\n<p>&nbsp;<\/p>\n<p>&nbsp;<\/p>\n<p>&nbsp;<\/p>\n<p><strong>Victoria Swarovski, Moderatorin und Schauspielerin<\/strong><\/p>\n<p style=\"text-align: justify;\">\n<p style=\"text-align: justify;\">Schillernd ist der bisherige Weg der \u00f6sterreichischen Fernsehmoderatorin und Schauspielerin Victoria Swarovski. Zun\u00e4chst trat sie als S\u00e4ngerin Victoria ohne den kristallenen Familienamen auf. Mit 17 unterschrieb sie ihren ersten Plattenvertrag. Neben der Musikkarriere bet\u00e4tigt sie sich in ihrem Atelier als bildende K\u00fcnstlerin und begeistert sich f\u00fcr Mode, Sport und Tanzen. 2016 verzauberte sie die Jury der RTL-Tanzshow &#8222;Let&#8217;s Dance&#8220; und ging als Siegerin daraus hervor. Seit 2018 fiebert sie nun selbst als Moderatorin mit den &#8222;Let&#8217;s Dance&#8220; Teilnehmer*innen mit. Doch damit nicht genug: Zu Ostern war sie in diesem Jahr erstmals als Schauspielerin im &#8222;Traumschiff&#8220; zu sehen. In der &#8222;NDR Talk Show&#8220; blicken die Moderatoren mit ihr gemeinsam auf die letzten f\u00fcnf Jahre als erfolgreiche Moderatorin zur\u00fcck und wagen einen Ausblick auf ihre weitere Laufbahn.<\/p>\n<p>&nbsp;<\/p>\n<p>&nbsp;<\/p>\n<p>&nbsp;<\/p>\n<p>&nbsp;<\/p>\n<p><strong>Felix Jaehn, Musiker<\/strong><\/p>\n<p style=\"text-align: justify;\">\n<p style=\"text-align: justify;\">Als Felix Jaehn mit 16 Jahren angefangen hat, auf Partys Musik aufzulegen, konnte wohl noch niemand absehen, dass aus dem Jungen aus Norddeutschland einmal ein Weltstar werden w\u00fcrde. Seit einigen Jahren geh\u00f6rt der 27-j\u00e4hrige geb\u00fcrtige Hamburger zu den gefragtesten und beliebtesten DJs der Welt. Seine Songs haben weit \u00fcber eine Milliarde Klicks auf den verschiedenen Streamingplattformen. Zu seinem ersten Nummer-eins-Hit in den USA hat ihm der damalige Au\u00dfenminister Frank-Walter Steinmeier pers\u00f6nlich telefonisch gratuliert. Viel Zeit verbringt Felix Jaehn nach wie vor in der N\u00e4he von Boltenhagen, wo er aufgewachsen ist. &#8222;Das ist f\u00fcr mich Heimat, Familie, Ankomm<\/p>\n<p style=\"text-align: justify;\">en, Ruhepol. Ich bin ein totaler Naturmensch und gerne drau\u00dfen.&#8220; Anfang des Jahres nahm er sich eine Auszeit in einem buddhistischen Kloster. Jetzt geht der Trubel wieder los, denn am 1. Oktober erscheint sein neues Album &#8222;Breathe&#8220;.<\/p>\n<p>&nbsp;<\/p>\n<p>&nbsp;<\/p>\n<p>&nbsp;<\/p>\n<p>&nbsp;<\/p>\n<p><strong>Christopher Schlicht und Maximilian Bode, Pastoren<\/strong><\/p>\n<p style=\"text-align: justify;\">\n<p style=\"text-align: justify;\">Beim Theologiestudium in G\u00f6ttingen haben sie sich kennengelernt und gemerkt, dass sie auf einer Wellenl\u00e4nge sind: der 32-j\u00e4hrige Christopher Schlicht und der 30-j\u00e4hrige Maximilian Bode. Anfang 2020 haben die beiden Freunde die Emmaus-Gemeinde in Bremerhaven \u00fcbernommen und teilen sich dort die Pastorenstelle. Statt Talar tragen Chris und Max Lederjacke und Karohemd, unterm Altar steht eine fette Bassbox und neben den Kirchenb\u00e4nken befinden sich Sofas. Und wer nicht pers\u00f6nlich beim Gottesdienst dabei sein kann, der schaltet einfach den Livestream ein. In ihrem Buch &#8222;Kirchenrebellen. Wir bringen Leben in die Bude.&#8220; und in der &#8222;NDR Talk Show&#8220; erz\u00e4hlen die beiden unkonventionellen Kirchenm\u00e4nner, wie sie jungen Menschen in der Kirche eine Heimat geben wollen.<\/p>\n<p>&nbsp;<\/p>\n<p>&nbsp;<\/p>\n<p>&nbsp;<\/p>\n<figure id=\"attachment_159500\" aria-describedby=\"caption-attachment-159500\" style=\"width: 800px\" class=\"wp-caption alignnone\"><img decoding=\"async\" loading=\"lazy\" class=\"size-large wp-image-159500\" src=\"https:\/\/smago.de\/ws2\/wp-content\/uploads\/2021\/01\/4_NDR_Talk_Show_2016-800x534.jpg\" alt=\"\" width=\"800\" height=\"534\" srcset=\"https:\/\/smago.de\/ws2\/wp-content\/uploads\/2021\/01\/4_NDR_Talk_Show_2016-800x534.jpg 800w, https:\/\/smago.de\/ws2\/wp-content\/uploads\/2021\/01\/4_NDR_Talk_Show_2016-522x348.jpg 522w, https:\/\/smago.de\/ws2\/wp-content\/uploads\/2021\/01\/4_NDR_Talk_Show_2016-225x150.jpg 225w, https:\/\/smago.de\/ws2\/wp-content\/uploads\/2021\/01\/4_NDR_Talk_Show_2016-768x512.jpg 768w, https:\/\/smago.de\/ws2\/wp-content\/uploads\/2021\/01\/4_NDR_Talk_Show_2016-1536x1024.jpg 1536w, https:\/\/smago.de\/ws2\/wp-content\/uploads\/2021\/01\/4_NDR_Talk_Show_2016-2048x1366.jpg 2048w, https:\/\/smago.de\/ws2\/wp-content\/uploads\/2021\/01\/4_NDR_Talk_Show_2016-392x261.jpg 392w, https:\/\/smago.de\/ws2\/wp-content\/uploads\/2021\/01\/4_NDR_Talk_Show_2016-130x87.jpg 130w, https:\/\/smago.de\/ws2\/wp-content\/uploads\/2021\/01\/4_NDR_Talk_Show_2016-667x445.jpg 667w, https:\/\/smago.de\/ws2\/wp-content\/uploads\/2021\/01\/4_NDR_Talk_Show_2016-783x522.jpg 783w, https:\/\/smago.de\/ws2\/wp-content\/uploads\/2021\/01\/4_NDR_Talk_Show_2016-285x190.jpg 285w, https:\/\/smago.de\/ws2\/wp-content\/uploads\/2021\/01\/4_NDR_Talk_Show_2016-435x290.jpg 435w, https:\/\/smago.de\/ws2\/wp-content\/uploads\/2021\/01\/4_NDR_Talk_Show_2016-150x100.jpg 150w, https:\/\/smago.de\/ws2\/wp-content\/uploads\/2021\/01\/4_NDR_Talk_Show_2016-370x247.jpg 370w\" sizes=\"(max-width: 800px) 100vw, 800px\" \/><figcaption id=\"caption-attachment-159500\" class=\"wp-caption-text\"><em>Foto-Credit: NDR \/ Uwe Ernst<\/em><\/figcaption><\/figure>\n","protected":false},"excerpt":{"rendered":"<p>NDR fernsehen + hr fernsehen, 22:00 Uhr &#8211; 00:00 Uhr!\u00a0Moderation: Barbara Sch\u00f6neberger und Hubertus Meyer-Burckhardt!<\/p>\n","protected":false},"author":2,"featured_media":159500,"comment_status":"open","ping_status":"closed","sticky":false,"template":"","format":"standard","meta":{"_FSMCFIC_featured_image_caption":"","_FSMCFIC_featured_image_nocaption":"","_FSMCFIC_featured_image_hide":""},"categories":[29,128],"tags":[254],"acf":[],"_links":{"self":[{"href":"https:\/\/smago.de\/ws2\/wp-json\/wp\/v2\/posts\/172090"}],"collection":[{"href":"https:\/\/smago.de\/ws2\/wp-json\/wp\/v2\/posts"}],"about":[{"href":"https:\/\/smago.de\/ws2\/wp-json\/wp\/v2\/types\/post"}],"author":[{"embeddable":true,"href":"https:\/\/smago.de\/ws2\/wp-json\/wp\/v2\/users\/2"}],"replies":[{"embeddable":true,"href":"https:\/\/smago.de\/ws2\/wp-json\/wp\/v2\/comments?post=172090"}],"version-history":[{"count":1,"href":"https:\/\/smago.de\/ws2\/wp-json\/wp\/v2\/posts\/172090\/revisions"}],"predecessor-version":[{"id":172091,"href":"https:\/\/smago.de\/ws2\/wp-json\/wp\/v2\/posts\/172090\/revisions\/172091"}],"wp:featuredmedia":[{"embeddable":true,"href":"https:\/\/smago.de\/ws2\/wp-json\/wp\/v2\/media\/159500"}],"wp:attachment":[{"href":"https:\/\/smago.de\/ws2\/wp-json\/wp\/v2\/media?parent=172090"}],"wp:term":[{"taxonomy":"category","embeddable":true,"href":"https:\/\/smago.de\/ws2\/wp-json\/wp\/v2\/categories?post=172090"},{"taxonomy":"post_tag","embeddable":true,"href":"https:\/\/smago.de\/ws2\/wp-json\/wp\/v2\/tags?post=172090"}],"curies":[{"name":"wp","href":"https:\/\/api.w.org\/{rel}","templated":true}]}}