{"id":171961,"date":"2021-09-27T12:09:52","date_gmt":"2021-09-27T10:09:52","guid":{"rendered":"https:\/\/smago.de\/ws2\/?p=171961"},"modified":"2021-09-27T12:09:52","modified_gmt":"2021-09-27T10:09:52","slug":"smago-informiert-frauke-ludowig-wird-kreativ-direktorin-vip","status":"publish","type":"post","link":"https:\/\/smago.de\/ws2\/smago-informiert\/smago-informiert-frauke-ludowig-wird-kreativ-direktorin-vip\/","title":{"rendered":"smago! INFORMIERT <br>Frauke Ludowig wird Kreativ Direktorin VIP!"},"content":{"rendered":"<p style=\"text-align: justify;\">Angela Lang \u00fcbernimmt Ressortleitung VIP!<br \/>\n<!--more--><\/p>\n<p style=\"text-align: justify;\">\n<p style=\"text-align: justify;\">\n<p style=\"text-align: justify;\">Noch mehr VIP-Power f\u00fcr alle Kan\u00e4le: Die Journalistin und langj\u00e4hrige Moderatorin von \u201eExclusiv\u201c Frauke Ludowig wird zum 1. Oktober Kreativ Direktorin VIP bei RTL Deutschland. In ihrer neuen Funktion zeichnet sie sender- und plattform\u00fcbergreifend verantwortlich f\u00fcr die Entwicklung von Inhalten aus der Welt der Stars und Prominenten. Ihre Nachfolge als Leiterin des VIP-Ressorts bei RTL NEWS \u00fcbernimmt Angela Lang. Stellvertretender Ressortleiter bleibt Thomas Ziemann.<\/p>\n<p>Martin Gradl, Chefredakteur Magazine und stellvertretender Gesch\u00e4ftsf\u00fchrer bei RTL NEWS: \u201eFrauke Ludowig ist seit \u00fcber zwei Jahrzehnten als das VIP-Gesicht Deutschlands bestens bekannt. In diesem Jahr hat sie mit dem Merkel-Interview und dem Nachklapp zum RTL\/ntv Triell sowie der Bundestagswahl eindrucksvoll bewiesen, dass sie mit ihrer pers\u00f6nlichen Art der Interviewf\u00fchrung auch f\u00fcr viele andere Einsatzm\u00f6glichkeiten die perfekte Besetzung ist. Wir haben hier mit Frauke noch einiges vor. Dar\u00fcber hinaus wird sie zuk\u00fcnftig ihre einmalige Expertise im VIP-Segment bei der Entwicklung neuer Inhalte einbringen. Die operative Leitung des VIP-Ressorts \u00fcbergibt sie an Angela Lang, die mit ihrem umfangreichen journalistischen Know-how von \u201ePunkt 12\u201c bis <a href=\"http:\/\/rtl.de\/\">RTL.de<\/a> daf\u00fcr die perfekte Besetzung ist.\u201c<\/p>\n<p style=\"text-align: justify;\">Frauke Ludowig ist seit 1992 bei RTL Deutschland. Bereits 1994 hat sie die Redaktionsleitung und Moderation der Sendung \u201eExclusiv \u2013 Das Starmagazin\u201c sowie von \u201eExclusiv Weekend\u201c und den \u201eExclusiv-Spezials\u201c \u00fcbernommen. Seitdem berichtet Frauke Ludowig f\u00fcr RTL von k\u00f6niglichen Hochzeiten (Harry &amp; Meghan\u201c), Beerdigungen (Lady Di und Prinz Philip) und diversen VIP-Veranstaltungen, wie der Oscar-Verleihung. Ludowig hat zudem nahezu das gesamte \u201eWho is Who\u201c nationaler und internationaler Stars interviewt, von Kevin Costner \u00fcber Placido Domingo, Jennifer Aniston bis hin zu Steffi Graf oder Arnold Schwarzenegger. F\u00fcr ihr Spezial \u00fcber den Hollywood-Star wurde sie 1999 mit einem Preis bei den New York Festivals ausgezeichnet. Seit August 2020 hat Frauke Ludowig zus\u00e4tzlich das VIP-Ressort bei RTL NEWS geleitet.<\/p>\n<p>Angela Lang ist seit 2005 f\u00fcr RTL Deutschland t\u00e4tig. Nach ihrem Volontariat bei RTL WEST arbeitete sie als Redakteurin und Live-Reporterin f\u00fcr RTL und ntv. 2011 stieg sie als Planungsredakteurin und Chefin vom Dienst bei infoNetwork ein und war als Sende-Chefin vom Dienst ma\u00dfgeblich am Erfolg des Mittagsmagazins \u201ePunkt 12\u201c beteiligt. 2018 wechselte Angela Lang als stellvertretende Chefredakteurin zu RTL interactive, um sich um die inhaltliche Ausrichtung der journalistischen Plattformen zu k\u00fcmmern.<\/p>\n<p>Der Countdown zum n\u00e4chsten VIP-Highlight l\u00e4uft bereits. Am morgigen Dienstag, den 28. September, wird Frauke Ludowig gemeinsam mit Guido Maria Kretschmer live vom \u201eRoten Teppich\u201c in London zur Weltpremiere des neuen Bond-Films berichten. Zudem trifft Frauke Ludowig Daniel Craig bereits vor der Premiere zu einem europaweit exklusiven TV-Interview.<\/p>\n<p>&nbsp;<\/p>\n<p>&nbsp;<\/p>\n<figure id=\"attachment_171962\" aria-describedby=\"caption-attachment-171962\" style=\"width: 800px\" class=\"wp-caption alignnone\"><img decoding=\"async\" loading=\"lazy\" class=\"size-large wp-image-171962\" src=\"https:\/\/smago.de\/ws2\/wp-content\/uploads\/2021\/09\/ludewig-800x450.jpg\" alt=\"\" width=\"800\" height=\"450\" srcset=\"https:\/\/smago.de\/ws2\/wp-content\/uploads\/2021\/09\/ludewig-800x450.jpg 800w, https:\/\/smago.de\/ws2\/wp-content\/uploads\/2021\/09\/ludewig-522x294.jpg 522w, https:\/\/smago.de\/ws2\/wp-content\/uploads\/2021\/09\/ludewig-267x150.jpg 267w, https:\/\/smago.de\/ws2\/wp-content\/uploads\/2021\/09\/ludewig-768x432.jpg 768w, https:\/\/smago.de\/ws2\/wp-content\/uploads\/2021\/09\/ludewig-392x221.jpg 392w, https:\/\/smago.de\/ws2\/wp-content\/uploads\/2021\/09\/ludewig-130x73.jpg 130w, https:\/\/smago.de\/ws2\/wp-content\/uploads\/2021\/09\/ludewig-791x445.jpg 791w, https:\/\/smago.de\/ws2\/wp-content\/uploads\/2021\/09\/ludewig-870x489.jpg 870w, https:\/\/smago.de\/ws2\/wp-content\/uploads\/2021\/09\/ludewig-292x164.jpg 292w, https:\/\/smago.de\/ws2\/wp-content\/uploads\/2021\/09\/ludewig-435x245.jpg 435w, https:\/\/smago.de\/ws2\/wp-content\/uploads\/2021\/09\/ludewig-895x503.jpg 895w, https:\/\/smago.de\/ws2\/wp-content\/uploads\/2021\/09\/ludewig.jpg 1150w\" sizes=\"(max-width: 800px) 100vw, 800px\" \/><figcaption id=\"caption-attachment-171962\" class=\"wp-caption-text\"><\/em> <em>Frauke Ludowig (l.) und Angela Lang<\/em><\/p>\n<p><em>Foto-Credit: RTL \/ Olschewski &#8211; Breuer<\/em><\/figcaption><\/figure>\n","protected":false},"excerpt":{"rendered":"<p>Angela Lang \u00fcbernimmt Ressortleitung VIP!<\/p>\n","protected":false},"author":2,"featured_media":171962,"comment_status":"open","ping_status":"closed","sticky":false,"template":"","format":"standard","meta":{"_FSMCFIC_featured_image_caption":"","_FSMCFIC_featured_image_nocaption":"","_FSMCFIC_featured_image_hide":""},"categories":[33,128],"tags":[60],"acf":[],"_links":{"self":[{"href":"https:\/\/smago.de\/ws2\/wp-json\/wp\/v2\/posts\/171961"}],"collection":[{"href":"https:\/\/smago.de\/ws2\/wp-json\/wp\/v2\/posts"}],"about":[{"href":"https:\/\/smago.de\/ws2\/wp-json\/wp\/v2\/types\/post"}],"author":[{"embeddable":true,"href":"https:\/\/smago.de\/ws2\/wp-json\/wp\/v2\/users\/2"}],"replies":[{"embeddable":true,"href":"https:\/\/smago.de\/ws2\/wp-json\/wp\/v2\/comments?post=171961"}],"version-history":[{"count":1,"href":"https:\/\/smago.de\/ws2\/wp-json\/wp\/v2\/posts\/171961\/revisions"}],"predecessor-version":[{"id":171963,"href":"https:\/\/smago.de\/ws2\/wp-json\/wp\/v2\/posts\/171961\/revisions\/171963"}],"wp:featuredmedia":[{"embeddable":true,"href":"https:\/\/smago.de\/ws2\/wp-json\/wp\/v2\/media\/171962"}],"wp:attachment":[{"href":"https:\/\/smago.de\/ws2\/wp-json\/wp\/v2\/media?parent=171961"}],"wp:term":[{"taxonomy":"category","embeddable":true,"href":"https:\/\/smago.de\/ws2\/wp-json\/wp\/v2\/categories?post=171961"},{"taxonomy":"post_tag","embeddable":true,"href":"https:\/\/smago.de\/ws2\/wp-json\/wp\/v2\/tags?post=171961"}],"curies":[{"name":"wp","href":"https:\/\/api.w.org\/{rel}","templated":true}]}}