{"id":171954,"date":"2021-09-27T00:00:03","date_gmt":"2021-09-26T22:00:03","guid":{"rendered":"https:\/\/smago.de\/ws2\/?p=171954"},"modified":"2021-09-26T15:38:59","modified_gmt":"2021-09-26T13:38:59","slug":"patrick-heidenreich-mit-dem-song-es-geht-immer-weiter-lebt-er-seinen-traum-weiter","status":"publish","type":"post","link":"https:\/\/smago.de\/ws2\/pop-schlager\/patrick-heidenreich-mit-dem-song-es-geht-immer-weiter-lebt-er-seinen-traum-weiter\/","title":{"rendered":"PATRICK HEIDENREICH <br>Mit dem Song &#8222;Es geht immer weiter&#8220; lebt er seinen Traum weiter!"},"content":{"rendered":"<p>Denn mit seiner Karriere als S\u00e4nger verwirklicht sich Patrick einen Lebenstraum &#8230;:<br \/>\n<!--more--><\/p>\n<p>&nbsp;<\/p>\n<p>&nbsp;<\/p>\n<p style=\"text-align: justify;\">\n<p style=\"text-align: justify;\">Eine hoffnungsvolle Botschaft sendet dieser junge Mann hinaus in die Welt: Es geht immer weiter, selbst in sehr schwierigen Situationen, die auf den ersten Blick v\u00f6llig ausweglos erscheinen. Mit seinem neuesten Song will PATRICK HEIDENREICH sehr bewusst Mut machen und Zuversicht verbreiten \u2013 gerade in dieser belastenden Pandemie-Zeit, die uns allen viel abverlangt.<\/p>\n<p style=\"text-align: justify;\">Es geht immer weiter im Leben, nichts ist umsonst. Selbst am tiefsten Punkt gibt es keinen Grund aufzugeben, hei\u00dft es in dem Text, der treffend Patricks eigenen Werdegang schildert<em>. \u201eDie eine T\u00fcr geht zu und die andere auf. Es haben sich auch bei mir immer wieder neue Wege ge\u00f6ffnet\u201c,<\/em> sagt der 30-j\u00e4hrige Erzieher aus Nordhessen.<\/p>\n<p style=\"text-align: justify;\">Mit seiner Karriere als S\u00e4nger verwirklicht sich Patrick einen Lebenstraum. Er wollte schon immer auf der B\u00fchne stehen und mit seinen Liedern, die er nur in deutscher Sprache singt, die Menschen erfreuen. Den ersten vielversprechenden Auftritten folgten leider auch einige R\u00fcckschl\u00e4ge, die der charismatische Interpret zu bew\u00e4ltigen hatte.<\/p>\n<p style=\"text-align: justify;\"><em>\u201eJeder Fehler bringt dich weiter, auf das Neue zuzugehen. Manchmal muss man eben scheitern, um den Weg f\u00fcr sich zu sehn.\u201c<\/em> Diese Zeilen umschreiben Patricks pers\u00f6nliche Erfahrungen und den m\u00fchsamen Aufstieg aus dem tiefen Tal hinauf zum Berggipfel.<\/p>\n<p style=\"text-align: justify;\">Es lohnt sich jedenfalls, diesen neuen Song anzuh\u00f6ren und sich von dem\u00a0Mut machenden Text inspirieren zu lassen: Es geht immer weiter im\u00a0Leben, immer weiter nach vorn!<\/p>\n","protected":false},"excerpt":{"rendered":"<p>Denn mit seiner Karriere als S\u00e4nger verwirklicht sich Patrick einen Lebenstraum &#8230;:<\/p>\n","protected":false},"author":2,"featured_media":171955,"comment_status":"open","ping_status":"closed","sticky":false,"template":"","format":"standard","meta":{"_FSMCFIC_featured_image_caption":"","_FSMCFIC_featured_image_nocaption":"","_FSMCFIC_featured_image_hide":""},"categories":[28],"tags":[1223],"acf":[],"_links":{"self":[{"href":"https:\/\/smago.de\/ws2\/wp-json\/wp\/v2\/posts\/171954"}],"collection":[{"href":"https:\/\/smago.de\/ws2\/wp-json\/wp\/v2\/posts"}],"about":[{"href":"https:\/\/smago.de\/ws2\/wp-json\/wp\/v2\/types\/post"}],"author":[{"embeddable":true,"href":"https:\/\/smago.de\/ws2\/wp-json\/wp\/v2\/users\/2"}],"replies":[{"embeddable":true,"href":"https:\/\/smago.de\/ws2\/wp-json\/wp\/v2\/comments?post=171954"}],"version-history":[{"count":1,"href":"https:\/\/smago.de\/ws2\/wp-json\/wp\/v2\/posts\/171954\/revisions"}],"predecessor-version":[{"id":171956,"href":"https:\/\/smago.de\/ws2\/wp-json\/wp\/v2\/posts\/171954\/revisions\/171956"}],"wp:featuredmedia":[{"embeddable":true,"href":"https:\/\/smago.de\/ws2\/wp-json\/wp\/v2\/media\/171955"}],"wp:attachment":[{"href":"https:\/\/smago.de\/ws2\/wp-json\/wp\/v2\/media?parent=171954"}],"wp:term":[{"taxonomy":"category","embeddable":true,"href":"https:\/\/smago.de\/ws2\/wp-json\/wp\/v2\/categories?post=171954"},{"taxonomy":"post_tag","embeddable":true,"href":"https:\/\/smago.de\/ws2\/wp-json\/wp\/v2\/tags?post=171954"}],"curies":[{"name":"wp","href":"https:\/\/api.w.org\/{rel}","templated":true}]}}