{"id":171836,"date":"2021-09-24T00:00:07","date_gmt":"2021-09-23T22:00:07","guid":{"rendered":"https:\/\/smago.de\/ws2\/?p=171836"},"modified":"2021-09-23T22:59:52","modified_gmt":"2021-09-23T20:59:52","slug":"ramon-roselly-aber-hello-duett-mit-ramon-roselly","status":"publish","type":"post","link":"https:\/\/smago.de\/ws2\/schlager\/ramon-roselly-aber-hello-duett-mit-ramon-roselly\/","title":{"rendered":"RAMON ROSELLY <br>Aber &#8222;Hello!&#8220;: Duett mit Ramon Roselly!"},"content":{"rendered":"<p>Der Titel &#8222;F\u00fcr Gef\u00fchle kann man nichts&#8220; ist auf der Special Edition von Maite&#8217;s Nr. 1 Album &#8222;Hello!&#8220; enthalten, die am 12.11.2021 erscheint!<br \/>\n<!--more--><\/p>\n<p>&nbsp;<\/p>\n<p>&nbsp;<\/p>\n<p>Mit f\u00f6rmlich \u00fcbersprudelnder Freude schreibt MAITE KELLY auf ihrer Facebook-Seite &#8230;:<\/p>\n<p style=\"text-align: justify;\">\n<div class=\"kvgmc6g5 cxmmr5t8 oygrvhab hcukyx3x c1et5uql ii04i59q\" style=\"text-align: justify;\">\n<div dir=\"auto\"><em>&#8222;Da sind sie: Die 5 neuen Songs!<\/em><\/div>\n<div dir=\"auto\">\n<em>Kleine \u00dcberraschung on top &#8211; und ich freue mich dar\u00fcber sehr, dass ich f\u00fcr die Special Edition mit Ramon Roselly einen Song als Duett aufnehmen konnte. <\/em><\/div>\n<div dir=\"auto\"><\/div>\n<div dir=\"auto\"><em>Wir hatten viel Spa\u00df im Studio &#8211; und es ist so sch\u00f6n geworden! <\/em><\/div>\n<div dir=\"auto\">\n<em>Ramon ist wie ich ein Zirkuskind, ein Tr\u00e4umer und hard worker. Danke daf\u00fcr.<\/em><\/div>\n<\/div>\n<div class=\"o9v6fnle cxmmr5t8 oygrvhab hcukyx3x c1et5uql ii04i59q\" style=\"text-align: justify;\">\n<div dir=\"auto\"><\/div>\n<div dir=\"auto\"><\/div>\n<\/div>\n<div dir=\"auto\" style=\"text-align: justify;\"><\/div>\n<div class=\"o9v6fnle cxmmr5t8 oygrvhab hcukyx3x c1et5uql ii04i59q\" style=\"text-align: justify;\">\n<div dir=\"auto\"><em><strong>Special Bonus:<\/strong><\/em><\/div>\n<div dir=\"auto\"><\/div>\n<div dir=\"auto\"><\/div>\n<div dir=\"auto\"><em>* \u201eF\u00fcr Gef\u00fchle kann man nichts\u201c mit Ramon Roselly<\/em><\/div>\n<div dir=\"auto\"><em>* \u201eIch steh dazu\u201c<\/em><\/div>\n<div dir=\"auto\"><em>* \u201eIch liebe laut\u201c<\/em><\/div>\n<div dir=\"auto\"><em>* \u201eGef\u00fchle f\u00fcr 2\u201c<\/em><\/div>\n<div dir=\"auto\"><em>* \u201eIch bin bereit (Aus \u201eDie kleine Hummel Bommel nimmt Abschied)\u201c<\/em><\/div>\n<\/div>\n<div dir=\"auto\" style=\"text-align: justify;\"><\/div>\n<div dir=\"auto\" style=\"text-align: justify;\"><\/div>\n<div dir=\"auto\" style=\"text-align: justify;\"><\/div>\n<div dir=\"auto\" style=\"text-align: justify;\"><\/div>\n<div class=\"o9v6fnle cxmmr5t8 oygrvhab hcukyx3x c1et5uql ii04i59q\">\n<div dir=\"auto\" style=\"text-align: justify;\"><em>Ab 12.11.2021 \u00fcberall!<\/em><\/div>\n<div dir=\"auto\" style=\"text-align: justify;\"><\/div>\n<div dir=\"auto\" style=\"text-align: justify;\"><em>Vinyl-Edition\/Doppelalbum ab 10.12.2021!<\/em><\/div>\n<\/div>\n","protected":false},"excerpt":{"rendered":"<p>Der Titel &#8222;F\u00fcr Gef\u00fchle kann man nichts&#8220; ist auf der Special Edition von Maite&#8217;s Nr. 1 Album &#8222;Hello!&#8220; enthalten, die<\/p>\n","protected":false},"author":2,"featured_media":171837,"comment_status":"open","ping_status":"closed","sticky":false,"template":"","format":"standard","meta":{"_FSMCFIC_featured_image_caption":"","_FSMCFIC_featured_image_nocaption":"","_FSMCFIC_featured_image_hide":""},"categories":[29],"tags":[340],"acf":[],"_links":{"self":[{"href":"https:\/\/smago.de\/ws2\/wp-json\/wp\/v2\/posts\/171836"}],"collection":[{"href":"https:\/\/smago.de\/ws2\/wp-json\/wp\/v2\/posts"}],"about":[{"href":"https:\/\/smago.de\/ws2\/wp-json\/wp\/v2\/types\/post"}],"author":[{"embeddable":true,"href":"https:\/\/smago.de\/ws2\/wp-json\/wp\/v2\/users\/2"}],"replies":[{"embeddable":true,"href":"https:\/\/smago.de\/ws2\/wp-json\/wp\/v2\/comments?post=171836"}],"version-history":[{"count":1,"href":"https:\/\/smago.de\/ws2\/wp-json\/wp\/v2\/posts\/171836\/revisions"}],"predecessor-version":[{"id":171838,"href":"https:\/\/smago.de\/ws2\/wp-json\/wp\/v2\/posts\/171836\/revisions\/171838"}],"wp:featuredmedia":[{"embeddable":true,"href":"https:\/\/smago.de\/ws2\/wp-json\/wp\/v2\/media\/171837"}],"wp:attachment":[{"href":"https:\/\/smago.de\/ws2\/wp-json\/wp\/v2\/media?parent=171836"}],"wp:term":[{"taxonomy":"category","embeddable":true,"href":"https:\/\/smago.de\/ws2\/wp-json\/wp\/v2\/categories?post=171836"},{"taxonomy":"post_tag","embeddable":true,"href":"https:\/\/smago.de\/ws2\/wp-json\/wp\/v2\/tags?post=171836"}],"curies":[{"name":"wp","href":"https:\/\/api.w.org\/{rel}","templated":true}]}}