{"id":171668,"date":"2021-09-22T00:00:10","date_gmt":"2021-09-21T22:00:10","guid":{"rendered":"https:\/\/smago.de\/ws2\/?p=171668"},"modified":"2021-09-21T23:33:48","modified_gmt":"2021-09-21T21:33:48","slug":"fabian-schmid","status":"publish","type":"post","link":"https:\/\/smago.de\/ws2\/pop-schlager\/fabian-schmid\/","title":{"rendered":"FABIAN SCHMID <br>Der S\u00e4nger mit schw\u00e4bischem Charme pr\u00e4sentiert seine dritte Single &#8222;Die letzte Nacht&#8220;!"},"content":{"rendered":"<p>HIER stellt sich der &#8222;Schlagerpower-S\u00e4nger mit schw\u00e4bischem Charme&#8220; selbst vor &#8230;:<br \/>\n<!--more--><\/p>\n<p>&nbsp;<\/p>\n<p>&nbsp;<\/p>\n<p class=\"StraeCxSpFirst\" style=\"text-align: justify;\"><em>&#8222;Schlagerpower mit Schw\u00e4bischem Charme \u2013 das macht mich aus.<\/em><\/p>\n<p class=\"StraeCxSpMiddle\" style=\"text-align: justify;\"><em>Seit \u00fcber 15 Jahren bin ich in verschiedenen Formationen auf den B\u00fchnen Deutschlands unterwegs, doch der Traum von eigenen Songs und einer Solokarriere lie\u00df mich niemals los. Mit meinem Produzenten Martin Meyer und meinem gro\u00dfartigen Team, ist dieser Traum zur Wirklichkeit geworden. Ich bin unfassbar stolz, meine dritte Single &#8218;Die letzte Nacht&#8216; mit dem Label &#8218;Tongarage&#8216; zu ver\u00f6ffentlichen.\u00a0Als ungebundenes und stark motiviertes Team m\u00f6chten wir einen Fu\u00df in die Schlagerbranche setzen. Ich freue mich \u00fcber jeden Support, den ich als junger K\u00fcnstler und Newcomer erfahren darf&#8220;,<\/em> so Fabian Schmid zu <strong><a href=\"http:\/\/www.smago.de\">www.smago.de<\/a><\/strong>.<\/p>\n<p style=\"text-align: justify;\">Des Weiteren schreibt er: <em>&#8222;Mit meinem Pop-Schlager &#8218;Die letzte Nacht&#8216; spreche ich ein Thema an, mit dem sich viele Menschen identifizieren k\u00f6nnen. Ein tr\u00fcber Tag, der ohne L\u00e4cheln beginnt und die Partnerschaft in Atem h\u00e4lt. Nicht jeder Tag ist ein guter Tag, doch muss es gleich die letzte Nacht sein? Auch wenn ein Tag k\u00fchl erscheint, kann er trotzdem mit einem warmen L\u00e4cheln enden. Schlie\u00dfen Sie die Augen und denken Sie an die gl\u00fccklichen Erlebnisse zur\u00fcck, die Sie bereits gemeinsam genie\u00dfen durften. K\u00f6nnen diese gl\u00fccklichen Momente zur\u00fcckkommen?<\/em><\/p>\n<p class=\"StraeCxSpMiddle\" style=\"text-align: justify;\"><em>Glauben Sie daran &#8211; nehmen Sie Ihre Partnerin oder Ihren Partner und tanzen Sie die ganze Nacht zur brandneuen Schlager-Single &#8218;Die letzte Nacht&#8216;.<\/em><\/p>\n<p class=\"StraeCxSpMiddle\" style=\"text-align: justify;\"><em>Eine eing\u00e4ngige Melodie zum Tanzen, Party machen und Nachdenken! Diese ist gepaart mit einem Text, der eine Geschichte erz\u00e4hlt, wie viele sie bereits erlebt haben.<\/em><\/p>\n<p class=\"StraeCxSpLast\" style=\"text-align: justify;\"><em>Es ist mein dritter Song, der aus meiner Feder stammt. Mit meinem Produzenten Martin Meyer arbeite ich stetig an neuen Songs und setzte dabei meine Ideen, Erlebnisse und Gedanken in Texte und Melodien um. Das passende Musikvideo zur Single k\u00f6nnen Sie auf YouTube anschauen \u2013 und eines sei verraten &#8211; ein L\u00e4cheln am Ende eines tr\u00fcben Tages bringt pures Gl\u00fcck in Ihr Herz. Probieren Sie es aus! Es ist an der Zeit zu l\u00e4cheln und wieder Disco-Fox zu tanzen!&#8220;<\/em><\/p>\n<p style=\"text-align: justify;\">\n<p style=\"text-align: justify;\">\n<p><iframe loading=\"lazy\" src=\"\/\/www.youtube.com\/embed\/-9zLtKspBVs\" width=\"800\" height=\"449\" allowfullscreen=\"allowfullscreen\"><\/iframe><\/p>\n","protected":false},"excerpt":{"rendered":"<p>HIER stellt sich der &#8222;Schlagerpower-S\u00e4nger mit schw\u00e4bischem Charme&#8220; selbst vor &#8230;:<\/p>\n","protected":false},"author":2,"featured_media":171669,"comment_status":"open","ping_status":"closed","sticky":false,"template":"","format":"standard","meta":{"_FSMCFIC_featured_image_caption":"","_FSMCFIC_featured_image_nocaption":"","_FSMCFIC_featured_image_hide":""},"categories":[28],"tags":[2236],"acf":[],"_links":{"self":[{"href":"https:\/\/smago.de\/ws2\/wp-json\/wp\/v2\/posts\/171668"}],"collection":[{"href":"https:\/\/smago.de\/ws2\/wp-json\/wp\/v2\/posts"}],"about":[{"href":"https:\/\/smago.de\/ws2\/wp-json\/wp\/v2\/types\/post"}],"author":[{"embeddable":true,"href":"https:\/\/smago.de\/ws2\/wp-json\/wp\/v2\/users\/2"}],"replies":[{"embeddable":true,"href":"https:\/\/smago.de\/ws2\/wp-json\/wp\/v2\/comments?post=171668"}],"version-history":[{"count":3,"href":"https:\/\/smago.de\/ws2\/wp-json\/wp\/v2\/posts\/171668\/revisions"}],"predecessor-version":[{"id":171701,"href":"https:\/\/smago.de\/ws2\/wp-json\/wp\/v2\/posts\/171668\/revisions\/171701"}],"wp:featuredmedia":[{"embeddable":true,"href":"https:\/\/smago.de\/ws2\/wp-json\/wp\/v2\/media\/171669"}],"wp:attachment":[{"href":"https:\/\/smago.de\/ws2\/wp-json\/wp\/v2\/media?parent=171668"}],"wp:term":[{"taxonomy":"category","embeddable":true,"href":"https:\/\/smago.de\/ws2\/wp-json\/wp\/v2\/categories?post=171668"},{"taxonomy":"post_tag","embeddable":true,"href":"https:\/\/smago.de\/ws2\/wp-json\/wp\/v2\/tags?post=171668"}],"curies":[{"name":"wp","href":"https:\/\/api.w.org\/{rel}","templated":true}]}}