{"id":171664,"date":"2021-09-22T00:00:01","date_gmt":"2021-09-21T22:00:01","guid":{"rendered":"https:\/\/smago.de\/ws2\/?p=171664"},"modified":"2021-09-21T00:07:45","modified_gmt":"2021-09-20T22:07:45","slug":"jan-delay-mit-ernie-bert-heute-vorabend-22-09-2021-in-der-sendung-das-zu-gast","status":"publish","type":"post","link":"https:\/\/smago.de\/ws2\/kinderprogramm\/jan-delay-mit-ernie-bert-heute-vorabend-22-09-2021-in-der-sendung-das-zu-gast\/","title":{"rendered":"JAN DELAY mit ERNIE &#038; BERT <br>Heute Vorabend (22.09.2021) in der Sendung &#8222;DAS!&#8220; zu Gast!"},"content":{"rendered":"<p>18:45 Uhr &#8211; 19:30 Uhr (Wh. in der Nacht auf 23.09., 05:15 Uhr &#8211; 06:00 Uhr)!<br \/>\n<!--more--><\/p>\n<p>&nbsp;<\/p>\n<p>&nbsp;<\/p>\n<p>&nbsp;<\/p>\n<p style=\"text-align: justify;\">Er hat den Beat, den Style und ist als Musiker und S\u00e4nger l\u00e4ngst Kult: JAN DELAY! Der Hamburger ist seit 30 Jahren im Musikgesch\u00e4ft. Der HipHop-K\u00fcnstler kommt 1976 unter dem b\u00fcrgerlichen Namen Jan Phillip Ei\u00dffeldt in Hamburg zur Welt. 1991 gr\u00fcndet er die Band &#8222;Absolute Beginner&#8220;. Sieben Jahre sollte es dauern, bis sich kommerzieller Erfolg f\u00fcr die Gruppe einstellt &#8211; mit dem Album &#8222;Bambule&#8220;.<\/p>\n<p style=\"text-align: justify;\">Mit dem Wechsel in das neue Jahrtausend tritt er vor allem als Solok\u00fcnstler und unter seinem Pseudonym Jan Delay auf. Er probiert immer neue Musikstile aus, von Reggae zu Rock, Rap und Hip-Hop. &#8222;Ich bin K\u00fcnstler und mache das, was ich will &#8211; nicht das, von dem ich denke, dass es am besten ankommt.&#8220;, so Jan Delay. Seine Alben sind allesamt Chartbreaker und auch sein aktuelles Werk, &#8222;Earth, Wind &amp; Feiern&#8220;, kn\u00fcpft an die Erfolgsserie seiner Soloplatten an. Au\u00dferdem \u00fcbernimmt der Mann mit der markanten nasalen Stimme Sprechrollen in Filmen wie &#8222;Die Biene Maja&#8220; oder &#8222;Der kleine Rabe Socke&#8220;.<\/p>\n<p style=\"text-align: justify;\">Und: Er ist Fan der Kinder-Kult-Sendung &#8222;Sesamstra\u00dfe&#8220;. F\u00fcr den neuen Song &#8222;Eule&#8220; hat Jan Delay nun wieder gemeinsam mit ERNIE &amp; BERT gesungen und ein Musikvideo aufgenommen. Auf dem Roten Sofa werden ihn die Original-Sesamstra\u00dfenfiguren Ernie und Bert sogar begleiten!<\/p>\n<p>&nbsp;<\/p>\n<p>&nbsp;<\/p>\n<p>&nbsp;<\/p>\n<figure id=\"attachment_171665\" aria-describedby=\"caption-attachment-171665\" style=\"width: 800px\" class=\"wp-caption alignnone\"><img decoding=\"async\" loading=\"lazy\" class=\"size-large wp-image-171665\" src=\"https:\/\/smago.de\/ws2\/wp-content\/uploads\/2021\/09\/delay_Uwe-Ernst-800x450.jpg\" alt=\"\" width=\"800\" height=\"450\" srcset=\"https:\/\/smago.de\/ws2\/wp-content\/uploads\/2021\/09\/delay_Uwe-Ernst-800x450.jpg 800w, https:\/\/smago.de\/ws2\/wp-content\/uploads\/2021\/09\/delay_Uwe-Ernst-522x294.jpg 522w, https:\/\/smago.de\/ws2\/wp-content\/uploads\/2021\/09\/delay_Uwe-Ernst-267x150.jpg 267w, https:\/\/smago.de\/ws2\/wp-content\/uploads\/2021\/09\/delay_Uwe-Ernst-768x432.jpg 768w, https:\/\/smago.de\/ws2\/wp-content\/uploads\/2021\/09\/delay_Uwe-Ernst-392x220.jpg 392w, https:\/\/smago.de\/ws2\/wp-content\/uploads\/2021\/09\/delay_Uwe-Ernst-130x73.jpg 130w, https:\/\/smago.de\/ws2\/wp-content\/uploads\/2021\/09\/delay_Uwe-Ernst-791x445.jpg 791w, https:\/\/smago.de\/ws2\/wp-content\/uploads\/2021\/09\/delay_Uwe-Ernst-870x489.jpg 870w, https:\/\/smago.de\/ws2\/wp-content\/uploads\/2021\/09\/delay_Uwe-Ernst-292x164.jpg 292w, https:\/\/smago.de\/ws2\/wp-content\/uploads\/2021\/09\/delay_Uwe-Ernst-435x245.jpg 435w, https:\/\/smago.de\/ws2\/wp-content\/uploads\/2021\/09\/delay_Uwe-Ernst-895x503.jpg 895w, https:\/\/smago.de\/ws2\/wp-content\/uploads\/2021\/09\/delay_Uwe-Ernst.jpg 1067w\" sizes=\"(max-width: 800px) 100vw, 800px\" \/><figcaption id=\"caption-attachment-171665\" class=\"wp-caption-text\"><em>Foto-Credit: NDR \/ Uwe Ernst<\/em><\/figcaption><\/figure>\n","protected":false},"excerpt":{"rendered":"<p>18:45 Uhr &#8211; 19:30 Uhr (Wh. in der Nacht auf 23.09., 05:15 Uhr &#8211; 06:00 Uhr)!<\/p>\n","protected":false},"author":2,"featured_media":171665,"comment_status":"open","ping_status":"closed","sticky":false,"template":"","format":"standard","meta":{"_FSMCFIC_featured_image_caption":"","_FSMCFIC_featured_image_nocaption":"","_FSMCFIC_featured_image_hide":""},"categories":[20,27,128],"tags":[2116,2115],"acf":[],"_links":{"self":[{"href":"https:\/\/smago.de\/ws2\/wp-json\/wp\/v2\/posts\/171664"}],"collection":[{"href":"https:\/\/smago.de\/ws2\/wp-json\/wp\/v2\/posts"}],"about":[{"href":"https:\/\/smago.de\/ws2\/wp-json\/wp\/v2\/types\/post"}],"author":[{"embeddable":true,"href":"https:\/\/smago.de\/ws2\/wp-json\/wp\/v2\/users\/2"}],"replies":[{"embeddable":true,"href":"https:\/\/smago.de\/ws2\/wp-json\/wp\/v2\/comments?post=171664"}],"version-history":[{"count":2,"href":"https:\/\/smago.de\/ws2\/wp-json\/wp\/v2\/posts\/171664\/revisions"}],"predecessor-version":[{"id":171667,"href":"https:\/\/smago.de\/ws2\/wp-json\/wp\/v2\/posts\/171664\/revisions\/171667"}],"wp:featuredmedia":[{"embeddable":true,"href":"https:\/\/smago.de\/ws2\/wp-json\/wp\/v2\/media\/171665"}],"wp:attachment":[{"href":"https:\/\/smago.de\/ws2\/wp-json\/wp\/v2\/media?parent=171664"}],"wp:term":[{"taxonomy":"category","embeddable":true,"href":"https:\/\/smago.de\/ws2\/wp-json\/wp\/v2\/categories?post=171664"},{"taxonomy":"post_tag","embeddable":true,"href":"https:\/\/smago.de\/ws2\/wp-json\/wp\/v2\/tags?post=171664"}],"curies":[{"name":"wp","href":"https:\/\/api.w.org\/{rel}","templated":true}]}}