{"id":171532,"date":"2021-09-18T00:00:22","date_gmt":"2021-09-17T22:00:22","guid":{"rendered":"https:\/\/smago.de\/ws2\/?p=171532"},"modified":"2021-09-17T16:04:48","modified_gmt":"2021-09-17T14:04:48","slug":"matthias-carras-toi-toi-toi-lieber-matze","status":"publish","type":"post","link":"https:\/\/smago.de\/ws2\/pop-schlager\/matthias-carras-toi-toi-toi-lieber-matze\/","title":{"rendered":"MATTHIAS CARRAS <br>Toi, toi, toi, lieber &#8222;Matze&#8220; !!!"},"content":{"rendered":"<p>Matthias Carras feiert heute Abend (18.08.2021) im FOX in Dortmund seinen gro\u00dfen Comeback-Auftritt!<br \/>\n<!--more--><\/p>\n<p>&nbsp;<\/p>\n<p>&nbsp;<\/p>\n<p style=\"text-align: justify;\">F\u00fcr MATTHIAS CARRAS ist der heutige 18.09.2021 der Tag aller Tage. Denn: Auf eigenem Wunsch und aus eigenem Antrieb startet er heute Abend (18.09.2021) in der Diskothek FOX in Dortmund sein gro\u00dfes B\u00fchnen-Comeback.<\/p>\n<p style=\"text-align: justify;\">&#8222;<em>Ich freue mich auf meine Premiere im FOX und darauf, endlich wieder vor Publikum und Fans auftreten zu d\u00fcrfen\u201c, <\/em>lie\u00df Matthias Carras bereits im Vorfeld ausrichten.<\/p>\n<p style=\"text-align: justify;\">Der Clou f\u00fcr die Fans: Der Eintritt kostet nur \u20ac 8,00 (F\u00fcr eine Platz- &amp; Tischreservierung senden Sie bitte eine E-Mail an: info@unterhaltungsprofis.de).<\/p>\n<p style=\"text-align: justify;\">Matthias Carras wird nicht nur seinen neuen Titel vorstellen, sondern selbstverst\u00e4ndlich auch seine &#8222;alten Hits&#8220; singen.<\/p>\n<p style=\"text-align: justify;\"><em>smago!<\/em> dr\u00fcckt Matthias Carras f\u00fcr seinen gro\u00dfen Comeback-Auftritt alles erdenklich Gute, wei\u00df zugleich aber auch, dass er im FOX sehr, sehr gut aufgehoben ist &#8230;<\/p>\n<p style=\"text-align: justify;\">Der Co-Pilot hebt endlich wieder ab &#8230;<\/p>\n<p>&nbsp;<\/p>\n<p style=\"text-align: justify;\">Toi, toi, toi, lieber Matze !!!<\/p>\n<p>&nbsp;<\/p>\n<p>&nbsp;<\/p>\n<p>&nbsp;<\/p>\n<p class=\"entry-title\" style=\"text-align: justify;\"><strong>Comeback-Auftritt Matthias Carras am 18.09.2021 im FOX<\/strong> (Quelle: Die Unterhaltungsprofis)<\/p>\n<p>&nbsp;<\/p>\n<p>&nbsp;<\/p>\n<p style=\"text-align: justify;\">Er ist endlich zur\u00fcck dort, wo er sich am wohlsten f\u00fchlt \u2013 auf einer B\u00fchne! Nach schwerer, \u00fcberstandener Krankheit und einer Pause von \u00fcber sechs Jahren tritt Schlagerstar MATTHIAS CARRAS erstmals wieder in einer Diskothek auf. Mit dem Tanzlokal FOX in Dortmund hat er sich f\u00fcr sein Comeback eine der angesagtesten Locations in NRW ausgesucht \u2013 und dies zus\u00e4tzlich auch aus einem ganz besonders emotionalen Grund.<span class=\"Apple-converted-space\">\u00a0<\/span><\/p>\n<p style=\"text-align: justify;\"><em>\u201eIch bin sehr aufgeregt, aber auch voller Vorfreude auf diesen Abend. Mit Frank Neuenfels, der seit dem Jahre 2017 der Projektleiter des FOX ist, verbindet mich seit vielen Jahren eine berufliche und private Freundschaft. Wir haben im Laufe der Zeit nicht nur unz\u00e4hlige, gemeinsame Auftritte absolviert, sondern auch gegenseitiges Vertrauen aufgebaut und ein stets respektvolles Miteinander gepflegt\u201c,<\/em> erkl\u00e4rt Matthias Carras. <em>\u201eSo musste ich nach Franks Anfrage nicht lange \u00fcberlegen und habe sofort f\u00fcr diesen Auftritt zugesagt. Ich freue mich auf meine Premiere im FOX und darauf, endlich wieder vor Publikum und Fans auftreten zu d\u00fcrfen\u201c,<\/em> berichtet der sympathische S\u00e4nger.<span class=\"Apple-converted-space\">\u00a0<\/span><\/p>\n<p style=\"text-align: justify;\">Fans und G\u00e4ste d\u00fcrfen sich selbstverst\u00e4ndlich auf die Carras-Hits wie z.B. \u201eIch bin dein Co-Pilot\u201c oder \u201e..Auch nur ein Mann\u201c freuen \u2013 bekommen aber auch mit brandneuen Titeln einen ersten musikalischen Vorgeschmack auf das neue Mattias Carras-Album \u201eEndlich frei\u201c.<span class=\"Apple-converted-space\">\u00a0<\/span><\/p>\n<p style=\"text-align: justify;\">\u201eDie Zusage von Matthias Carras, seinen Comeback-Auftritt im FOX zu absolvieren, macht mich ungemein stolz und adelt unser Tanzlokal\u201c, so Frank Neuenfels. \u201eSeine Hits geh\u00f6ren im FOX zum allabendlichen Musikprogramm unserer DJs \u2013 die Resonanz der G\u00e4ste im Vorfeld dieses Auftritts ist ungeheuer gro\u00df. Dieser Abend wird f\u00fcr Matthias Carras und unsere G\u00e4ste unvergessen und bestimmt sehr emotional\u201c, sagt Frank Neuenfels.<span class=\"Apple-converted-space\">\u00a0<\/span><\/p>\n<p style=\"text-align: justify;\">Der Eintritt betr\u00e4gt 8 EURO, der Einlass ist ab 20:00 Uhr. F\u00fcr eine Platz- &amp; Tischreservierung senden Sie bitte eine E-Mail an: info@unterhaltungsprofis.de.<span class=\"Apple-converted-space\">\u00a0<\/span><\/p>\n<p style=\"text-align: justify;\">Das Tanzlokal FOX befindet sich in der Spielbank Hohensyburg, Hohensyburgstra\u00dfe 200 in 44265 Dortmund. Der Einlass findet unter Ber\u00fccksichtigung der 2G-Regel statt.<span class=\"Apple-converted-space\">\u00a0<\/span><\/p>\n<p style=\"text-align: justify;\">Das FOX \u00f6ffnete erstmalig am 04. November 2017 seine Pforten und empf\u00e4ngt seine G\u00e4ste jeden Samstag zur \u201eTanz- und Partynacht\u201c mit den besten Party- &amp; Discofox-Hits und zus\u00e4tzlich jeden ersten Freitag eines Monats zur Single-Party \u201eHERZBEBEN\u201c \u2013 jeweils ab 20:00 Uhr.<\/p>\n<p>Weitere Infos unter <strong><a href=\"http:\/\/www.tanzlokal-fox.de\">www.tanzlokal-fox.de<\/a><\/strong>!<\/p>\n<p>&nbsp;<\/p>\n<p>&nbsp;<\/p>\n<p>&nbsp;<\/p>\n<p><img decoding=\"async\" loading=\"lazy\" class=\"alignnone size-large wp-image-170952\" src=\"https:\/\/smago.de\/ws2\/wp-content\/uploads\/2021\/09\/carras_comeback-800x533.jpg\" alt=\"\" width=\"800\" height=\"533\" srcset=\"https:\/\/smago.de\/ws2\/wp-content\/uploads\/2021\/09\/carras_comeback-800x533.jpg 800w, https:\/\/smago.de\/ws2\/wp-content\/uploads\/2021\/09\/carras_comeback-522x348.jpg 522w, https:\/\/smago.de\/ws2\/wp-content\/uploads\/2021\/09\/carras_comeback-225x150.jpg 225w, https:\/\/smago.de\/ws2\/wp-content\/uploads\/2021\/09\/carras_comeback-768x512.jpg 768w, https:\/\/smago.de\/ws2\/wp-content\/uploads\/2021\/09\/carras_comeback-1536x1023.jpg 1536w, https:\/\/smago.de\/ws2\/wp-content\/uploads\/2021\/09\/carras_comeback-392x261.jpg 392w, https:\/\/smago.de\/ws2\/wp-content\/uploads\/2021\/09\/carras_comeback-130x87.jpg 130w, https:\/\/smago.de\/ws2\/wp-content\/uploads\/2021\/09\/carras_comeback-668x445.jpg 668w, https:\/\/smago.de\/ws2\/wp-content\/uploads\/2021\/09\/carras_comeback-784x522.jpg 784w, https:\/\/smago.de\/ws2\/wp-content\/uploads\/2021\/09\/carras_comeback-285x190.jpg 285w, https:\/\/smago.de\/ws2\/wp-content\/uploads\/2021\/09\/carras_comeback-435x290.jpg 435w, https:\/\/smago.de\/ws2\/wp-content\/uploads\/2021\/09\/carras_comeback-150x100.jpg 150w, https:\/\/smago.de\/ws2\/wp-content\/uploads\/2021\/09\/carras_comeback-370x247.jpg 370w, https:\/\/smago.de\/ws2\/wp-content\/uploads\/2021\/09\/carras_comeback.jpg 2048w\" sizes=\"(max-width: 800px) 100vw, 800px\" \/><\/p>\n<p>&nbsp;<\/p>\n","protected":false},"excerpt":{"rendered":"<p>Matthias Carras feiert heute Abend (18.08.2021) im FOX in Dortmund seinen gro\u00dfen Comeback-Auftritt!<\/p>\n","protected":false},"author":2,"featured_media":170926,"comment_status":"open","ping_status":"closed","sticky":false,"template":"","format":"standard","meta":{"_FSMCFIC_featured_image_caption":"","_FSMCFIC_featured_image_nocaption":"","_FSMCFIC_featured_image_hide":""},"categories":[28],"tags":[378],"acf":[],"_links":{"self":[{"href":"https:\/\/smago.de\/ws2\/wp-json\/wp\/v2\/posts\/171532"}],"collection":[{"href":"https:\/\/smago.de\/ws2\/wp-json\/wp\/v2\/posts"}],"about":[{"href":"https:\/\/smago.de\/ws2\/wp-json\/wp\/v2\/types\/post"}],"author":[{"embeddable":true,"href":"https:\/\/smago.de\/ws2\/wp-json\/wp\/v2\/users\/2"}],"replies":[{"embeddable":true,"href":"https:\/\/smago.de\/ws2\/wp-json\/wp\/v2\/comments?post=171532"}],"version-history":[{"count":3,"href":"https:\/\/smago.de\/ws2\/wp-json\/wp\/v2\/posts\/171532\/revisions"}],"predecessor-version":[{"id":171535,"href":"https:\/\/smago.de\/ws2\/wp-json\/wp\/v2\/posts\/171532\/revisions\/171535"}],"wp:featuredmedia":[{"embeddable":true,"href":"https:\/\/smago.de\/ws2\/wp-json\/wp\/v2\/media\/170926"}],"wp:attachment":[{"href":"https:\/\/smago.de\/ws2\/wp-json\/wp\/v2\/media?parent=171532"}],"wp:term":[{"taxonomy":"category","embeddable":true,"href":"https:\/\/smago.de\/ws2\/wp-json\/wp\/v2\/categories?post=171532"},{"taxonomy":"post_tag","embeddable":true,"href":"https:\/\/smago.de\/ws2\/wp-json\/wp\/v2\/tags?post=171532"}],"curies":[{"name":"wp","href":"https:\/\/api.w.org\/{rel}","templated":true}]}}