{"id":171253,"date":"2021-09-12T23:59:43","date_gmt":"2021-09-12T21:59:43","guid":{"rendered":"https:\/\/smago.de\/ws2\/?p=171253"},"modified":"2021-09-12T22:25:52","modified_gmt":"2021-09-12T20:25:52","slug":"frank-lars-grosse-freude-ueber-platz-27-in-den-offiziellen-deutschen-album-charts","status":"publish","type":"post","link":"https:\/\/smago.de\/ws2\/pop-schlager\/frank-lars-grosse-freude-ueber-platz-27-in-den-offiziellen-deutschen-album-charts\/","title":{"rendered":"FRANK LARS <br>Gro\u00dfe Freude \u00fcber Platz 27 in den Offiziellen Deutschen Album Charts!"},"content":{"rendered":"<p>Die Doppel-CD &#8222;Auf Liebe gesetzt &#8211; Meine gr\u00f6\u00dften Erfolge und neue Hits&#8220; hat es aus dem Stand ins oberer Drittel der Top 100 Charts gepackt!<br \/>\n<!--more--><\/p>\n<div class=\"o9v6fnle cxmmr5t8 oygrvhab hcukyx3x c1et5uql ii04i59q\" style=\"text-align: justify;\">\n<div dir=\"auto\">\n<p>&nbsp;<\/p>\n<p>&nbsp;<\/p>\n<p>&nbsp;<\/p>\n<p>Nach einer langj\u00e4hrigen Pause hat sich FRANK LARS spektakul\u00e4r mit der Doppel-CD \u201eAuf Liebe gesetzt:Meine Gr\u00f6\u00dften Erfolge und neue Hits\u201c. zur\u00fcckgemeldet. Zum ersten Mal \u00fcberhaupt taucht sein Name &#8211; als S\u00e4nger &#8211; in den Offiziellen Deutschen Charts auf.<\/p>\n<p>Frank Lars sagt<em> &#8222;Ein gro\u00dfes Dankesch\u00f6n an alle Fans und Freunde des Deutschen Schlagers. Ein gro\u00dfes Dankesch\u00f6n geht auch an mein Team f\u00fcr die hervorragende Arbei .<\/em><\/p>\n<\/div>\n<\/div>\n<div class=\"o9v6fnle cxmmr5t8 oygrvhab hcukyx3x c1et5uql ii04i59q\" style=\"text-align: justify;\">\n<div dir=\"auto\">\n<p><em>&#8218;Starke Menschen sind nicht die, die immer gewinnen, sondern die, die niemals aufgeben.&#8216;<\/em><\/p>\n<\/div>\n<\/div>\n<div class=\"o9v6fnle cxmmr5t8 oygrvhab hcukyx3x c1et5uql ii04i59q\">\n<div dir=\"auto\" style=\"text-align: justify;\">\n<p><em>Bis bald,<\/em><\/p>\n<p>&nbsp;<\/p>\n<\/div>\n<div dir=\"auto\" style=\"text-align: justify;\"><em>Euer Frank Lars&#8220;<\/em><\/div>\n<\/div>\n<div dir=\"auto\"><\/div>\n<div dir=\"auto\"><\/div>\n<div dir=\"auto\"><\/div>\n<div dir=\"auto\"><\/div>\n<div dir=\"auto\"><img decoding=\"async\" loading=\"lazy\" class=\"alignnone size-large wp-image-170405\" src=\"https:\/\/smago.de\/ws2\/wp-content\/uploads\/2021\/07\/lars_back-800x685.jpg\" alt=\"\" width=\"800\" height=\"685\" srcset=\"https:\/\/smago.de\/ws2\/wp-content\/uploads\/2021\/07\/lars_back-800x685.jpg 800w, https:\/\/smago.de\/ws2\/wp-content\/uploads\/2021\/07\/lars_back-522x447.jpg 522w, https:\/\/smago.de\/ws2\/wp-content\/uploads\/2021\/07\/lars_back-175x150.jpg 175w, https:\/\/smago.de\/ws2\/wp-content\/uploads\/2021\/07\/lars_back-768x658.jpg 768w, https:\/\/smago.de\/ws2\/wp-content\/uploads\/2021\/07\/lars_back-318x272.jpg 318w, https:\/\/smago.de\/ws2\/wp-content\/uploads\/2021\/07\/lars_back-700x600.jpg 700w, https:\/\/smago.de\/ws2\/wp-content\/uploads\/2021\/07\/lars_back-130x111.jpg 130w, https:\/\/smago.de\/ws2\/wp-content\/uploads\/2021\/07\/lars_back-519x445.jpg 519w, https:\/\/smago.de\/ws2\/wp-content\/uploads\/2021\/07\/lars_back-609x522.jpg 609w, https:\/\/smago.de\/ws2\/wp-content\/uploads\/2021\/07\/lars_back-222x190.jpg 222w, https:\/\/smago.de\/ws2\/wp-content\/uploads\/2021\/07\/lars_back-339x290.jpg 339w, https:\/\/smago.de\/ws2\/wp-content\/uploads\/2021\/07\/lars_back.jpg 1200w\" sizes=\"(max-width: 800px) 100vw, 800px\" \/><\/div>\n","protected":false},"excerpt":{"rendered":"<p>Die Doppel-CD &#8222;Auf Liebe gesetzt &#8211; Meine gr\u00f6\u00dften Erfolge und neue Hits&#8220; hat es aus dem Stand ins oberer Drittel<\/p>\n","protected":false},"author":2,"featured_media":167506,"comment_status":"open","ping_status":"closed","sticky":false,"template":"","format":"standard","meta":{"_FSMCFIC_featured_image_caption":"","_FSMCFIC_featured_image_nocaption":"","_FSMCFIC_featured_image_hide":""},"categories":[28],"tags":[2018],"acf":[],"_links":{"self":[{"href":"https:\/\/smago.de\/ws2\/wp-json\/wp\/v2\/posts\/171253"}],"collection":[{"href":"https:\/\/smago.de\/ws2\/wp-json\/wp\/v2\/posts"}],"about":[{"href":"https:\/\/smago.de\/ws2\/wp-json\/wp\/v2\/types\/post"}],"author":[{"embeddable":true,"href":"https:\/\/smago.de\/ws2\/wp-json\/wp\/v2\/users\/2"}],"replies":[{"embeddable":true,"href":"https:\/\/smago.de\/ws2\/wp-json\/wp\/v2\/comments?post=171253"}],"version-history":[{"count":2,"href":"https:\/\/smago.de\/ws2\/wp-json\/wp\/v2\/posts\/171253\/revisions"}],"predecessor-version":[{"id":171255,"href":"https:\/\/smago.de\/ws2\/wp-json\/wp\/v2\/posts\/171253\/revisions\/171255"}],"wp:featuredmedia":[{"embeddable":true,"href":"https:\/\/smago.de\/ws2\/wp-json\/wp\/v2\/media\/167506"}],"wp:attachment":[{"href":"https:\/\/smago.de\/ws2\/wp-json\/wp\/v2\/media?parent=171253"}],"wp:term":[{"taxonomy":"category","embeddable":true,"href":"https:\/\/smago.de\/ws2\/wp-json\/wp\/v2\/categories?post=171253"},{"taxonomy":"post_tag","embeddable":true,"href":"https:\/\/smago.de\/ws2\/wp-json\/wp\/v2\/tags?post=171253"}],"curies":[{"name":"wp","href":"https:\/\/api.w.org\/{rel}","templated":true}]}}