{"id":171145,"date":"2021-09-12T00:00:55","date_gmt":"2021-09-11T22:00:55","guid":{"rendered":"https:\/\/smago.de\/ws2\/?p=171145"},"modified":"2021-09-10T12:30:52","modified_gmt":"2021-09-10T10:30:52","slug":"wind-mit-wo-traeume-leben-liefern-sie-endlich-wieder-einen-richtigen-knallertitel-ab","status":"publish","type":"post","link":"https:\/\/smago.de\/ws2\/pop-schlager\/wind-mit-wo-traeume-leben-liefern-sie-endlich-wieder-einen-richtigen-knallertitel-ab\/","title":{"rendered":"WIND <br>Mit &#8222;Wo Tr\u00e4ume leben&#8220; liefern sie endlich wieder einen richtigen Knaller(-Titel) ab!"},"content":{"rendered":"<p>Sehen Sie HIER das Video &#8230;:<br \/>\n<!--more--><\/p>\n<p>&nbsp;<\/p>\n<p>&nbsp;<\/p>\n<p>&nbsp;<\/p>\n<p style=\"text-align: justify;\">\u201eWo Tr\u00e4ume leben\u201c hei\u00dft der neue Song der Schlagerformation WIND, die seit \u00fcber 35 Jahren Musik f\u00fcr Herz und Seele auf den deutschsprachigen, konservativen Musikmarkt bringt. Regelm\u00e4\u00dfig erreichen die Ver\u00f6ffentlichungen dabei gute Platzierungen in den Top 50 der Radio Charts &#8222;Deutschland Konservativ Pop&#8220;, was dem Trio um Frontmann und Produzent Andreas Lebbing auch in j\u00fcngster Vergangenheit TV-Pr\u00e4senz in den beliebten Formaten \u201eImmer wieder Sonntags\u201c oder \u201eSchlager Spa\u00df mit Andy Borg\u201c bescherte.<\/p>\n<p style=\"text-align: justify;\">Die aktuelle Produktion klingt gewohnt harmonisch, leicht, lebensfroh und punktet mit dem WIND-typischen Satzgesang, der zweifelsfrei seit langem einen hohen Wiedererkennungswert hat.<\/p>\n<p style=\"text-align: justify;\">Best\u00e4ndigkeit und unb\u00e4ndige Freude an Musik zeichnet die Gruppe WIND aus. Erstmals erscheint jetzt ein WIND-Titel auf dem von Andreas Lebbing und Caro Fr\u00f6lian gegr\u00fcndeten Label \u201eWolkenschloss\u201c im digitalen Vertrieb von believe digital.<\/p>\n<p style=\"text-align: justify;\">Damit beginnt ein neues Kapitel in der WIND-Story, das zugleich auch ein neues Studioalbum ank\u00fcndigt. Denn \u2013 um es mit einem Text-Auszug aus dem neuesten Werk zu sagen: <em>\u201eWo Tr\u00e4ume leben, Herzen beben, passiert was Magisches in jedem Augenblick\u201c<\/em>!<\/p>\n<p>&nbsp;<\/p>\n<p>&nbsp;<\/p>\n<p>&nbsp;<\/p>\n<p>&nbsp;<\/p>\n<p><strong>Musik f\u00fcr Herz &amp; Seele &#8211; seit \u00fcber 35 Jahren!<\/strong><\/p>\n<p>&nbsp;<\/p>\n<p>&nbsp;<\/p>\n<p>Die Gruppe WIND, das sind Andreas Lebbing, Carolin Fr\u00f6lian und Jasmin Kneepkens. Seit der ersten Zusammenstellung von WIND im Jahr 1985 zur Teilnahme am \u201cGrand Prix d\u2019 Eurovision de la chanson\u201d (heute Eurovision Song Contest) steht WIND wie keine andere Gesangsformation f\u00fcr positive Energie und musikalische Botschaften f\u00fcr Herz und Seele, allen voran der Evergreen \u201cLass\u2019 die Sonne in dein Herz\u201d.<\/p>\n<p>In \u00fcber 25 Studio-Alben und unterschiedlich besetzten Formationen hat sich der unverwechselbare Sound von WIND etabliert. In ihrer stets charmanten und mitrei\u00dfenden B\u00fchnenshow garantieren die drei Akteure ausgelassene Stimmung und erstklassige musikalische Unterhaltung.<\/p>\n<p>&nbsp;<\/p>\n<p>&nbsp;<\/p>\n<p>&nbsp;<\/p>\n<p>Mehr unter <strong><a href=\"http:\/\/www.gruppewind.de\">www.gruppewind.de<\/a><\/strong>!<\/p>\n<p>&nbsp;<\/p>\n<p>&nbsp;<\/p>\n<p>&nbsp;<\/p>\n<p><iframe loading=\"lazy\" src=\"\/\/www.youtube.com\/embed\/4v8FGt4hEp4\" width=\"800\" height=\"449\" allowfullscreen=\"allowfullscreen\"><\/iframe><\/p>\n","protected":false},"excerpt":{"rendered":"<p>Sehen Sie HIER das Video &#8230;:<\/p>\n","protected":false},"author":2,"featured_media":171146,"comment_status":"open","ping_status":"closed","sticky":false,"template":"","format":"standard","meta":{"_FSMCFIC_featured_image_caption":"","_FSMCFIC_featured_image_nocaption":"","_FSMCFIC_featured_image_hide":""},"categories":[28,29],"tags":[99],"acf":[],"_links":{"self":[{"href":"https:\/\/smago.de\/ws2\/wp-json\/wp\/v2\/posts\/171145"}],"collection":[{"href":"https:\/\/smago.de\/ws2\/wp-json\/wp\/v2\/posts"}],"about":[{"href":"https:\/\/smago.de\/ws2\/wp-json\/wp\/v2\/types\/post"}],"author":[{"embeddable":true,"href":"https:\/\/smago.de\/ws2\/wp-json\/wp\/v2\/users\/2"}],"replies":[{"embeddable":true,"href":"https:\/\/smago.de\/ws2\/wp-json\/wp\/v2\/comments?post=171145"}],"version-history":[{"count":5,"href":"https:\/\/smago.de\/ws2\/wp-json\/wp\/v2\/posts\/171145\/revisions"}],"predecessor-version":[{"id":171151,"href":"https:\/\/smago.de\/ws2\/wp-json\/wp\/v2\/posts\/171145\/revisions\/171151"}],"wp:featuredmedia":[{"embeddable":true,"href":"https:\/\/smago.de\/ws2\/wp-json\/wp\/v2\/media\/171146"}],"wp:attachment":[{"href":"https:\/\/smago.de\/ws2\/wp-json\/wp\/v2\/media?parent=171145"}],"wp:term":[{"taxonomy":"category","embeddable":true,"href":"https:\/\/smago.de\/ws2\/wp-json\/wp\/v2\/categories?post=171145"},{"taxonomy":"post_tag","embeddable":true,"href":"https:\/\/smago.de\/ws2\/wp-json\/wp\/v2\/tags?post=171145"}],"curies":[{"name":"wp","href":"https:\/\/api.w.org\/{rel}","templated":true}]}}