{"id":170999,"date":"2021-09-09T23:59:52","date_gmt":"2021-09-09T21:59:52","guid":{"rendered":"https:\/\/smago.de\/ws2\/?p=170999"},"modified":"2021-09-09T14:50:47","modified_gmt":"2021-09-09T12:50:47","slug":"buelent-ceylan-u-a-fr-10-09-2021-ndr-fernsehen-hr-fernsehen-3nach9","status":"publish","type":"post","link":"https:\/\/smago.de\/ws2\/comedy\/buelent-ceylan-u-a-fr-10-09-2021-ndr-fernsehen-hr-fernsehen-3nach9\/","title":{"rendered":"B\u00dcLENT CEYLAN u.a. <br>Fr., 10.09.2021, NDR fernsehen + hr fernsehen: &#8222;3nach9&#8220;!"},"content":{"rendered":"<p>22:00 Uhr &#8211; 00:00 Uhr! Moderation: Judith Rakers und Giovanni di Lorenzo!<strong><br \/>\n<\/strong><!--more--><\/p>\n<p>&nbsp;<\/p>\n<p>&nbsp;<\/p>\n<p>&nbsp;<\/p>\n<p>&nbsp;<\/p>\n<p>Judith Rakers und Giovanni di Lorenzo begr\u00fc\u00dfen am Freitag, dem 10. September, folgende G\u00e4ste: B\u00fclent Ceylan, Marianne Koch, Igor Levit, Peter Tauber, Tanja Sch\u00f6nenborn und Rafael Fuchsgruber sowie Volker Busch.<\/p>\n<p>&nbsp;<\/p>\n<p>&nbsp;<\/p>\n<p>&nbsp;<\/p>\n<p style=\"text-align: justify;\">\n<p style=\"text-align: justify;\">\n<h2 style=\"text-align: justify;\">B\u00fclent Ceylan<\/h2>\n<figure class=\"imagecontainer -imagecontainer-16x9 -imagecontainer-copytext -imagecontainer-small\" style=\"text-align: justify;\"><\/figure>\n<p style=\"text-align: justify;\">B\u00fclent Ceylan z\u00e4hlt zu den ganz gro\u00dfen Komikern unseres Landes. Seine Geschwister rieten ihm jedoch zu Beginn seiner Karriere, sich einen anderen Namen zuzulegen. Bei 3nach9 erinnert sich der K\u00fcnstler an seine Kindheit in Mannheim und daran, welche Rolle Helmut Kohl und Boris Becker darin spielten. Warum dem 45-J\u00e4hrigen Vielfalt und Identit\u00e4t, Heimat und Familienwerte wichtig sind und ob er sich beim Headbanging tats\u00e4chlich einmal die Nase gebrochen hat, verr\u00e4t er am 10. September in Bremen.<\/p>\n<p>&nbsp;<\/p>\n<p>&nbsp;<\/p>\n<p>&nbsp;<\/p>\n<p>&nbsp;<\/p>\n<p>&nbsp;<\/p>\n<h2 style=\"text-align: justify;\">Marianne Koch<\/h2>\n<figure class=\"imagecontainer -imagecontainer-16x9 -imagecontainer-copytext -imagecontainer-small\" style=\"text-align: justify;\"><\/figure>\n<p style=\"text-align: justify;\">Sie ist \u00c4rztin aus Leidenschaft:\u00a0Marianne Koch\u00a0studierte gerade Medizin, als sie 1950 f\u00fcr den Film entdeckt wurde. In zahlreichen Rollen verzauberte sie ihre Zuschauer und avancierte\u00a0schnell\u00a0zum\u00a0gefeierten Star. Doch der Ruf der Medizin war lauter: Vor genau 50 Jahren widmete sie sich wieder ihrem Herzensberuf &#8211; und bis heute l\u00e4sst die Internistin das Thema Gesundheit nicht los. Im August feiert die Autorin und 3nach9-Moderatorin der ersten Stunde ihren 90. Geburtstag! Wie schafft diese au\u00dfergew\u00f6hnliche Frau es nur so fit zu bleiben? Was ist ihr Geheimnis? Vielleicht haben wir Gl\u00fcck und sie wird es uns bei 3nach9 verraten.<\/p>\n<p>&nbsp;<\/p>\n<p>&nbsp;<\/p>\n<p>&nbsp;<\/p>\n<p>&nbsp;<\/p>\n<p>&nbsp;<\/p>\n<h2 style=\"text-align: justify;\">Igor Levit<\/h2>\n<figure class=\"imagecontainer -imagecontainer-16x9 -imagecontainer-copytext -imagecontainer-small\" style=\"text-align: justify;\"><\/figure>\n<p style=\"text-align: justify;\">Fr\u00fch \u00fcbt sich, wer ein Meister werden will:\u00a0Starpianist Igor Levit hat bereits\u00a0im Alter von drei Jahren das Klavier als sein Instrument f\u00fcr sich entdeckt. Mittlerweile gibt er weltweit in den besten Musikhallen umjubelte Konzerte. Und nicht nur das: Der gefeierte Interpret engagiert sich gegen Antisemitismus und Rassismus. &#8222;Ich kann nur machen, woran ich glaube&#8220;, sagt er und wurde im vergangenen Jahr f\u00fcr sein virtuoses Spiel und sein Engagement mit dem Bundesverdienstkreuz ausgezeichnet.<\/p>\n<p>&nbsp;<\/p>\n<p>&nbsp;<\/p>\n<p>&nbsp;<\/p>\n<p>&nbsp;<\/p>\n<p>&nbsp;<\/p>\n<h2 style=\"text-align: justify;\">Peter Tauber<\/h2>\n<p>&nbsp;<\/p>\n<figure class=\"imagecontainer -imagecontainer-16x9 -imagecontainer-copytext -imagecontainer-small\" style=\"text-align: justify;\"><\/figure>\n<p style=\"text-align: justify;\">Als Generalsekret\u00e4r unter Angela Merkel managte Peter Tauber mehrere Jahre die CDU. Wenn im September ein neuer Bundestag gew\u00e4hlt wird, steht sein Name jedoch nicht mehr auf den Wahlzetteln. Der promovierte Historiker stieg nach schwerer Krankheit und Notoperation aus dem Politikbetrieb aus und widmet sich fortan, achtsam gegen\u00fcber sich selbst, neuen Herausforderungen. Aufrichtig hinterfragt er bei 3nach9 die Schattenseiten der Politik, die seiner Ansicht nach auch gepr\u00e4gt sind von \u00dcberlastung und Bedenkentr\u00e4gertum.<\/p>\n<p>&nbsp;<\/p>\n<p>&nbsp;<\/p>\n<p>&nbsp;<\/p>\n<p>&nbsp;<\/p>\n<p>&nbsp;<\/p>\n<h2 style=\"text-align: justify;\">Tanja Sch\u00f6nenborn und Rafael Fuchsgruber<\/h2>\n<figure class=\"imagecontainer -imagecontainer-16x9 -imagecontainer-copytext -imagecontainer-small\" style=\"text-align: justify;\"><\/figure>\n<p style=\"text-align: justify;\">Jogging ist in aller Munde. Aber wie weit, wo, wann und warum joggt es sich am besten? Tanja Sch\u00f6nenborn und Rafael Fuchsgruber entwickeln dazu immer wieder ihre eigenen, ganz speziellen Ideen. Zum Beispiel haben sich die Extreml\u00e4ufer vorgenommen die W\u00fcste Namib, eine der hei\u00dfesten W\u00fcsten der Welt, zu durchqueren: 1000 Kilometer in rund zwei Wochen. Gesagt, getan. Wie die Abenteurer den einzigartigen W\u00fcstenlauf zusammen erlebt haben und warum sich das Paar \u00fcberhaupt dazu entschieden hat, erz\u00e4hlen sie bei 3nach9.<\/p>\n<p>&nbsp;<\/p>\n<p>&nbsp;<\/p>\n<p>&nbsp;<\/p>\n<p>&nbsp;<\/p>\n<p>&nbsp;<\/p>\n<h2 style=\"text-align: justify;\">Prof. Volker Busch<\/h2>\n<figure class=\"imagecontainer -imagecontainer-16x9 -imagecontainer-copytext -imagecontainer-small\" style=\"text-align: justify;\"><\/figure>\n<p style=\"text-align: justify;\">Machen wir uns nichts vor: Die aktuellen Geschehnisse k\u00f6nnen uns ganz sch\u00f6n \u00fcberfordern. Die Welt ver\u00e4ndert sich rasant, st\u00e4ndig zerrt jemand an einem, Multitasking gilt als chic und das Handy gibt uns im Minutentakt neue Impulse. Was macht das mit uns und wie h\u00e4lt unser Gehirn das alles aus? Der Neurowissenschaftler und Psychologe Prof. Volker Busch gibt wertvolle Tipps, wie wir unser Gehirn in hochdynamischen Zeiten gesund und leistungsstark halten. Wie er es selbst schafft, seine grauen Zellen dauerhaft zu entr\u00fcmpelt, besprechen wir mit dem Mediziner und Vortragsredner bei 3nach9.<\/p>\n<p>&nbsp;<\/p>\n<p>&nbsp;<\/p>\n<p>&nbsp;<\/p>\n<figure id=\"attachment_171000\" aria-describedby=\"caption-attachment-171000\" style=\"width: 800px\" class=\"wp-caption alignnone\"><img decoding=\"async\" loading=\"lazy\" class=\"size-large wp-image-171000\" src=\"https:\/\/smago.de\/ws2\/wp-content\/uploads\/2021\/09\/3_3nach9_Judith_Rakers_und_Giovanni_di_Lorenzo_2019-800x528.jpg\" alt=\"\" width=\"800\" height=\"528\" srcset=\"https:\/\/smago.de\/ws2\/wp-content\/uploads\/2021\/09\/3_3nach9_Judith_Rakers_und_Giovanni_di_Lorenzo_2019-800x528.jpg 800w, https:\/\/smago.de\/ws2\/wp-content\/uploads\/2021\/09\/3_3nach9_Judith_Rakers_und_Giovanni_di_Lorenzo_2019-522x345.jpg 522w, https:\/\/smago.de\/ws2\/wp-content\/uploads\/2021\/09\/3_3nach9_Judith_Rakers_und_Giovanni_di_Lorenzo_2019-227x150.jpg 227w, https:\/\/smago.de\/ws2\/wp-content\/uploads\/2021\/09\/3_3nach9_Judith_Rakers_und_Giovanni_di_Lorenzo_2019-768x507.jpg 768w, https:\/\/smago.de\/ws2\/wp-content\/uploads\/2021\/09\/3_3nach9_Judith_Rakers_und_Giovanni_di_Lorenzo_2019-1536x1014.jpg 1536w, https:\/\/smago.de\/ws2\/wp-content\/uploads\/2021\/09\/3_3nach9_Judith_Rakers_und_Giovanni_di_Lorenzo_2019-2048x1352.jpg 2048w, https:\/\/smago.de\/ws2\/wp-content\/uploads\/2021\/09\/3_3nach9_Judith_Rakers_und_Giovanni_di_Lorenzo_2019-392x259.jpg 392w, https:\/\/smago.de\/ws2\/wp-content\/uploads\/2021\/09\/3_3nach9_Judith_Rakers_und_Giovanni_di_Lorenzo_2019-130x86.jpg 130w, https:\/\/smago.de\/ws2\/wp-content\/uploads\/2021\/09\/3_3nach9_Judith_Rakers_und_Giovanni_di_Lorenzo_2019-674x445.jpg 674w, https:\/\/smago.de\/ws2\/wp-content\/uploads\/2021\/09\/3_3nach9_Judith_Rakers_und_Giovanni_di_Lorenzo_2019-791x522.jpg 791w, https:\/\/smago.de\/ws2\/wp-content\/uploads\/2021\/09\/3_3nach9_Judith_Rakers_und_Giovanni_di_Lorenzo_2019-288x190.jpg 288w, https:\/\/smago.de\/ws2\/wp-content\/uploads\/2021\/09\/3_3nach9_Judith_Rakers_und_Giovanni_di_Lorenzo_2019-435x287.jpg 435w, https:\/\/smago.de\/ws2\/wp-content\/uploads\/2021\/09\/3_3nach9_Judith_Rakers_und_Giovanni_di_Lorenzo_2019-150x100.jpg 150w\" sizes=\"(max-width: 800px) 100vw, 800px\" \/><figcaption id=\"caption-attachment-171000\" class=\"wp-caption-text\"><em>Judith Rakers und Giovanni di Lorenzo<\/em><\/p>\n<p><em>\u00a9 Radio Bremen \/ Matthias Hornung<\/em><\/figcaption><\/figure>\n","protected":false},"excerpt":{"rendered":"<p>22:00 Uhr &#8211; 00:00 Uhr! Moderation: Judith Rakers und Giovanni di Lorenzo!<\/p>\n","protected":false},"author":2,"featured_media":171000,"comment_status":"open","ping_status":"closed","sticky":false,"template":"","format":"standard","meta":{"_FSMCFIC_featured_image_caption":"","_FSMCFIC_featured_image_nocaption":"","_FSMCFIC_featured_image_hide":""},"categories":[3,128],"tags":[215],"acf":[],"_links":{"self":[{"href":"https:\/\/smago.de\/ws2\/wp-json\/wp\/v2\/posts\/170999"}],"collection":[{"href":"https:\/\/smago.de\/ws2\/wp-json\/wp\/v2\/posts"}],"about":[{"href":"https:\/\/smago.de\/ws2\/wp-json\/wp\/v2\/types\/post"}],"author":[{"embeddable":true,"href":"https:\/\/smago.de\/ws2\/wp-json\/wp\/v2\/users\/2"}],"replies":[{"embeddable":true,"href":"https:\/\/smago.de\/ws2\/wp-json\/wp\/v2\/comments?post=170999"}],"version-history":[{"count":1,"href":"https:\/\/smago.de\/ws2\/wp-json\/wp\/v2\/posts\/170999\/revisions"}],"predecessor-version":[{"id":171001,"href":"https:\/\/smago.de\/ws2\/wp-json\/wp\/v2\/posts\/170999\/revisions\/171001"}],"wp:featuredmedia":[{"embeddable":true,"href":"https:\/\/smago.de\/ws2\/wp-json\/wp\/v2\/media\/171000"}],"wp:attachment":[{"href":"https:\/\/smago.de\/ws2\/wp-json\/wp\/v2\/media?parent=170999"}],"wp:term":[{"taxonomy":"category","embeddable":true,"href":"https:\/\/smago.de\/ws2\/wp-json\/wp\/v2\/categories?post=170999"},{"taxonomy":"post_tag","embeddable":true,"href":"https:\/\/smago.de\/ws2\/wp-json\/wp\/v2\/tags?post=170999"}],"curies":[{"name":"wp","href":"https:\/\/api.w.org\/{rel}","templated":true}]}}