{"id":170971,"date":"2021-09-09T09:17:53","date_gmt":"2021-09-09T07:17:53","guid":{"rendered":"https:\/\/smago.de\/ws2\/?p=170971"},"modified":"2021-09-09T09:19:17","modified_gmt":"2021-09-09T07:19:17","slug":"sotiria-wissenswertes-ueber-ihr-neues-album-mein-herz","status":"publish","type":"post","link":"https:\/\/smago.de\/ws2\/pop\/sotiria-wissenswertes-ueber-ihr-neues-album-mein-herz\/","title":{"rendered":"SOTIRIA <br>Wissenswertes \u00fcber ihr neues Album &#8222;Mein Herz&#8220;!"},"content":{"rendered":"<p>&#8222;Mein Herz&#8220; ist in folgenden Konfigurationen erh\u00e4ltlich: als CD, 2CD-Deluxe-Version, als limitierte Fanbox (inkl. 2CD Deluxe Album, Ticket f\u00fcr ein exklusives Sotiria-Fanevent, Riesenposter, USB-Stick mit Akustikvideos) sowie in digitaler Version!<br \/>\n<!--more--><\/p>\n<p>&nbsp;<\/p>\n<p>&nbsp;<\/p>\n<div class=\"_3Y0Lj\" style=\"text-align: justify;\">\n<p>Oft wird ein Augenrollen ausgel\u00f6st, wenn gleich am Anfang in Musikbiografien der Satz steht: Schon in j\u00fcngsten Jahren begann sie zu singen und ein Instrument zu spielen. Aber sollte man diesen Punkt verschweigen, wenn er der Wahrheit entspricht und den tats\u00e4chlichen fr\u00fchen Beginn eines musikalischen Interesses und am Ende gar einer wirklichen Begabung markiert? Im Falle von Sotiria (gr.: \u201edie Retterin\u201d) ist es tats\u00e4chlich so, dass sie mit acht Jahren Klavier- und Gesangsunterricht bekam.<\/p>\n<\/div>\n<div class=\"_3Y0Lj\" style=\"text-align: justify;\">\n<p>Dazu kamen die Veranstaltungen, die ihr Stiefvater auf die Beine stellte: \u201eEr hat fr\u00fcher Stra\u00dfenfeste organisiert, bei denen auch Bands gespielt haben. Darunter eine Rock\u00b4n\u00b4Roll-Band seines Freundes Hans \u2013 mit einer tollen S\u00e4ngerin. Ich stand dann da mit acht Jahren vor der B\u00fchne und wusste: Da oben will ich hin und singen.\u201c Hans schrieb auch selber Songs und \u201ewir nahmen davon einige auf, richtig auf CD im Eigenverlag \u2013 Kinderlieder mit einer Message. So konnte ich letztes Jahr schon mein 25j\u00e4hriges B\u00fchnenjubil\u00e4um feiern, denn mit meinen Liedern bin ich dann auch auf diesen Festen aufgetreten!\u201c Dadurch lernte die junge S\u00e4ngerin auch immer wieder neue Produzenten kennen: \u201eNach den Kinderliedern sang ich einen Dance-Remix des Titelsongs der beliebten TV-Serie\u00a0<em>Flipper<\/em>. Dazu haben wir sogar ein Video inklusive `Schwimmen mit Delphinen\u00b4 in den USA gedreht. Als ich ca. 13 Jahre alt war, habe ich mit einem anderen Produzenten-Team Deutsch-Pop gemacht, durch die Auftritte kam es dann wiederum zu einem Kontakt mit BMG und Valicon und so konnte ich 2001 den Titelsong \u201eM\u00e4dchen m\u00fcssen h\u00e4rter sein\u201c der Kom\u00f6die\u00a0<em>M\u00e4dchen, M\u00e4dchen<\/em>\u00a0einsingen.\u201c<\/p>\n<\/div>\n<div class=\"_3Y0Lj\" style=\"text-align: justify;\">\n<p>Die Begegnung mit dem Valicon-Team sollte Jahre sp\u00e4ter den Weg zum ersten gro\u00dfen Erfolgs-Kapitel ebnen. Man suchte eine S\u00e4ngerin f\u00fcr ein neues Projekt und erinnerte sich an Sotiria: Eisblume war geboren. In den kommenden vier Jahren, nach Ver\u00f6ffentlichung der Top 3-Single \u201eEisblumen\u201c (2009), startete die junge Band so richtig durch \u2013 D\u00fcster-Pop wurde ihr Stil genannt. Die Puristen r\u00fcmpften die Nase, aber aufgeschlossene Medien aus dem Gothic-Genre bis hin zu VIVA und BRAVO begleiteten Eisblume bei ihrem Siegeszug mit zwei Top 20-Alben und drei Echo-Nominierungen. \u201eAuftritte bei\u00a0<em>The Dome<\/em>\u00a0und\u00a0<em>Rock am Ring<\/em>, unz\u00e4hlige Fans, die auf einmal meine Lieder sangen \u2013 der Erfolg kam so schnell und \u00fcberraschend, dass ich ihn damals, mit Anfang 20, kaum verarbeiten konnte. Das war alles so surreal. Ich war so \u00fcberflutet und \u00fcberw\u00e4ltigt, ich konnte das alles gar nicht greifen und verstehen. Nach den zwei Alben habe ich gemerkt, dass ich das so nicht mehr wollte. Alle meine Freunde hatten studiert oder eine Ausbildung gemacht und ich bin direkt nach dem Abi und einem Jahr Studium vom Erfolg aufgesogen worden. Aus Zeitgr\u00fcnden musste ich damals die Uni abbrechen und nach ein paar Jahren habe ich gemerkt, dass ich mehr Struktur, Normalit\u00e4t und Sicherheit in meinem Leben haben m\u00f6chte. Und so bin ich von der B\u00fchne zur\u00fcck zur Uni: Wirtschaftskommunikation \u2013 und dieses Mal auch abgeschlossen.\u201c<\/p>\n<\/div>\n<div class=\"_3Y0Lj\" style=\"text-align: justify;\">Wie es so ist mit einer gro\u00dfen Liebe: Man vergisst sie nie. Nach einigen Jahren der Normalit\u00e4t vermisst Sotiria die Musik: \u201eIch habe wieder angefangen, Songs zu schreiben. 2016 bin ich dann zu einer der letzten Unheilig-Konzerte \u2013 die Jungs kannte ich schon fl\u00fcchtig \u2013 und kam nach der Show mit dem Grafen ins Gespr\u00e4ch. Ich erz\u00e4hlte ihm, dass ich gerne wieder Musik machen w\u00fcrde, aber noch nicht so richtig wei\u00df, wohin die Reise gehen soll. Daraufhin meinte der Graf ganz locker:\u00a0<em>Cool, ich h\u00f6re jetzt eh auf, dann k\u00f6nnen wir ja ein Album zusammen machen.<\/em>\u201c<\/div>\n<div class=\"_3Y0Lj\" style=\"text-align: justify;\">\n<p>Und so wurde das zweite Kapitel aufgeschlagen. Man traf sich zu langen Gespr\u00e4chen (\u201eIch erz\u00e4hlte alle Geschichten, die wichtig f\u00fcr mich waren, habe die Themen aufgeschrieben, die mich besch\u00e4ftigten und bewegten und die ganzen Sachen, die in meinem Kopf so los waren\u201c), der Graf schrieb ihr das Album praktisch auf den Leib. Ihre Geschichten, ihr Leben wurden zu seinen Songs, die sie dann aufnahm. Ein grandioser Erfolg: \u201eHallo Leben\u201c (2018) erreichte Platz 6 der Album-Charts, hielt sich dort elf Wochen. Durch den Titelsong, einem Duett mit dem Grafen, wurde ihr von den Medien das musikalische Erbe von Unheilig \u00fcbertragen. Es schaffte zum ersten Mal auch ein eigener Sotiria-Song den Sprung auf das Album: \u201eWunderwerk\u201c, bei \u201eWer bist du\u201c war sie Co-Autorin. \u201cEin Licht f\u00fcr Dich\u201d beschreibt die ganz pers\u00f6nliche Suche nach ihrer Identit\u00e4t und das schwierige Verh\u00e4ltnis zu ihrem leiblichen Vater. \u201eIch hatte sehr viele offene Fragen. Wer bin ich? Wo geh\u00f6re ich hin? Was ist wichtig f\u00fcr mich? Der Song beschreibt die Suche nach ihm und seiner Liebe, um mich selbst besser zu verstehen und zu finden\u201c. Es war \u00fcber das erste Album zu lesen: Ehrliche Songs \u00fcber Verletzlichkeit und St\u00e4rke, \u00fcber Schmerz, Einsamkeit, Angst und den unersch\u00fctterlichen Glauben an sich selbst und das Gute im Leben, \u00fcber tiefsinnige Texte mit pers\u00f6nlichen Hintergr\u00fcnden. Verletzlich, aber auch stark und selbstbewusst.<\/p>\n<\/div>\n<div class=\"_3Y0Lj\" style=\"text-align: justify;\">\n<p>Diese Themen, die das Leben der 34-j\u00e4hrigen K\u00fcnstlerin bestimmen, finden sich auch auf ihrem neuen Album wieder. All die Dinge, die in ihrem Kopf so los sind \u2013 und in ihrem Herzen. Das Ende von (Liebes-) Beziehungen, die Unf\u00e4higkeit zu lieben, sich zu \u00f6ffnen, einem neuen Partner Vertrauen zu schenken, die Frage, ob echte Liebe noch m\u00f6glich sein kann, ein genereller Vertrauensmangel, \u00c4ngste, Einsamkeit und allerlei harte Erfahrungen. Aber auch: positive Gedanken, Aufbruch, nach vorne blicken und sogar: Liebeslieder. Denn: \u201eIch bin trotzdem ein lebensfroher Mensch, bin nicht jemand, der nur zuhause sitzt und weint.\u201c<\/p>\n<\/div>\n<div class=\"_3Y0Lj\" style=\"text-align: justify;\">\n<p>\u201eMein Herz\u201c \u2013 das neue, dritte Kapitel im Karrierebuch der talentierten S\u00e4ngerin und nun auch: Songschreiberin.<\/p>\n<\/div>\n<div class=\"_3Y0Lj\" style=\"text-align: justify;\">\u201eEs ist nat\u00fcrlich eine gro\u00dfe \u00dcberwindung, diese ehrlichen Stories \u00fcber mein Leben preiszugeben, meine Geschichten und Gedanken zu erz\u00e4hlen, mich nackig zu machen. Ich schreibe ja auch \u00fcber \u00c4ngste und Abgr\u00fcnde, das ist ein wahnsinniges \u00d6ffnen.\u201c<\/div>\n<div class=\"_3Y0Lj\" style=\"text-align: justify;\"><\/div>\n<div class=\"_3Y0Lj\" style=\"text-align: justify;\">\u00dcber vierzig neue Titel sind so im Laufe eines Jahres entstanden, siebzehn davon haben den Weg auf \u201eMein Herz\u201c, produziert von Henning Verlage (Unheilig und u.a.\u00a0<a class=\"_3E03H _3Pbn1\" tabindex=\"-1\" href=\"https:\/\/de.wikipedia.org\/wiki\/Peter_Heppner\" target=\"_blank\" rel=\"noopener\">Peter Heppner<\/a>,\u00a0<a class=\"_3E03H _3Pbn1\" tabindex=\"-1\" href=\"https:\/\/de.wikipedia.org\/wiki\/Eisbrecher_(Band)\" target=\"_blank\" rel=\"noopener\">Eisbrecher<\/a>) geschafft. Die erste (selbstgeschriebene) Single \u201eEinfach nur ein M\u00e4dchen\u201c, die schon im letzten Jahr erschien, war ein Meilenstein f\u00fcr die Berlinerin: \u201eEs hat mich viel Mut gekostet, mich so zu \u00f6ffnen und diesen Song zu schreiben, aber es war gleichzeitig auch befreiend. Ich musste erst lernen, dass ich nicht perfekt sein muss, um geliebt zu werden. Dass es total ok ist, wenn ich meine Schw\u00e4chen und \u00c4ngste zeige und ich nicht immer stark sein muss\u201c.<\/div>\n<div class=\"_3Y0Lj\" style=\"text-align: justify;\"><\/div>\n<div class=\"_3Y0Lj\" style=\"text-align: justify;\">\u201eIch schau nach oben\u201c ist zusammen mit der S\u00e4ngerin Madeleine Juno entstanden. Es geht wiederum (wie schon im Titel \u201eIch lass Dich frei\u201c vom ersten Album) um ihre verstorbene Oma, die ihr sehr nahestand. \u201eIch wollte nochmals einen Song \u00fcber ihren Tod schreiben, aus einer anderen Perspektive. Weil der Schmerz weitestgehend verarbeitet ist und ich nun anders auf den Tod blicke.\u201c<\/div>\n<div class=\"_3Y0Lj\" style=\"text-align: justify;\"><\/div>\n<div class=\"_3Y0Lj\" style=\"text-align: justify;\">\u201eVielleicht\u201c ist auch eine Fortsetzung eines Titels vom Vorg\u00e4nger-Werk (\u201eWer bist du\u201c). In dem Lied geht es um das schwierige Verh\u00e4ltnis zu ihrem leiblichen Vater, der sie oft entt\u00e4uscht hat: \u201eAls ich 14 oder 15 war, war ich auf der Suche nach meiner Identit\u00e4t und habe den Kontakt zu meinem Vater gesucht. Wir hatten immer ein extrem schwieriges Verh\u00e4ltnis, weil er so unzuverl\u00e4ssig war, nicht zu Treffen erschienen ist. Dann wieder ein oder zwei Jahre komplett verschwunden war. Ich habe mir lange gew\u00fcnscht, dass er mir zuh\u00f6rt und sieht wer ich bin, dass er mich wahrnimmt und f\u00fcr mich da ist. Und nun will er es, aber f\u00fcr mich ist es total schwer, es wieder zuzulassen.\u201c<\/div>\n<div class=\"_3Y0Lj\" style=\"text-align: justify;\"><\/div>\n<div class=\"_3Y0Lj\" style=\"text-align: justify;\">Ein hartn\u00e4ckiger Ohrwurm auf dem Album ist der Titel \u201eHerz\u201c. \u201eIch bin gro\u00dfer Billie Eilish-Fan: Sie hat oft melancholische Texte und Themen, die sie aber trotzdem in Uptempo \u2013 Nummern verpackt, nicht als Ballade ver\u00f6ffentlicht. Das finde ich ganz toll \u2013 und das hat mich zu dem Song inspiriert.\u201c So ist es ein temporeicher Party-Track geworden \u2013 mit schwerm\u00fctigem Text.<\/div>\n<div class=\"_3Y0Lj\" style=\"text-align: justify;\"><\/div>\n<div class=\"_3Y0Lj\" style=\"text-align: justify;\">\u201eIm Zuge des Lockdowns hab ich zusammen mit Giovanni Zarrella das Duett \u201eNati per la vita \/ Geboren um zu leben\u201c aufgenommen. Eigentlich haben wir das nur f\u00fcr Social Media gedacht, aber das Feedback war so positiv, dass wir den Song einfach noch mit auf das Album genommen haben und es ist f\u00fcr mich eine wundersch\u00f6ne Verbeugung vor dem Grafen, der mich so sehr unterst\u00fctzt hat.\u201c<\/div>\n<div class=\"_3Y0Lj\" style=\"text-align: justify;\"><\/div>\n<div class=\"_3Y0Lj\" style=\"text-align: justify;\">Musikalisch ist das Album zwischen Pop und Schlager angesiedelt. Diese Diskussionen k\u00f6nnten \u00fcber \u201eMein Herz\u201c wieder gef\u00fchrt werden.<\/div>\n<div class=\"_3Y0Lj\" style=\"text-align: justify;\">\n<p>\u201eF\u00fcr mich als K\u00fcnstlerin ist das Schubladendenken schwer, ich bin immer schon zwischen den Genres geschwommen. Fr\u00fcher war es zwischen Gothic und Pop, jetzt schwimme ich zwischen Pop und Schlager. Ich habe einen Hang zur Melancholie, bin reflektierend und hinterfragend, mache mir viele Gedanken \u2013 das spiegelt sich in meinen Texten wider. F\u00fcr mich ist das Emo -Musik, also Musik mit Emotionen. Ich schreibe die Musik so, wie sie aus mir herauskommt, ohne dabei zu \u00fcberlegen: Will ich jetzt ein Pop- oder Schlageralbum machen? Ich habe mal gesagt, ich mache Emo-Schlager oder Emo-Pop\u2026aber das muss jeder f\u00fcr sich definieren. Zumal letztendlich das Produktionsgewand die Songs in einem bestimmten Genre stattfinden l\u00e4sst.\u201c<\/p>\n<\/div>\n<div class=\"_3Y0Lj\" style=\"text-align: justify;\">\n<p>Sotiria bewegt sich ohne Angst genre\u00fcbergreifend. Sie hat ihre musikalische Komfortzone verlassen und ein f\u00fcr sie v\u00f6llig neues k\u00fcnstlerisches Territorium betreten, sich mit ihrem ehrlichen Songwriting \u201enackig gemacht\u201c. Noch nackiger wirkt es, wenn man sich die fantastischen Akustik-Versionen der Titel anh\u00f6rt, die es auf der Deluxe-Edition zu h\u00f6ren gibt!<\/p>\n<\/div>\n<div class=\"_3Y0Lj\" style=\"text-align: justify;\">Sotiria geh\u00f6rt mit dem Album zu den faszinierendsten deutschsprachigen K\u00fcnstlerinnen mit einer der emotionalsten Stimmen des Landes!<\/div>\n<div class=\"_3Y0Lj\" style=\"text-align: justify;\"><\/div>\n<div class=\"_3Y0Lj\" style=\"text-align: justify;\">Das Album erscheint am 10.09.2021 in folgenden Konfigurationen: als CD, 2CD-Deluxe-Version, als limitierte Fanbox sowie als digitales Album.<\/div>\n<div><\/div>\n<div><\/div>\n<div><\/div>\n<div><\/div>\n<div><\/div>\n<div><img decoding=\"async\" loading=\"lazy\" class=\"alignnone size-large wp-image-170974\" src=\"https:\/\/smago.de\/ws2\/wp-content\/uploads\/2021\/09\/sotiria_deluxe-800x800.jpg\" alt=\"\" width=\"800\" height=\"800\" srcset=\"https:\/\/smago.de\/ws2\/wp-content\/uploads\/2021\/09\/sotiria_deluxe-800x800.jpg 800w, https:\/\/smago.de\/ws2\/wp-content\/uploads\/2021\/09\/sotiria_deluxe-522x522.jpg 522w, https:\/\/smago.de\/ws2\/wp-content\/uploads\/2021\/09\/sotiria_deluxe-150x150.jpg 150w, https:\/\/smago.de\/ws2\/wp-content\/uploads\/2021\/09\/sotiria_deluxe-768x768.jpg 768w, https:\/\/smago.de\/ws2\/wp-content\/uploads\/2021\/09\/sotiria_deluxe-272x272.jpg 272w, https:\/\/smago.de\/ws2\/wp-content\/uploads\/2021\/09\/sotiria_deluxe-600x600.jpg 600w, https:\/\/smago.de\/ws2\/wp-content\/uploads\/2021\/09\/sotiria_deluxe-130x130.jpg 130w, https:\/\/smago.de\/ws2\/wp-content\/uploads\/2021\/09\/sotiria_deluxe-445x445.jpg 445w, https:\/\/smago.de\/ws2\/wp-content\/uploads\/2021\/09\/sotiria_deluxe-190x190.jpg 190w, https:\/\/smago.de\/ws2\/wp-content\/uploads\/2021\/09\/sotiria_deluxe-290x290.jpg 290w, https:\/\/smago.de\/ws2\/wp-content\/uploads\/2021\/09\/sotiria_deluxe.jpg 1500w\" sizes=\"(max-width: 800px) 100vw, 800px\" \/><\/div>\n<div><\/div>\n<div><\/div>\n<div><\/div>\n<div><\/div>\n<div><\/div>\n<div><img decoding=\"async\" loading=\"lazy\" class=\"alignnone size-large wp-image-170972\" src=\"https:\/\/smago.de\/ws2\/wp-content\/uploads\/2021\/09\/sotiria_fanbox-634x800.jpg\" alt=\"\" width=\"634\" height=\"800\" srcset=\"https:\/\/smago.de\/ws2\/wp-content\/uploads\/2021\/09\/sotiria_fanbox-634x800.jpg 634w, https:\/\/smago.de\/ws2\/wp-content\/uploads\/2021\/09\/sotiria_fanbox-414x522.jpg 414w, https:\/\/smago.de\/ws2\/wp-content\/uploads\/2021\/09\/sotiria_fanbox-119x150.jpg 119w, https:\/\/smago.de\/ws2\/wp-content\/uploads\/2021\/09\/sotiria_fanbox-768x969.jpg 768w, https:\/\/smago.de\/ws2\/wp-content\/uploads\/2021\/09\/sotiria_fanbox-216x272.jpg 216w, https:\/\/smago.de\/ws2\/wp-content\/uploads\/2021\/09\/sotiria_fanbox-476x600.jpg 476w, https:\/\/smago.de\/ws2\/wp-content\/uploads\/2021\/09\/sotiria_fanbox-103x130.jpg 103w, https:\/\/smago.de\/ws2\/wp-content\/uploads\/2021\/09\/sotiria_fanbox-353x445.jpg 353w, https:\/\/smago.de\/ws2\/wp-content\/uploads\/2021\/09\/sotiria_fanbox-151x190.jpg 151w, https:\/\/smago.de\/ws2\/wp-content\/uploads\/2021\/09\/sotiria_fanbox-230x290.jpg 230w, https:\/\/smago.de\/ws2\/wp-content\/uploads\/2021\/09\/sotiria_fanbox.jpg 1189w\" sizes=\"(max-width: 634px) 100vw, 634px\" \/><\/div>\n<div class=\"_3Y0Lj\" style=\"text-align: justify;\"><\/div>\n","protected":false},"excerpt":{"rendered":"<p>&#8222;Mein Herz&#8220; ist in folgenden Konfigurationen erh\u00e4ltlich: als CD, 2CD-Deluxe-Version, als limitierte Fanbox (inkl. 2CD Deluxe Album, Ticket f\u00fcr ein<\/p>\n","protected":false},"author":2,"featured_media":157414,"comment_status":"open","ping_status":"closed","sticky":false,"template":"","format":"standard","meta":{"_FSMCFIC_featured_image_caption":"","_FSMCFIC_featured_image_nocaption":"","_FSMCFIC_featured_image_hide":""},"categories":[27],"tags":[404],"acf":[],"_links":{"self":[{"href":"https:\/\/smago.de\/ws2\/wp-json\/wp\/v2\/posts\/170971"}],"collection":[{"href":"https:\/\/smago.de\/ws2\/wp-json\/wp\/v2\/posts"}],"about":[{"href":"https:\/\/smago.de\/ws2\/wp-json\/wp\/v2\/types\/post"}],"author":[{"embeddable":true,"href":"https:\/\/smago.de\/ws2\/wp-json\/wp\/v2\/users\/2"}],"replies":[{"embeddable":true,"href":"https:\/\/smago.de\/ws2\/wp-json\/wp\/v2\/comments?post=170971"}],"version-history":[{"count":3,"href":"https:\/\/smago.de\/ws2\/wp-json\/wp\/v2\/posts\/170971\/revisions"}],"predecessor-version":[{"id":170976,"href":"https:\/\/smago.de\/ws2\/wp-json\/wp\/v2\/posts\/170971\/revisions\/170976"}],"wp:featuredmedia":[{"embeddable":true,"href":"https:\/\/smago.de\/ws2\/wp-json\/wp\/v2\/media\/157414"}],"wp:attachment":[{"href":"https:\/\/smago.de\/ws2\/wp-json\/wp\/v2\/media?parent=170971"}],"wp:term":[{"taxonomy":"category","embeddable":true,"href":"https:\/\/smago.de\/ws2\/wp-json\/wp\/v2\/categories?post=170971"},{"taxonomy":"post_tag","embeddable":true,"href":"https:\/\/smago.de\/ws2\/wp-json\/wp\/v2\/tags?post=170971"}],"curies":[{"name":"wp","href":"https:\/\/api.w.org\/{rel}","templated":true}]}}