{"id":170515,"date":"2021-09-03T14:00:40","date_gmt":"2021-09-03T12:00:40","guid":{"rendered":"https:\/\/smago.de\/ws2\/?p=170515"},"modified":"2021-09-03T15:07:07","modified_gmt":"2021-09-03T13:07:07","slug":"sarah-connor","status":"publish","type":"post","link":"https:\/\/smago.de\/ws2\/pop\/sarah-connor\/","title":{"rendered":"SARAH CONNOR <br>Sarah Connor an Corona erkrankt!"},"content":{"rendered":"<p>Dabei wollte sie heute Abend (03.09.2021) endlich wieder auf die B\u00fchne &#8230;:<br \/>\n<!--more--><\/p>\n<p>&nbsp;<\/p>\n<p>&nbsp;<\/p>\n<p>&nbsp;<\/p>\n<div class=\"kvgmc6g5 cxmmr5t8 oygrvhab hcukyx3x c1et5uql\" style=\"text-align: justify;\">\n<div dir=\"auto\">\n<p><em>ICH KANN LEIPZIG HEUTE NICHT SPIELEN!<\/em><\/p>\n<p>&nbsp;<\/p>\n<\/div>\n<\/div>\n<div class=\"o9v6fnle cxmmr5t8 oygrvhab hcukyx3x c1et5uql\" style=\"text-align: justify;\">\n<div dir=\"auto\"><em>Es tut mir so Leid <span class=\"pq6dq46d tbxw36s4 knj5qynh kvgmc6g5 ditlmg2l oygrvhab nvdbi5me sf5mxxl7 gl3lb2sf hhz5lgdu\"><img decoding=\"async\" loading=\"lazy\" src=\"https:\/\/static.xx.fbcdn.net\/images\/emoji.php\/v9\/te7\/1\/16\/1f494.png\" alt=\"&#x1f494;\" width=\"16\" height=\"16\" \/><\/span><\/em><\/div>\n<\/div>\n<div class=\"o9v6fnle cxmmr5t8 oygrvhab hcukyx3x c1et5uql\" style=\"text-align: justify;\">\n<div dir=\"auto\"><em><br \/>\nEines meiner j\u00fcngeren Kinder und ich sind gestern positiv auf Covid 19 getestet worden.<\/em><\/div>\n<\/div>\n<div class=\"o9v6fnle cxmmr5t8 oygrvhab hcukyx3x c1et5uql\" style=\"text-align: justify;\">\n<div dir=\"auto\"><em><br \/>\nIch will nicht verzweifeln, auch, wenn mir heute Morgen kurz mal danach war!<\/em><\/div>\n<\/div>\n<div class=\"o9v6fnle cxmmr5t8 oygrvhab hcukyx3x c1et5uql\" style=\"text-align: justify;\">\n<div dir=\"auto\"><em><br \/>\nIch bin l\u00e4ngst geimpft und habe zum Gl\u00fcck nur leichte Symptome, also kein Grund zur Sorge.<\/em><\/div>\n<div dir=\"auto\"><em><br \/>\nAber mein Herz ist platt. So viel Aufregung, Planung, Vorfreude und dann zieht man mir und UNS einfach den Stecker!<\/em><\/div>\n<\/div>\n<div class=\"o9v6fnle cxmmr5t8 oygrvhab hcukyx3x c1et5uql\">\n<div dir=\"auto\" style=\"text-align: justify;\"><em><br \/>\nWas soll ich sagen. Ich bin unendlich traurig, dass ich morgen nicht vor Euch stehen kann<\/em><\/div>\n<\/div>\n<p>&nbsp;<\/p>\n<p>&nbsp;<\/p>\n<div class=\"kvgmc6g5 cxmmr5t8 oygrvhab hcukyx3x c1et5uql ii04i59q\"><\/div>\n<p>&nbsp;<\/p>\n<p><iframe loading=\"lazy\" style=\"border: none; overflow: hidden;\" src=\"https:\/\/www.facebook.com\/plugins\/video.php?height=476&amp;href=https%3A%2F%2Fwww.facebook.com%2Fsarahconnor%2Fvideos%2F533799001246976%2F&amp;show_text=false&amp;width=267&amp;t=0\" width=\"267\" height=\"476\" frameborder=\"0\" scrolling=\"no\" allowfullscreen=\"allowfullscreen\"><\/iframe><\/p>\n<p>&nbsp;<\/p>\n<p>&nbsp;<\/p>\n<p style=\"text-align: justify;\"><strong>SEMMEL CONCERTS merkt hierzu an &#8230;:<\/strong><\/p>\n<div class=\"kvgmc6g5 cxmmr5t8 oygrvhab hcukyx3x c1et5uql ii04i59q\" style=\"text-align: justify;\">\n<div dir=\"auto\">\n<p><em>Liebe Freunde,&#8216;<\/em><\/p>\n<\/div>\n<\/div>\n<div class=\"o9v6fnle cxmmr5t8 oygrvhab hcukyx3x c1et5uql ii04i59q\" style=\"text-align: justify;\">\n<div dir=\"auto\"><em>manchmal passieren Dinge, die man sich in den schlimmsten Alptr\u00e4umen nicht vorstellen m\u00f6chte. Wir haben uns wirklich so gefreut und eine tolle Sommerarena auf die Festwiese Leipzig gebaut, aber wir m\u00fcssen Euch leider mitteilen, dass <a class=\"oajrlxb2 g5ia77u1 qu0x051f esr5mh6w e9989ue4 r7d6kgcz rq0escxv nhd2j8a9 nc684nl6 p7hjln8o kvgmc6g5 cxmmr5t8 oygrvhab hcukyx3x jb3vyjys rz4wbd8a qt6c0cv9 a8nywdso i1ao9s8h esuyzwwr f1sip0of lzcic4wl q66pz984 gpro0wi8 b1v8xokw\" tabindex=\"0\" role=\"link\" href=\"https:\/\/www.facebook.com\/sarahconnor?__cft__[0]=AZUObS2wM36Ikwv1Yyypi2Re_LFKx4fhQGphJH8bXrt5aoSJ2AXhi426pAzvQKTFoP1MvcnOUgtWUX3WTzUvgVsNdlYA_aJhPJGEcRoLwBxJ09tl0LVv59fP9EBID-_BBGmnZIO9ObESPs912fpwYsySjzV3FPlbVsll7TeTwukEFQ&amp;__tn__=-]K-R\"><span class=\"nc684nl6\">Sarah Connor<\/span><\/a> wegen einer akuten Covid-19-Erkrankung die Show heute absagen muss.: <a class=\"oajrlxb2 g5ia77u1 qu0x051f esr5mh6w e9989ue4 r7d6kgcz rq0escxv nhd2j8a9 nc684nl6 p7hjln8o kvgmc6g5 cxmmr5t8 oygrvhab hcukyx3x jb3vyjys rz4wbd8a qt6c0cv9 a8nywdso i1ao9s8h esuyzwwr f1sip0of lzcic4wl py34i1dx gpro0wi8\" tabindex=\"0\" role=\"link\" href=\"https:\/\/l.facebook.com\/l.php?u=https%3A%2F%2Fwww.instagram.com%2Fp%2FCTUn6zLIDly%2F%3Ffbclid%3DIwAR10OiwG99pwhtvPlT8WEpBxokU2TXtkYUdjbYU0G81_l-sqlaZqgvcx9pg&amp;h=AT1LJHnJ7vGhpQnseBRQQ7ALUG6wycjS424-xNaWYP_-kEwjjyqjbAVmOgVYbfBqUZ4kRlzJW4fy-73r_iUNp0zIrjYi4Mgj24wWHn1728KudLEyTDiK5_CQQZ4KOBz_x7C8oOZG_ScyxPbv01hf59V9UQ&amp;__tn__=-UK-R&amp;c[0]=AT1zTqetk-virvGb2_IOzjH1bXhr16m-d1uOz3Mrpng4_JbFXLuPLX4cgTIJPWfeM7cfihhyUf-t9lAURifLgWVkh3dSGDWeQ0UT4czKSX2ibZzCSazjiWpZ-9pS9mHyaP1DOl_ENLHZbQBap5DCrp3VR2SReIxtzPqqRbPZFtDKaubocoOvVPw0VNkPM5M_5o1fYlbz\" target=\"_blank\" rel=\"nofollow noopener\">www.instagram.com\/p\/CTUn6zLIDly\/<\/a><\/em><\/div>\n<div dir=\"auto\"><em>Wir bitten Euch also nicht anzureisen und auf Nachricht \u00fcber die R\u00fcckabwicklung Eurer Tickets bis n\u00e4chste Woche zu warten.<\/em><\/div>\n<\/div>\n<div class=\"o9v6fnle cxmmr5t8 oygrvhab hcukyx3x c1et5uql ii04i59q\" style=\"text-align: justify;\">\n<div dir=\"auto\"><em>Das Konzert kann in diesem Jahr nicht stattfinden. Sarah wird w\u00e4hrend ihrer Tournee im n\u00e4chsten Jahr am 01.04.2022 in der QUARTERBACK Immobilien ARENA in Leipzig spielen.<\/em><\/div>\n<div dir=\"auto\"><em>Evtl. werden wir im kommenden Jahr ein neues Konzert bei der SommerArena auf der Festwiese 2022 ansetzen k\u00f6nnen. Auch dar\u00fcber werden wir Euch schnellstm\u00f6glich informieren.<\/em><\/div>\n<div dir=\"auto\"><em>Ihr k\u00f6nnt Euch vorstellen, wie entt\u00e4uscht wir sind und wissen, dass Ihr das auch seid. Wir m\u00f6chten uns f\u00fcr die Umst\u00e4nde entschuldigen.<\/em><\/div>\n<div dir=\"auto\"><em>Die Roland Kaiser Konzerte am Samstag und Sonntag finden wie geplant statt.<\/em><\/div>\n<\/div>\n<div class=\"o9v6fnle cxmmr5t8 oygrvhab hcukyx3x c1et5uql ii04i59q\" style=\"text-align: justify;\">\n<div dir=\"auto\">\n<p><em>Euer,<\/em><\/p>\n<\/div>\n<div dir=\"auto\">\n<p><em>Semmel Concerts Team<\/em><\/p>\n<\/div>\n<\/div>\n<p>&nbsp;<\/p>\n<p>&nbsp;<\/p>\n<figure id=\"attachment_122141\" aria-describedby=\"caption-attachment-122141\" style=\"width: 800px\" class=\"wp-caption alignnone\"><img decoding=\"async\" loading=\"lazy\" class=\"size-large wp-image-122141\" src=\"https:\/\/smago.de\/ws2\/wp-content\/uploads\/2018\/11\/08_Pressefoto_SarahConnor_Tour2019_ThomasBrill-1024x724.jpg\" alt=\"\" width=\"800\" height=\"566\" srcset=\"https:\/\/smago.de\/ws2\/wp-content\/uploads\/2018\/11\/08_Pressefoto_SarahConnor_Tour2019_ThomasBrill-1024x724.jpg 1024w, https:\/\/smago.de\/ws2\/wp-content\/uploads\/2018\/11\/08_Pressefoto_SarahConnor_Tour2019_ThomasBrill-300x212.jpg 300w, https:\/\/smago.de\/ws2\/wp-content\/uploads\/2018\/11\/08_Pressefoto_SarahConnor_Tour2019_ThomasBrill-768x543.jpg 768w, https:\/\/smago.de\/ws2\/wp-content\/uploads\/2018\/11\/08_Pressefoto_SarahConnor_Tour2019_ThomasBrill-739x522.jpg 739w, https:\/\/smago.de\/ws2\/wp-content\/uploads\/2018\/11\/08_Pressefoto_SarahConnor_Tour2019_ThomasBrill-269x190.jpg 269w, https:\/\/smago.de\/ws2\/wp-content\/uploads\/2018\/11\/08_Pressefoto_SarahConnor_Tour2019_ThomasBrill-630x445.jpg 630w, https:\/\/smago.de\/ws2\/wp-content\/uploads\/2018\/11\/08_Pressefoto_SarahConnor_Tour2019_ThomasBrill.jpg 1200w\" sizes=\"(max-width: 800px) 100vw, 800px\" \/><figcaption id=\"caption-attachment-122141\" class=\"wp-caption-text\"><em>Foto-Credit: Thomas Brill<\/em><\/figcaption><\/figure>\n","protected":false},"excerpt":{"rendered":"<p>Dabei wollte sie heute Abend (03.09.2021) endlich wieder auf die B\u00fchne &#8230;:<\/p>\n","protected":false},"author":2,"featured_media":122141,"comment_status":"open","ping_status":"closed","sticky":false,"template":"","format":"standard","meta":{"_FSMCFIC_featured_image_caption":"","_FSMCFIC_featured_image_nocaption":"","_FSMCFIC_featured_image_hide":""},"categories":[27],"tags":[675],"acf":[],"_links":{"self":[{"href":"https:\/\/smago.de\/ws2\/wp-json\/wp\/v2\/posts\/170515"}],"collection":[{"href":"https:\/\/smago.de\/ws2\/wp-json\/wp\/v2\/posts"}],"about":[{"href":"https:\/\/smago.de\/ws2\/wp-json\/wp\/v2\/types\/post"}],"author":[{"embeddable":true,"href":"https:\/\/smago.de\/ws2\/wp-json\/wp\/v2\/users\/2"}],"replies":[{"embeddable":true,"href":"https:\/\/smago.de\/ws2\/wp-json\/wp\/v2\/comments?post=170515"}],"version-history":[{"count":4,"href":"https:\/\/smago.de\/ws2\/wp-json\/wp\/v2\/posts\/170515\/revisions"}],"predecessor-version":[{"id":170545,"href":"https:\/\/smago.de\/ws2\/wp-json\/wp\/v2\/posts\/170515\/revisions\/170545"}],"wp:featuredmedia":[{"embeddable":true,"href":"https:\/\/smago.de\/ws2\/wp-json\/wp\/v2\/media\/122141"}],"wp:attachment":[{"href":"https:\/\/smago.de\/ws2\/wp-json\/wp\/v2\/media?parent=170515"}],"wp:term":[{"taxonomy":"category","embeddable":true,"href":"https:\/\/smago.de\/ws2\/wp-json\/wp\/v2\/categories?post=170515"},{"taxonomy":"post_tag","embeddable":true,"href":"https:\/\/smago.de\/ws2\/wp-json\/wp\/v2\/tags?post=170515"}],"curies":[{"name":"wp","href":"https:\/\/api.w.org\/{rel}","templated":true}]}}