{"id":170481,"date":"2021-09-02T20:16:59","date_gmt":"2021-09-02T18:16:59","guid":{"rendered":"https:\/\/smago.de\/ws2\/?p=170481"},"modified":"2021-09-02T23:10:36","modified_gmt":"2021-09-02T21:10:36","slug":"abba-abba-sind-zurueck","status":"publish","type":"post","link":"https:\/\/smago.de\/ws2\/uncategorized\/abba-abba-sind-zurueck\/","title":{"rendered":"ABBA <br>ABBA sind zur\u00fcck!"},"content":{"rendered":"<p>Neues Album &#8222;Voyage&#8220; am 05.11.2021 und revolution\u00e4res Konzerterlebnis 2022!<br \/>\n<!--more--><\/p>\n<p>&nbsp;<\/p>\n<p>&nbsp;<\/p>\n<p>&nbsp;<\/p>\n<p>&nbsp;<\/p>\n<p style=\"text-align: center;\"><b>ABBA SIND ZUR\u00dcCK!<\/b><\/p>\n<p style=\"text-align: center;\"><b>Agnetha, Bj\u00f6rn, Benny &amp; Anni-Frid<\/b><\/p>\n<p style=\"text-align: center;\"><b>melden sich zur\u00fcck mit\u2026<\/b><\/p>\n<p style=\"text-align: center;\"><b>ABBA VOYAGE<\/b><\/p>\n<p style=\"text-align: center;\"><b>++ Brandneues Studioalbum am 05. November und revolution\u00e4res Konzerterlebnis, auf das sie 40 Jahre lang hingearbeitet haben, im Fr\u00fchjahr 2022 ++<\/b><\/p>\n<p style=\"text-align: center;\"><b>++ Gleich zwei neue Singles feiern heute Premiere! ++<\/b><\/p>\n<p>&nbsp;<\/p>\n<p>&nbsp;<\/p>\n<p>&nbsp;<\/p>\n<p>&nbsp;<\/p>\n<p style=\"text-align: justify;\"><b>Es ist die Sensation, die Meldung des Jahrzehnts: ABBA haben soeben ihre R\u00fcckkehr angek\u00fcndigt! 40 Jahre lang haben die Fans auf diesen Moment gewartet: Das neue Album Voyage erscheint am 5. November 2021!<\/b><\/p>\n<p style=\"text-align: justify;\">Eine der gr\u00f6\u00dften und einflussreichsten Popgruppen der Geschichte meldet sich in dieser Woche zur\u00fcck: <b>ABBA haben soeben ihre R\u00fcckkehr angek\u00fcndigt!<\/b> Erstmals nach 40 Jahren wird es ein bahnbrechendes Konzerterlebnis geben, in dessen Rahmen Agnetha, Bj\u00f6rn, Benny und Anni-Frid digital mit einer zehnk\u00f6pfigen Band auftreten werden! W\u00e4hrend der Live-Startschuss am 27. Mai 2022 in einer speziell daf\u00fcr entworfenen Arena in London fallen wird, haben ABBA ihr neues Studioalbum bereits f\u00fcr den Herbst angek\u00fcndigt: <b>&#8222;Voyage&#8220; erscheint am 5. November 2021 bei Universal Music.<\/b><\/p>\n<p style=\"text-align: justify;\"><i>&#8222;Ist schon eine ganze Weile her, dass wir das letzte Mal gemeinsam Musik gemacht haben. Knapp 40 Jahre, um genau zu sein. Im Fr\u00fchjahr 1982 haben wir uns eine Auszeit genommen, und jetzt haben wir den Entschluss gefasst, diese Auszeit zu beenden. Man sagt uns, es sei ziemlich t\u00f6richt, gut 40 Jahre zwischen zwei Alben verstreichen zu lassen, also haben wir einen Nachfolger zu The Visitors aufgenommen. Und um ehrlich zu sein, sind diese neuen Aufnahmen vor allem von einer Sache inspiriert: unserer Mitarbeit an dem ganz sicher einzigartigsten und spektakul\u00e4rsten Konzert, das man sich \u00fcberhaupt ertr\u00e4umen k\u00f6nnte. Wir k\u00f6nnen uns demn\u00e4chst sch\u00f6n zur\u00fccklehnen mit dem Rest des Publikums und zusehen, wie diese digitalen Versionen von uns unsere Songs live auf der B\u00fchne pr\u00e4sentieren \u2013 in einer speziell daf\u00fcr gebauten Arena in London. Im Fr\u00fchjahr geht\u2019s los. So schr\u00e4g, so wundervoll! Das hier ist f\u00fcr euch alle bestimmt, die ihr uns in irgendeiner Form in den letzten Jahrzehnten verfolgt habt: Danke f\u00fcrs Warten! Jetzt ist es h\u00f6chste Zeit, dass diese neue Reise beginnt!&#8220;<\/i> &#8211; <b>ABBA <\/b><\/p>\n<p style=\"text-align: justify;\">Unglaubliche 40 Jahre nach der Ver\u00f6ffentlichung ihres letzten Studioalbums &#8222;The Visitors&#8220; haben <b>ABBA zudem nicht blo\u00df zwei neue Songs aufgenommen \u2013 die neuen Singles \u201eI Still Have Faith In You\u201c und \u201eDon\u2019t Shut Me Down\u201c, die beide auch Teil der innovativen Liveshows sein werden \u2013 sondern ein ganzes Album mit neuem Material.<\/b> Zu den beiden Singlevorboten, die <b>heute Weltpremiere<\/b> feiern und ab sofort digital verf\u00fcgbar sind, gibt es auch ein erstes Video: Der Clip zu<b> \u201eI Still Have Faith In You\u201c<\/b> entstand unter der Regie von Shynola. Aufgenommen in Bennys eigenem Riksmixningsverket-Studio in Stockholm, wird das neue Album von ABBA in einer Vielzahl von physischen und digitalen Konfigurationen erh\u00e4ltlich sein.<\/p>\n<p style=\"text-align: justify;\"><b><br \/>\nSir Lucian Grainge, Chairman &amp; CEO, Universal Music Group:<\/b><i> \u201eSeit dem Anfang meiner Karriere \u2013 und ich hatte das gro\u00dfe Gl\u00fcck, mit ihnen in diesem Rahmen schon jahrelang zusammenarbeiten zu d\u00fcrfen \u2013 bereitet es mir die gr\u00f6\u00dfte Freude, von ABBA und ihrer Musik umgeben zu sein. Ihre grenzenlose Kreativit\u00e4t und ihre zeitlosen Melodien sind der Grund, weshalb wir jedes ihrer Projekte als Partner begleiten wollen \u2013 weil wir einfach wissen, dass es etwas Gro\u00dfartiges sein wird.\u201c<\/i><\/p>\n<p style=\"text-align: justify;\">Die bahnbrechende<b> ABBA Voyage-Liveshow feiert am 27. Mai 2022<\/b> in der <b>ABBA Arena in London Premiere.<\/b> Die hochmoderne, speziell daf\u00fcr entworfene Arena befindet sich im Queen Elizabeth Olympic Park und fasst insgesamt 3.000 Zuschauer*innen.<\/p>\n<p style=\"text-align: justify;\">Zu den Mitwirkenden des revolution\u00e4ren <b>ABBA Voyage-Livekonzepts<\/b> z\u00e4hlen unter anderem die Produzentin <b>Svana Gisla (David Bowie \u201eBlackstar\u201c\/\u201eLazarus\u201c, Beyonc\u00e9 and Jay Z f\u00fcr HBO, Springsteen &amp; I),<\/b> der Produzent <b>Ludvig Andersson (And Then We Danced, Yung Lean: In My Head, Mamma Mia! Here We Go Again),<\/b> der Regisseur<b> Baillie Walsh (Flashbacks of a Fool, Being James Bond, Springsteen &amp; I)<\/b>, Co-Executive Producer <b>Johan Renck (Spaceman, David Bowie \u201eBlackstar\u201c\/\u201eLazarus\u201c, Chernobyl)<\/b> und der Choreograph <b>Wayne McGregor CBE (The Royal Ballet, Company Wayne McGregor, Ballet de l\u2019Op\u00e9ra de Paris).<br \/>\n<\/b><i><\/i><\/p>\n<p style=\"text-align: justify;\">Mehr Info unter <b><a href=\"https:\/\/deref-gmx.net\/mail\/client\/RaX67SzTzYA\/dereferrer\/?redirectUrl=https%3A%2F%2Femail.universal-music.de%2F4YZ0-2UCV-MK87X-2BG64-1%2Fc.aspx\" target=\"_blank\" rel=\"noopener\">www.universal-music.de\/abba<\/a><\/b> &amp; <b><a href=\"https:\/\/deref-gmx.net\/mail\/client\/w9wdtqoO_Hk\/dereferrer\/?redirectUrl=https%3A%2F%2Femail.universal-music.de%2F4YZ0-2UCV-MK87X-2BG65-1%2Fc.aspx\" target=\"_blank\" rel=\"noopener\">abbavoyage.com<\/a><\/b>!<\/p>\n<p style=\"text-align: justify;\"><b>Das neue Studioalbum Voyage erscheint am 5. November 2021 bei Universal Music.<\/b><\/p>\n<p><strong><a href=\"https:\/\/smago.de\/ws2\/schlager\/abba-hoeren-sie-hier-den-neuen-song-dont-shut-me-down\/\">HIER<\/a><\/strong> k\u00f6nnen Sie sich zwei der neuen Songs in voller L\u00e4nge anh\u00f6ren!<\/p>\n<p>&nbsp;<\/p>\n<p>&nbsp;<\/p>\n<p>&nbsp;<\/p>\n<p>&nbsp;<\/p>\n<p>&nbsp;<\/p>\n<figure id=\"attachment_170510\" aria-describedby=\"caption-attachment-170510\" style=\"width: 756px\" class=\"wp-caption alignnone\"><img decoding=\"async\" loading=\"lazy\" class=\"size-full wp-image-170510\" src=\"https:\/\/smago.de\/ws2\/wp-content\/uploads\/2021\/09\/ABBA_Voyage__Twitter-ABBAVoyage.jpg\" alt=\"\" width=\"756\" height=\"756\" srcset=\"https:\/\/smago.de\/ws2\/wp-content\/uploads\/2021\/09\/ABBA_Voyage__Twitter-ABBAVoyage.jpg 756w, https:\/\/smago.de\/ws2\/wp-content\/uploads\/2021\/09\/ABBA_Voyage__Twitter-ABBAVoyage-522x522.jpg 522w, https:\/\/smago.de\/ws2\/wp-content\/uploads\/2021\/09\/ABBA_Voyage__Twitter-ABBAVoyage-150x150.jpg 150w, https:\/\/smago.de\/ws2\/wp-content\/uploads\/2021\/09\/ABBA_Voyage__Twitter-ABBAVoyage-272x272.jpg 272w, https:\/\/smago.de\/ws2\/wp-content\/uploads\/2021\/09\/ABBA_Voyage__Twitter-ABBAVoyage-600x600.jpg 600w, https:\/\/smago.de\/ws2\/wp-content\/uploads\/2021\/09\/ABBA_Voyage__Twitter-ABBAVoyage-130x130.jpg 130w, https:\/\/smago.de\/ws2\/wp-content\/uploads\/2021\/09\/ABBA_Voyage__Twitter-ABBAVoyage-445x445.jpg 445w, https:\/\/smago.de\/ws2\/wp-content\/uploads\/2021\/09\/ABBA_Voyage__Twitter-ABBAVoyage-190x190.jpg 190w, https:\/\/smago.de\/ws2\/wp-content\/uploads\/2021\/09\/ABBA_Voyage__Twitter-ABBAVoyage-290x290.jpg 290w\" sizes=\"(max-width: 756px) 100vw, 756px\" \/><figcaption id=\"caption-attachment-170510\" class=\"wp-caption-text\"><em>Foto-Credit: Twitter \/ ABBAVoyage<\/em><\/figcaption><\/figure>\n<p>&nbsp;<\/p>\n<p>&nbsp;<\/p>\n<p>&nbsp;<\/p>\n<p style=\"text-align: justify;\"><img decoding=\"async\" loading=\"lazy\" class=\"alignnone size-full wp-image-170482\" src=\"https:\/\/smago.de\/ws2\/wp-content\/uploads\/2021\/09\/w660_328790_abbaaaa.jpg\" alt=\"\" width=\"660\" height=\"439\" srcset=\"https:\/\/smago.de\/ws2\/wp-content\/uploads\/2021\/09\/w660_328790_abbaaaa.jpg 660w, https:\/\/smago.de\/ws2\/wp-content\/uploads\/2021\/09\/w660_328790_abbaaaa-522x347.jpg 522w, https:\/\/smago.de\/ws2\/wp-content\/uploads\/2021\/09\/w660_328790_abbaaaa-226x150.jpg 226w, https:\/\/smago.de\/ws2\/wp-content\/uploads\/2021\/09\/w660_328790_abbaaaa-392x261.jpg 392w, https:\/\/smago.de\/ws2\/wp-content\/uploads\/2021\/09\/w660_328790_abbaaaa-130x86.jpg 130w, https:\/\/smago.de\/ws2\/wp-content\/uploads\/2021\/09\/w660_328790_abbaaaa-286x190.jpg 286w, https:\/\/smago.de\/ws2\/wp-content\/uploads\/2021\/09\/w660_328790_abbaaaa-435x290.jpg 435w, https:\/\/smago.de\/ws2\/wp-content\/uploads\/2021\/09\/w660_328790_abbaaaa-150x100.jpg 150w, https:\/\/smago.de\/ws2\/wp-content\/uploads\/2021\/09\/w660_328790_abbaaaa-370x247.jpg 370w\" sizes=\"(max-width: 660px) 100vw, 660px\" \/><\/p>\n","protected":false},"excerpt":{"rendered":"<p>Neues Album &#8222;Voyage&#8220; am 05.11.2021 und revolution\u00e4res Konzerterlebnis 2022!<\/p>\n","protected":false},"author":2,"featured_media":170510,"comment_status":"open","ping_status":"closed","sticky":false,"template":"","format":"standard","meta":{"_FSMCFIC_featured_image_caption":"","_FSMCFIC_featured_image_nocaption":"","_FSMCFIC_featured_image_hide":""},"categories":[1],"tags":[865],"acf":[],"_links":{"self":[{"href":"https:\/\/smago.de\/ws2\/wp-json\/wp\/v2\/posts\/170481"}],"collection":[{"href":"https:\/\/smago.de\/ws2\/wp-json\/wp\/v2\/posts"}],"about":[{"href":"https:\/\/smago.de\/ws2\/wp-json\/wp\/v2\/types\/post"}],"author":[{"embeddable":true,"href":"https:\/\/smago.de\/ws2\/wp-json\/wp\/v2\/users\/2"}],"replies":[{"embeddable":true,"href":"https:\/\/smago.de\/ws2\/wp-json\/wp\/v2\/comments?post=170481"}],"version-history":[{"count":4,"href":"https:\/\/smago.de\/ws2\/wp-json\/wp\/v2\/posts\/170481\/revisions"}],"predecessor-version":[{"id":170511,"href":"https:\/\/smago.de\/ws2\/wp-json\/wp\/v2\/posts\/170481\/revisions\/170511"}],"wp:featuredmedia":[{"embeddable":true,"href":"https:\/\/smago.de\/ws2\/wp-json\/wp\/v2\/media\/170510"}],"wp:attachment":[{"href":"https:\/\/smago.de\/ws2\/wp-json\/wp\/v2\/media?parent=170481"}],"wp:term":[{"taxonomy":"category","embeddable":true,"href":"https:\/\/smago.de\/ws2\/wp-json\/wp\/v2\/categories?post=170481"},{"taxonomy":"post_tag","embeddable":true,"href":"https:\/\/smago.de\/ws2\/wp-json\/wp\/v2\/tags?post=170481"}],"curies":[{"name":"wp","href":"https:\/\/api.w.org\/{rel}","templated":true}]}}