{"id":170377,"date":"2021-09-02T13:27:34","date_gmt":"2021-09-02T11:27:34","guid":{"rendered":"https:\/\/smago.de\/ws2\/?p=170377"},"modified":"2021-09-02T13:27:47","modified_gmt":"2021-09-02T11:27:47","slug":"die-wolkenstuermer-gelingt-ihnen-mit-genial-verliebt-ein-amtlicher-anschluss-treffer","status":"publish","type":"post","link":"https:\/\/smago.de\/ws2\/pop-schlager\/die-wolkenstuermer-gelingt-ihnen-mit-genial-verliebt-ein-amtlicher-anschluss-treffer\/","title":{"rendered":"DIE WOLKENST\u00dcRMER <br>Gelingt ihnen mit &#8222;Genial verliebt&#8220; ein amtlicher Anschluss-Treffer?"},"content":{"rendered":"<p style=\"text-align: justify;\">Der Vorg\u00e4nger-Song &#8222;Warum ich &#8211; warum Du&#8220; hat es bereits bis auf Platz 49 der Radio Charts &#8222;Deutschland Konservativ Pop&#8220; geschafft!<br \/>\n<!--more--><\/p>\n<p>&nbsp;<\/p>\n<p>&nbsp;<\/p>\n<p style=\"text-align: justify;\">\n<p style=\"text-align: justify;\">Das lange Warten hat ein Ende und sie steht quasi in den Startl\u00f6chern, um geh\u00f6rt, gekauft und gestreamt zu werden: Die neue Single von DIE WOLKENST\u00dcRMER. Seit ihrem letzten Titel &#8222;Warum ich &#8211; warum du&#8220; sind einige Monate ins Land gezogen, aber eben auch gleichzeitig eine sehr erfolgreiche Zeit und 9 Wochen Radio Charts &#8222;Deutschland Konservativ Pop&#8220; (h\u00f6chste Platzierung #49). Die tollen Erfahrungen aus den Radioeins\u00e4tzen der letzten Single, sowie ganz viel Kreativit\u00e4t und Motivation haben &#8222;Die Wolkenst\u00fcrmer&#8220; jetzt in ihre neue Single gesteckt und das sp\u00fcrt man mit dem ersten Ton.<\/p>\n<p style=\"text-align: justify;\">&#8222;Genial verliebt&#8220; hei\u00dft der neue Ohrwurm von Timo und Sebastian (aka Die Wolkenst\u00fcrmer) und ist gespickt mit gro\u00dfartigen Sounds, einer Melodie f\u00fcrs Ohr und dem Text f\u00fcrs Herz. Durchzogen mit einem musikalisch roten Faden, der Songtitel, Text und Musik Eins werden l\u00e4sst.<\/p>\n<p style=\"text-align: justify;\">F\u00fcr das Gesamtpaket k\u00f6nnen sich &#8222;Die Wolkenst\u00fcrmer&#8220; auch dieses Mal wieder auf volle Professionalit\u00e4t und Erfahrung verlassen. Das Produzententeam Tim Peters und Sergej Fuhr hat die Musik von Wolkenst\u00fcrmer Sebastian Link und den Text von Carsten Schabosky zu einem echten &#8222;Hinh\u00f6rer&#8220; arrangiert.<\/p>\n<p style=\"text-align: justify;\">Damit ist klar, dass sich das Duo in Zukunft auch wieder mehr auf eigene Kompositionen konzentrieren will, um einen musikalischen Wiedererkennungswert und ein eigenes Profil zu schaffen. &#8222;Genial verliebt&#8220; gilt hiermit als neuer Startschuss und der hat es in sich.<\/p>\n<p style=\"text-align: justify;\">Egal ob aus den Speakern oder live auf der B\u00fchne, &#8222;Die Wolkenst\u00fcrmer&#8220; sind ein musikalisches Erlebnis und tolle Unterhaltung. Kreative Kontinuit\u00e4t untermauern das st\u00e4ndig. U. a. jetzt mit dieser neuen Single.<\/p>\n<p style=\"text-align: justify;\">Ver\u00f6ffentlicht wird &#8222;Genial verliebt&#8220; am 03.09.2021 \u00fcber Fiesta Records und ist dann in allen Download- und Streamingportalen verf\u00fcgbar.<\/p>\n","protected":false},"excerpt":{"rendered":"<p>Der Vorg\u00e4nger-Song &#8222;Warum ich &#8211; warum Du&#8220; hat es bereits bis auf Platz 49 der Radio Charts &#8222;Deutschland Konservativ Pop&#8220;<\/p>\n","protected":false},"author":2,"featured_media":170378,"comment_status":"open","ping_status":"closed","sticky":false,"template":"","format":"standard","meta":{"_FSMCFIC_featured_image_caption":"","_FSMCFIC_featured_image_nocaption":"","_FSMCFIC_featured_image_hide":""},"categories":[28],"tags":[976],"acf":[],"_links":{"self":[{"href":"https:\/\/smago.de\/ws2\/wp-json\/wp\/v2\/posts\/170377"}],"collection":[{"href":"https:\/\/smago.de\/ws2\/wp-json\/wp\/v2\/posts"}],"about":[{"href":"https:\/\/smago.de\/ws2\/wp-json\/wp\/v2\/types\/post"}],"author":[{"embeddable":true,"href":"https:\/\/smago.de\/ws2\/wp-json\/wp\/v2\/users\/2"}],"replies":[{"embeddable":true,"href":"https:\/\/smago.de\/ws2\/wp-json\/wp\/v2\/comments?post=170377"}],"version-history":[{"count":2,"href":"https:\/\/smago.de\/ws2\/wp-json\/wp\/v2\/posts\/170377\/revisions"}],"predecessor-version":[{"id":170380,"href":"https:\/\/smago.de\/ws2\/wp-json\/wp\/v2\/posts\/170377\/revisions\/170380"}],"wp:featuredmedia":[{"embeddable":true,"href":"https:\/\/smago.de\/ws2\/wp-json\/wp\/v2\/media\/170378"}],"wp:attachment":[{"href":"https:\/\/smago.de\/ws2\/wp-json\/wp\/v2\/media?parent=170377"}],"wp:term":[{"taxonomy":"category","embeddable":true,"href":"https:\/\/smago.de\/ws2\/wp-json\/wp\/v2\/categories?post=170377"},{"taxonomy":"post_tag","embeddable":true,"href":"https:\/\/smago.de\/ws2\/wp-json\/wp\/v2\/tags?post=170377"}],"curies":[{"name":"wp","href":"https:\/\/api.w.org\/{rel}","templated":true}]}}