{"id":170333,"date":"2021-09-03T00:00:56","date_gmt":"2021-09-02T22:00:56","guid":{"rendered":"https:\/\/smago.de\/ws2\/?p=170333"},"modified":"2021-09-03T00:17:14","modified_gmt":"2021-09-02T22:17:14","slug":"erika-pluhar-u-a-heute-03-09-2021-in-der-ndr-talk-show-zu-gast","status":"publish","type":"post","link":"https:\/\/smago.de\/ws2\/liedermacher\/erika-pluhar-u-a-heute-03-09-2021-in-der-ndr-talk-show-zu-gast\/","title":{"rendered":"ERIKA PLUHAR u.a. <br>Heute (03.09.2021) in der &#8222;NDR Talk Show&#8220; zu Gast!"},"content":{"rendered":"<p>NDR fernsehen + hr fernsehen, 22:00 Uhr &#8211; 00:00 Uhr! Moderation: Barbara Sch\u00f6neberger und Hubertus Meyer-Burckhardt!<br \/>\n<!--more--><\/p>\n<p>&nbsp;<\/p>\n<p>&nbsp;<\/p>\n<p>&nbsp;<\/p>\n<p style=\"text-align: justify;\">Barbara Sch\u00f6neberger und Hubertus Meyer-Burckhardt begr\u00fc\u00dfen in der &#8222;NDR Talk Show&#8220; aus Hamburg &#8230;:<\/p>\n<p>&nbsp;<\/p>\n<p>&nbsp;<\/p>\n<p>&nbsp;<\/p>\n<p>&nbsp;<\/p>\n<h2 style=\"text-align: justify;\">Bosse, S\u00e4nger<\/h2>\n<div class=\"contentimage w50\" style=\"text-align: justify;\"><\/div>\n<p style=\"text-align: justify;\">Bis der Wahl-Hamburger Charterfolge, Plattenverk\u00e4ufe und ausverkaufte Hallen feiern konnte, war es ein weiter Weg. Lange hielt Bosse sich mit Gelegenheitsjobs \u00fcber Wasser, wechselte Plattenfirmen und St\u00e4dte. 2013 kam dann der Song, der zeigte, dass die Arbeit und das Warten sich gelohnt hatten: &#8222;Sch\u00f6nste Zeit&#8220; &#8211; Gold-Status, Preise, Anerkennung. Seitdem l\u00e4uft es rund f\u00fcr 41-J\u00e4hrigen. Er ist verheiratet, Vater einer Tochter, engagiert sich f\u00fcr soziale Projekte &#8211; und bringt nun ein neues Album raus. Wie er den Live-Neustart nach Corona feiert, das erz\u00e4hlt der Musiker in der NDR Talk Show.<\/p>\n<p>&nbsp;<\/p>\n<p>&nbsp;<\/p>\n<p>&nbsp;<\/p>\n<p>&nbsp;<\/p>\n<h2 style=\"text-align: justify;\">Dr. Johannes Wimmer, Arzt und Autor<\/h2>\n<div class=\"contentimage w50\" style=\"text-align: justify;\"><\/div>\n<p style=\"text-align: justify;\">Er widmet sich seit Jahren der verbesserten Kommunikation zwischen \u00c4rzt*innen und Patient*innen und engagiert sich im Kampf gegen den Krebs, besonders bei Kindern. Im vergangenen Jahr verlor er seine neun Monate alte Tochter Maximilia durch einen Hirntumor. Gemeinsam mit seiner Familie hat er erlebt, wie es ist, wenn die Faust des Lebens zuschl\u00e4gt. Sie haben Anteilnahme und den Zuspruch unz\u00e4hliger Menschen erfahren. Dar\u00fcber hat er nun ein Buch mit dem Titel &#8222;Wenn die Faust des Lebens zuschl\u00e4gt&#8220; geschrieben. In der NDR Talk Show wird Dr. Wimmer davon erz\u00e4hlen, wie er und seine Familie nach dem Schicksalsschlag wieder in eine neue Normalit\u00e4t gefunden haben.<\/p>\n<p>&nbsp;<\/p>\n<p>&nbsp;<\/p>\n<p>&nbsp;<\/p>\n<p>&nbsp;<\/p>\n<p>&nbsp;<\/p>\n<h2 style=\"text-align: justify;\">Jannis Niew\u00f6hner, Schauspieler<\/h2>\n<div class=\"contentimage w50\" style=\"text-align: justify;\"><\/div>\n<p style=\"text-align: justify;\">Schon als Kind wusste Jannis Niew\u00f6hner, was sp\u00e4ter aus ihm werden soll: Mit 16 wollte er von Krefeld nach Berlin umziehen, um an der Ernst-Busch-Schauspielschule zu studieren. Er wurde abgelehnt &#8211; zu jung. Schon fr\u00fch stand der heute 29-J\u00e4hrige vor der Kamera. Sein Vater, ein Theaterschauspieler in Duisburg, meldete seinen Sohn bei einer Agentur an, die ihm erste TV-Auftritte verschaffte. Seine erste kleine Rolle spielte Jannis Niew\u00f6hner als Zehnj\u00e4hriger im M\u00fcnsteraner &#8222;Tatort&#8220;. Inzwischen wurde er nicht nur als &#8222;European Shooting Star&#8220; ausgezeichnet, sondern bekommt die Hauptrollen in gro\u00dfen Kinoproduktionen, wie jetzt in der Neuverfilmung von Thomas Manns Roman &#8222;Bekenntnisse des Hochstaplers Felix Krull&#8220; unter der Regie von Detlev Buck. Hier verk\u00f6rpert er Felix Krull, einen attraktiven jungen Mann aus gutb\u00fcrgerlichem Haus, der seine Verwandlungsk\u00fcnste und Rollenspiele seit fr\u00fchestem Kindesalter perfektioniert hat.<\/p>\n<p>&nbsp;<\/p>\n<p>&nbsp;<\/p>\n<p>&nbsp;<\/p>\n<p>&nbsp;<\/p>\n<p>&nbsp;<\/p>\n<h2 style=\"text-align: justify;\">Zora und Ronja Klipp, K\u00f6chin und Caf\u00e9betreiberin<\/h2>\n<div class=\"contentimage w50\" style=\"text-align: justify;\"><\/div>\n<p style=\"text-align: justify;\">F\u00fcr norddeutsche Feinschmecker*innen ist Zora Klipp keine Unbekannte, denn sie \u00fcberrascht regelm\u00e4\u00dfig in den Kulinarikbeitr\u00e4gen bei &#8222;Mein Nachmittag&#8220; mit einfach nachzumachenden Gerichten. Seit Mai 2021 hat die 30-j\u00e4hrige Hamburgerin, die urspr\u00fcnglich aus dem Schwarzwald kommt, eine eigene Sendung im NDR Fernsehen: <a title=\"Zum Artikel: Zora kocht's einfach\" href=\"https:\/\/www.ndr.de\/fernsehen\/sendungen\/zora_kochts_einfach\/index.html\">&#8222;Zora kocht&#8217;s einfach&#8220;<\/a> hei\u00dft das Format, in dem sie nicht nur kulinarische Sch\u00fctzenhilfe gibt, sondern vor allem originell, modern und kreativ zum Selbstkochen inspiriert. Zora Klipp hat bereits mehrere Kochb\u00fccher geschrieben und ist nun auch noch unter die Gastronominnen gegangen: Zusammen mit ihrer Schwester Ronja hat sie sich einen Traum erf\u00fcllt: Seit Oktober 2020 betreiben die beiden ihr erstes eigenes Caf\u00e9 in Hamburg. Wie sie auf die verr\u00fcckte Idee kamen, ausgerechnet mitten in der Corona-Pandemie ein Caf\u00e9 zu er\u00f6ffnen, ist nur eine der Fragen, die die Schwestern bei ihrem allerersten Talkshow-Besuch beantworten.<\/p>\n<div class=\"contentbox list voll\" style=\"text-align: justify;\">\n<div class=\"teaser\">\n<div class=\"teaserimage\"><\/div>\n<\/div>\n<\/div>\n<p>&nbsp;<\/p>\n<p>&nbsp;<\/p>\n<p>&nbsp;<\/p>\n<p>&nbsp;<\/p>\n<h2 style=\"text-align: justify;\">Erika Pluhar, Schriftstellerin und K\u00fcnstlerin<\/h2>\n<div class=\"contentimage w50\" style=\"text-align: justify;\"><\/div>\n<p style=\"text-align: justify;\">Sie ist in ihrem Heimatland \u00d6sterreich eine lebende Legende: Erika Pluhar. Geboren 1939 in Wien, war sie bis zum Ende der 90er-Jahre dort Schauspielerin am Burgtheater. Seit jeher lebt sie ihre vielf\u00e4ltigen Talente aus: Sie textet und interpretiert Lieder, hat Filme gedreht und zahlreiche B\u00fccher ver\u00f6ffentlicht. 2000 erhielt sie das Goldene Ehrenzeichen der Stadt Wien und 2009 den Ehrenpreis des \u00f6sterreichischen Buchhandels f\u00fcr Toleranz in Denken und Handeln. Seit ihr letzter Vorhang am Theater fiel, arbeitet die K\u00fcnstlerin voranging als Schriftstellerin. In ihrem neuen Roman &#8222;Hedwig hei\u00dft man doch nicht mehr&#8220; erz\u00e4hlt die Bestsellerautorin von einer Frau, die an einem Wendepunkt ihres Lebens steht. Wie zielgerichtet ihr eigenes Leben war und wie h\u00e4ufig sie selbst an Scheidewegen stand, erz\u00e4hlt Erika Pluhar in der NDR Talk Show.<\/p>\n<p>&nbsp;<\/p>\n<p>&nbsp;<\/p>\n<p>&nbsp;<\/p>\n<p>&nbsp;<\/p>\n<p>&nbsp;<\/p>\n<h2 style=\"text-align: justify;\">Zohre Esmaeli, Unternehmerin und Aktivistin<\/h2>\n<div class=\"contentimage w50\" style=\"text-align: justify;\"><\/div>\n<p style=\"text-align: justify;\">Seit Tagen evakuieren die USA, Deutschland und ihre NATO-Partner Menschen aus Afghanistan &#8211; eigene Staatsb\u00fcrger und ehemalige Helfer. Doch es wird immer klarer: Lange wird das nicht mehr m\u00f6glich sein. Zohre Esmaeli ist geb\u00fcrtige Afghanin und als 13-J\u00e4hrige vor den Taliban aus Kabul geflohen. Sechs Monate lang war sie mehrheitlich zu Fu\u00df mit ihrer Familie unterwegs, um ihr Leben zu retten und die Freiheit zu gewinnen. Heute ist sie 36 Jahre alt, lebt in Berlin und ist das einzige international erfolgreiche afghanisch-st\u00e4mmige Model. Zohre Esmaeli arbeitet als Botschafterin der Antidiskriminierungsstelle des Bundes und ist seit 2017 das Gesicht der Kampagne &#8222;Deutschland &#8211; Land der Ideen&#8220; der Bundesregierung. 2018 gr\u00fcndete sie die Organisation &#8222;Cultural Coaches&#8220;, in der ehemalige Migrant*innen Gefl\u00fcchteten helfen wollen, sich in Deutschland zurechtzufinden.<\/p>\n<p>&nbsp;<\/p>\n<p>&nbsp;<\/p>\n<p>&nbsp;<\/p>\n<p>&nbsp;<\/p>\n<p>&nbsp;<\/p>\n<h2 style=\"text-align: justify;\">Gabriela Maria Schmeide, Schauspielerin<\/h2>\n<p>&nbsp;<\/p>\n<p style=\"text-align: justify;\">Ein Gl\u00fcck f\u00fcr die deutsche Film- und Fernsehlandschaft, dass die urspr\u00fcnglichen Karrierepl\u00e4ne von Gabriela Maria Schmeide scheiterten: Als Tochter einer Lehrerin und eines Zahnarztes aus Bautzen wollte sie eigentlich Medizin studieren, doch als der Vater in den Westen floh, wurde ihr das Studium verweigert. \u00dcber einen Job als Souffleuse am deutsch-sorbischen Volkstheater fand sie ihre wahre Berufung: die Schauspielerei. Heute kann sie auf eine ganze Reihe von Preisen zur\u00fcckblicken, zuletzt bekam sie den Deutschen Filmpreis f\u00fcr ihre Rolle als Sozialarbeiterin in &#8222;Systemsprenger&#8220;. Warum ihr die aktuelle Hauptrolle in der Mini-Serie &#8222;Tina Mobil&#8220; besonders am Herzen liegt, das verr\u00e4t die 56-J\u00e4hrige in der NDR Talk Show.<\/p>\n<p>&nbsp;<\/p>\n<p>&nbsp;<\/p>\n<p>&nbsp;<\/p>\n<figure id=\"attachment_161062\" aria-describedby=\"caption-attachment-161062\" style=\"width: 760px\" class=\"wp-caption alignnone\"><img decoding=\"async\" loading=\"lazy\" class=\"size-full wp-image-161062\" src=\"https:\/\/smago.de\/ws2\/wp-content\/uploads\/2021\/02\/ndrtalk_NDR-Uwe-Ernst.jpg\" alt=\"\" width=\"760\" height=\"428\" srcset=\"https:\/\/smago.de\/ws2\/wp-content\/uploads\/2021\/02\/ndrtalk_NDR-Uwe-Ernst.jpg 760w, https:\/\/smago.de\/ws2\/wp-content\/uploads\/2021\/02\/ndrtalk_NDR-Uwe-Ernst-522x294.jpg 522w, https:\/\/smago.de\/ws2\/wp-content\/uploads\/2021\/02\/ndrtalk_NDR-Uwe-Ernst-266x150.jpg 266w, https:\/\/smago.de\/ws2\/wp-content\/uploads\/2021\/02\/ndrtalk_NDR-Uwe-Ernst-392x221.jpg 392w, https:\/\/smago.de\/ws2\/wp-content\/uploads\/2021\/02\/ndrtalk_NDR-Uwe-Ernst-130x73.jpg 130w, https:\/\/smago.de\/ws2\/wp-content\/uploads\/2021\/02\/ndrtalk_NDR-Uwe-Ernst-292x164.jpg 292w, https:\/\/smago.de\/ws2\/wp-content\/uploads\/2021\/02\/ndrtalk_NDR-Uwe-Ernst-435x245.jpg 435w\" sizes=\"(max-width: 760px) 100vw, 760px\" \/><figcaption id=\"caption-attachment-161062\" class=\"wp-caption-text\"><em>Foto-Credit: NDR \/ Uwe Ernst<\/em><\/figcaption><\/figure>\n","protected":false},"excerpt":{"rendered":"<p>NDR fernsehen + hr fernsehen, 22:00 Uhr &#8211; 00:00 Uhr! Moderation: Barbara Sch\u00f6neberger und Hubertus Meyer-Burckhardt!<\/p>\n","protected":false},"author":2,"featured_media":161062,"comment_status":"open","ping_status":"closed","sticky":false,"template":"","format":"standard","meta":{"_FSMCFIC_featured_image_caption":"","_FSMCFIC_featured_image_nocaption":"","_FSMCFIC_featured_image_hide":""},"categories":[21,128],"tags":[254],"acf":[],"_links":{"self":[{"href":"https:\/\/smago.de\/ws2\/wp-json\/wp\/v2\/posts\/170333"}],"collection":[{"href":"https:\/\/smago.de\/ws2\/wp-json\/wp\/v2\/posts"}],"about":[{"href":"https:\/\/smago.de\/ws2\/wp-json\/wp\/v2\/types\/post"}],"author":[{"embeddable":true,"href":"https:\/\/smago.de\/ws2\/wp-json\/wp\/v2\/users\/2"}],"replies":[{"embeddable":true,"href":"https:\/\/smago.de\/ws2\/wp-json\/wp\/v2\/comments?post=170333"}],"version-history":[{"count":2,"href":"https:\/\/smago.de\/ws2\/wp-json\/wp\/v2\/posts\/170333\/revisions"}],"predecessor-version":[{"id":170542,"href":"https:\/\/smago.de\/ws2\/wp-json\/wp\/v2\/posts\/170333\/revisions\/170542"}],"wp:featuredmedia":[{"embeddable":true,"href":"https:\/\/smago.de\/ws2\/wp-json\/wp\/v2\/media\/161062"}],"wp:attachment":[{"href":"https:\/\/smago.de\/ws2\/wp-json\/wp\/v2\/media?parent=170333"}],"wp:term":[{"taxonomy":"category","embeddable":true,"href":"https:\/\/smago.de\/ws2\/wp-json\/wp\/v2\/categories?post=170333"},{"taxonomy":"post_tag","embeddable":true,"href":"https:\/\/smago.de\/ws2\/wp-json\/wp\/v2\/tags?post=170333"}],"curies":[{"name":"wp","href":"https:\/\/api.w.org\/{rel}","templated":true}]}}