{"id":170130,"date":"2021-08-30T00:00:39","date_gmt":"2021-08-29T22:00:39","guid":{"rendered":"https:\/\/smago.de\/ws2\/?p=170130"},"modified":"2021-08-29T20:52:45","modified_gmt":"2021-08-29T18:52:45","slug":"jay-khan-nichts-ist-unmoeglich","status":"publish","type":"post","link":"https:\/\/smago.de\/ws2\/pop-schlager\/jay-khan-nichts-ist-unmoeglich\/","title":{"rendered":"JAY KHAN <br>&#8222;NICHTS ist unm\u00f6glich!&#8220;"},"content":{"rendered":"<p>Jay Khan refklektiert sein bisheriges Leben und ist ist im Moment dankbarer und auch gl\u00fccklicher denn je &#8230;:<br \/>\n<!--more--><\/p>\n<p>&nbsp;<\/p>\n<p>&nbsp;<\/p>\n<p>JAY KHAN, &#8222;Kopf&#8220; der neuen Boy-Band TEAM 5\u00dcNF (u. a. mit Marc Terenzi), hat sich &#8222;wieder gefangen&#8220;, wie man so sch\u00f6n sagt. MEHR NOCH: Es scheint ihm sogar richtig gut zu gehen.<\/p>\n<p>Auf seiner Facebook-Seite schreibt er &#8230;:<\/p>\n<p>&nbsp;<\/p>\n<p style=\"text-align: justify;\"><em>&#8222;Ich bin so dankbar f\u00fcr mein Leben und alles was sich gerade um mich tut und aufbaut. Seit \u00fcber 10 Jahren hab ich zum ersten Mal wieder das Gef\u00fchl, dass NICHTS unm\u00f6glich ist. Man m\u00f6chte es vielleicht nicht glauben, aber ich bin ein Mensch, der von Selbstzweifel geplagt ist und \u00fcber lange Zeit die Gabe des Tr\u00e4umens verloren hat, aus Angst sich falsche Hoffnungen zu machen. Sowohl beruflich als auch privat habe ich Fehler begangen, wer nicht?? Nur habe ich mich so engstirnig auf diese Fehler fokussiert, dass ich dabei verga\u00df, wieviel richtiges ich auch gemacht habe. Heute kann ich sagen, dass ich jede Erfahrung sch\u00e4tze, ob gut oder schlecht, und dass kein Tag an mir vorbeigeht, an dem ich mein eigenes Gl\u00fcck glauben kann. Ich m\u00f6chte allen danken, die den Weg mit mir gegangen sind und immer noch gehen\u2026.und mich nicht aufgegeben haben, als ich es tat.&#8220;<\/em><\/p>\n<p>&nbsp;<\/p>\n<figure id=\"attachment_170131\" aria-describedby=\"caption-attachment-170131\" style=\"width: 604px\" class=\"wp-caption alignnone\"><img decoding=\"async\" loading=\"lazy\" class=\"size-large wp-image-170131\" src=\"https:\/\/smago.de\/ws2\/wp-content\/uploads\/2021\/08\/khan_aug-604x800.jpg\" alt=\"\" width=\"604\" height=\"800\" srcset=\"https:\/\/smago.de\/ws2\/wp-content\/uploads\/2021\/08\/khan_aug-604x800.jpg 604w, https:\/\/smago.de\/ws2\/wp-content\/uploads\/2021\/08\/khan_aug-394x522.jpg 394w, https:\/\/smago.de\/ws2\/wp-content\/uploads\/2021\/08\/khan_aug-113x150.jpg 113w, https:\/\/smago.de\/ws2\/wp-content\/uploads\/2021\/08\/khan_aug-768x1017.jpg 768w, https:\/\/smago.de\/ws2\/wp-content\/uploads\/2021\/08\/khan_aug-1159x1536.jpg 1159w, https:\/\/smago.de\/ws2\/wp-content\/uploads\/2021\/08\/khan_aug-205x272.jpg 205w, https:\/\/smago.de\/ws2\/wp-content\/uploads\/2021\/08\/khan_aug-453x600.jpg 453w, https:\/\/smago.de\/ws2\/wp-content\/uploads\/2021\/08\/khan_aug-98x130.jpg 98w, https:\/\/smago.de\/ws2\/wp-content\/uploads\/2021\/08\/khan_aug-336x445.jpg 336w, https:\/\/smago.de\/ws2\/wp-content\/uploads\/2021\/08\/khan_aug-143x190.jpg 143w, https:\/\/smago.de\/ws2\/wp-content\/uploads\/2021\/08\/khan_aug-219x290.jpg 219w, https:\/\/smago.de\/ws2\/wp-content\/uploads\/2021\/08\/khan_aug.jpg 1284w\" sizes=\"(max-width: 604px) 100vw, 604px\" \/><figcaption id=\"caption-attachment-170131\" class=\"wp-caption-text\"><em>Foto-Credit: <strong><a href=\"https:\/\/www.facebook.com\/jaykhanofficial\">Facebook-Seite von Jay Khan<\/a><\/strong><\/em><\/figcaption><\/figure>\n","protected":false},"excerpt":{"rendered":"<p>Jay Khan refklektiert sein bisheriges Leben und ist ist im Moment dankbarer und auch gl\u00fccklicher denn je &#8230;:<\/p>\n","protected":false},"author":2,"featured_media":170131,"comment_status":"open","ping_status":"closed","sticky":false,"template":"","format":"standard","meta":{"_FSMCFIC_featured_image_caption":"","_FSMCFIC_featured_image_nocaption":"","_FSMCFIC_featured_image_hide":""},"categories":[28],"tags":[165],"acf":[],"_links":{"self":[{"href":"https:\/\/smago.de\/ws2\/wp-json\/wp\/v2\/posts\/170130"}],"collection":[{"href":"https:\/\/smago.de\/ws2\/wp-json\/wp\/v2\/posts"}],"about":[{"href":"https:\/\/smago.de\/ws2\/wp-json\/wp\/v2\/types\/post"}],"author":[{"embeddable":true,"href":"https:\/\/smago.de\/ws2\/wp-json\/wp\/v2\/users\/2"}],"replies":[{"embeddable":true,"href":"https:\/\/smago.de\/ws2\/wp-json\/wp\/v2\/comments?post=170130"}],"version-history":[{"count":2,"href":"https:\/\/smago.de\/ws2\/wp-json\/wp\/v2\/posts\/170130\/revisions"}],"predecessor-version":[{"id":170133,"href":"https:\/\/smago.de\/ws2\/wp-json\/wp\/v2\/posts\/170130\/revisions\/170133"}],"wp:featuredmedia":[{"embeddable":true,"href":"https:\/\/smago.de\/ws2\/wp-json\/wp\/v2\/media\/170131"}],"wp:attachment":[{"href":"https:\/\/smago.de\/ws2\/wp-json\/wp\/v2\/media?parent=170130"}],"wp:term":[{"taxonomy":"category","embeddable":true,"href":"https:\/\/smago.de\/ws2\/wp-json\/wp\/v2\/categories?post=170130"},{"taxonomy":"post_tag","embeddable":true,"href":"https:\/\/smago.de\/ws2\/wp-json\/wp\/v2\/tags?post=170130"}],"curies":[{"name":"wp","href":"https:\/\/api.w.org\/{rel}","templated":true}]}}