{"id":170029,"date":"2021-08-28T00:01:10","date_gmt":"2021-08-27T22:01:10","guid":{"rendered":"https:\/\/smago.de\/ws2\/?p=170029"},"modified":"2021-08-28T00:10:48","modified_gmt":"2021-08-27T22:10:48","slug":"lafee-lafee-meldet-sich-mit-top-10-chart-entry-zurueck","status":"publish","type":"post","link":"https:\/\/smago.de\/ws2\/pop\/lafee-lafee-meldet-sich-mit-top-10-chart-entry-zurueck\/","title":{"rendered":"LAFEE <br>LaFee meldet sich mit Top 10 Chart-Entry zur\u00fcck!"},"content":{"rendered":"<p><strong>\u201eZur\u00fcck in die Zukunft\u201c auf #7 der Offiziellen Deutschen Album Charts!<br \/>\n<\/strong><!--more--><\/p>\n<p>&nbsp;<\/p>\n<p>&nbsp;<\/p>\n<p>&nbsp;<\/p>\n<p style=\"text-align: justify;\">LaFee is back! Mit ihrem neuen Album \u201eZur\u00fcck in die Zukunft\u201c gelingt LaFee nach 10 Jahren musikalischer Pause ein fulminantes Top 10-Comeback: Ihr Longplayer steigt direkt auf Platz 7 der Offiziellen Deutschen Album Charts ein!<\/p>\n<p>&nbsp;<\/p>\n<p>&nbsp;<\/p>\n<p>&nbsp;<\/p>\n<p><strong>LaFee:<\/strong> \u201e<em>Die musikalische Auszeit war wichtig, doch ich habe immer gesp\u00fcrt \u201eDa fehlt etwas\u201c. Musik ist einfach meine Leidenschaft. Jetzt mit einem so tollen Chartentry zur\u00fcckzukehren, f\u00fchlt sich einfach gut an. Ich bin total happy, dass viele meiner Fans f\u00fcr sich jetzt auch die erwachsene LaFee entdeckt haben. Danke an mein Team, meinen Produzenten und nat\u00fcrlich an meine Familie, die immer an mich geglaubt hat!\u201c<\/em><\/p>\n<p>&nbsp;<\/p>\n<p>&nbsp;<\/p>\n<p><strong>Ken Otremba, 221Music \/ TELAMO-Gesch\u00e4ftsf\u00fchrer:<\/strong> <em>\u201eMit neuem musikalischem Konzept und zehn Jahre nach der letzten Ver\u00f6ffentlichung hat es LaFee auf Anhieb geschafft, die Fans auf ihre neue Reise mitzunehmen. Herzlichen Gl\u00fcckwunsch zum tollen Chartergebnis! <\/em><em>Dank an unsere Partner Starwatch Entertainment und Warner Music f\u00fcr ihre Unterst\u00fctzung!\u201c<\/em><\/p>\n<p>&nbsp;<\/p>\n<p>&nbsp;<\/p>\n<p><strong>Christian Geller, 221 MUSIC &amp; Produzent:<\/strong> <em>\u201eLaFee ist das Gesicht einer ganzen Generation. Dass wir jetzt &#8211; 15 Jahre nach ihrem ersten gro\u00dfen Erfolg &#8211; wieder ganz vorn mit dabei sind zeigt, was f\u00fcr eine Ausnahmek\u00fcnstlerin sie ist! Ich bin stolz darauf und dankbar daf\u00fcr, wie toll sie mein 80er Konzept tr\u00e4gt. Da kommt noch viel mehr!\u201c<\/em><\/p>\n<p>&nbsp;<\/p>\n<p>&nbsp;<\/p>\n<p style=\"text-align: justify;\"><strong>Sam Bittner,\u00a0Vice President Music &amp; Live Entertainment, Seven.One Starwatch:<\/strong> <em>\u201eSpitzen Charteinstieg. <\/em><em>Wir freuen uns mit LaFee und dem gesamten Team \u00fcber die starke Entwicklung des Albums. Auf in die Zukunft.\u201c <\/em><\/p>\n<p>&nbsp;<\/p>\n<p>&nbsp;<\/p>\n<p>&nbsp;<\/p>\n<p>F\u00fcr ihr Comeback-Album \u201eZur\u00fcck in die Zukunft\u201c geht LaFee auf eine musikalische Zeitreise und interpretiert unvergessene Pop-Meilensteine der 80er neu &amp; pr\u00e4sentiert obendrein vier brandneue Songs. So liest sich die Tracklist des Longplayers auch wie ein Who-is-Who der Achtziger \u2013 von Madonna bis a-ha, von Alphaville bis Falco, von Sandra bis Whitney Houston.<\/p>\n<p>F\u00fcr ihre aktuelle Single \u201eRock me Amadeus\u201c holt sich LaFee zum Album-Release einen virtuellen Duett-Gast an die Seite: In enger Abstimmung mit Falcos ehemaligem Management setzt Christian Geller den Klassiker von damals zeitgem\u00e4\u00df in Szene &#8211; erstmals als Duett mit den Originaltonspuren von Falco!<\/p>\n<p>LaFee hat die ersten Jahre des neuen Jahrtausends gepr\u00e4gt und dominiert wie kaum eine andere Musikerin in Deutschland: Zwei Nummer-1 Alben, wochenlange Chartplatzierungen, drei Echos, diverse Gold- und Platinauszeichnungen und bis heute \u00fcber 25 Millionen Streams &#8211; LaFee geh\u00f6rt ohne Zweifel zu den erfolgreichsten Interpret*innen der 2000er Jahre.\u00a0Bereits als 16-j\u00e4hrige feierte\u00a0die junge S\u00e4ngerin mit dem pr\u00e4gnanten Tattoo auf der Schl\u00e4fe\u00a0mit der Single &#8222;Virus&#8220; den ersten gro\u00dfen Erfolg und erreichte bereits mit ihrem Deb\u00fctalbum\u00a0\u201eLaFee&#8220; Platz 1 der Charts.<\/p>\n<p>Das Album \u201eZur\u00fcck in die Zukunft\u201c ist am 20. August bei 221 Music erschienen.<\/p>\n<p>&nbsp;<\/p>\n<p>&nbsp;<\/p>\n<p>&nbsp;<\/p>\n<p><img decoding=\"async\" loading=\"lazy\" class=\"alignnone size-full wp-image-170032\" src=\"https:\/\/smago.de\/ws2\/wp-content\/uploads\/2021\/08\/Bild-27.08.21-um-23.59.jpg\" alt=\"\" width=\"720\" height=\"720\" srcset=\"https:\/\/smago.de\/ws2\/wp-content\/uploads\/2021\/08\/Bild-27.08.21-um-23.59.jpg 720w, https:\/\/smago.de\/ws2\/wp-content\/uploads\/2021\/08\/Bild-27.08.21-um-23.59-522x522.jpg 522w, https:\/\/smago.de\/ws2\/wp-content\/uploads\/2021\/08\/Bild-27.08.21-um-23.59-150x150.jpg 150w, https:\/\/smago.de\/ws2\/wp-content\/uploads\/2021\/08\/Bild-27.08.21-um-23.59-272x272.jpg 272w, https:\/\/smago.de\/ws2\/wp-content\/uploads\/2021\/08\/Bild-27.08.21-um-23.59-600x600.jpg 600w, https:\/\/smago.de\/ws2\/wp-content\/uploads\/2021\/08\/Bild-27.08.21-um-23.59-130x130.jpg 130w, https:\/\/smago.de\/ws2\/wp-content\/uploads\/2021\/08\/Bild-27.08.21-um-23.59-445x445.jpg 445w, https:\/\/smago.de\/ws2\/wp-content\/uploads\/2021\/08\/Bild-27.08.21-um-23.59-190x190.jpg 190w, https:\/\/smago.de\/ws2\/wp-content\/uploads\/2021\/08\/Bild-27.08.21-um-23.59-290x290.jpg 290w\" sizes=\"(max-width: 720px) 100vw, 720px\" \/><\/p>\n","protected":false},"excerpt":{"rendered":"<p>\u201eZur\u00fcck in die Zukunft\u201c auf #7 der Offiziellen Deutschen Album Charts!<\/p>\n","protected":false},"author":2,"featured_media":170032,"comment_status":"open","ping_status":"closed","sticky":false,"template":"","format":"standard","meta":{"_FSMCFIC_featured_image_caption":"","_FSMCFIC_featured_image_nocaption":"","_FSMCFIC_featured_image_hide":""},"categories":[27],"tags":[1805],"acf":[],"_links":{"self":[{"href":"https:\/\/smago.de\/ws2\/wp-json\/wp\/v2\/posts\/170029"}],"collection":[{"href":"https:\/\/smago.de\/ws2\/wp-json\/wp\/v2\/posts"}],"about":[{"href":"https:\/\/smago.de\/ws2\/wp-json\/wp\/v2\/types\/post"}],"author":[{"embeddable":true,"href":"https:\/\/smago.de\/ws2\/wp-json\/wp\/v2\/users\/2"}],"replies":[{"embeddable":true,"href":"https:\/\/smago.de\/ws2\/wp-json\/wp\/v2\/comments?post=170029"}],"version-history":[{"count":3,"href":"https:\/\/smago.de\/ws2\/wp-json\/wp\/v2\/posts\/170029\/revisions"}],"predecessor-version":[{"id":170033,"href":"https:\/\/smago.de\/ws2\/wp-json\/wp\/v2\/posts\/170029\/revisions\/170033"}],"wp:featuredmedia":[{"embeddable":true,"href":"https:\/\/smago.de\/ws2\/wp-json\/wp\/v2\/media\/170032"}],"wp:attachment":[{"href":"https:\/\/smago.de\/ws2\/wp-json\/wp\/v2\/media?parent=170029"}],"wp:term":[{"taxonomy":"category","embeddable":true,"href":"https:\/\/smago.de\/ws2\/wp-json\/wp\/v2\/categories?post=170029"},{"taxonomy":"post_tag","embeddable":true,"href":"https:\/\/smago.de\/ws2\/wp-json\/wp\/v2\/tags?post=170029"}],"curies":[{"name":"wp","href":"https:\/\/api.w.org\/{rel}","templated":true}]}}