{"id":170000,"date":"2021-08-27T14:45:16","date_gmt":"2021-08-27T12:45:16","guid":{"rendered":"https:\/\/smago.de\/ws2\/?p=170000"},"modified":"2021-08-27T14:45:16","modified_gmt":"2021-08-27T12:45:16","slug":"das-supertalent-ehrlich-brothers-fest-in-der-jury-von-das-supertalent","status":"publish","type":"post","link":"https:\/\/smago.de\/ws2\/smago-informiert\/das-supertalent-ehrlich-brothers-fest-in-der-jury-von-das-supertalent\/","title":{"rendered":"&#8222;DAS SUPERTALENT&#8220; <br>Ehrlich Brothers fest in der Jury von &#8222;Das Supertalent&#8220;!"},"content":{"rendered":"<p>Mit Magie und gro\u00dfer Showerfahrung!<br \/>\n<!--more--><\/p>\n<p>&nbsp;<\/p>\n<p style=\"text-align: justify;\">Die Ehrlich Brothers sind jetzt fix in der neuen Jury von &#8222;Das Supertalent&#8220;! Sie geh\u00f6ren zu den ganz Gro\u00dfen ihres Fachs, ihre Shows sind spektakul\u00e4r \u2013 jetzt suchen die beiden Star-Magier gemeinsam mit Moderatorin, T\u00e4nzerin, S\u00e4ngerin und Schauspielerin Chantal Janzen und Modedesigner Michael Michalsky das neue Supertalent.<\/p>\n<p style=\"text-align: justify;\">Henning Tewes, Gesch\u00e4ftsf\u00fchrer RTL Television &amp; Co-Gesch\u00e4ftsleiter TVNOW: &#8222;Die Ehrlich Brothers sind auf den gr\u00f6\u00dften B\u00fchnen der Welt zu Hause. Wir freuen uns sehr, dass sie mit ihrer langj\u00e4hrigen Showerfahrung das Format bereichern und jetzt gemeinsam mit RTL das neue Supertalent suchen.&#8220;<\/p>\n<p style=\"text-align: justify;\">Andreas und Chris Ehrlich: &#8222;Die Neuausrichtung des Supertalents hat uns \u00fcberzeugt: Tolle Jury, tolles Moderationsteam. Wir sind total gespannt auf viele Talente und sind gerne dabei!&#8220;<\/p>\n<p style=\"text-align: justify;\">Schon morgen Abend sorgen die Ehrlich Brothers mit ihrem Auftritt in der Liveshow &#8222;RTL sagt Danke&#8220; ab 20.15 Uhr f\u00fcr magische Momente.<\/p>\n<p style=\"text-align: justify;\">In jeder Folge von &#8222;Das Supertalent&#8220; 2021 sind au\u00dferdem Gast-Juror:innen dabei, darunter Riccardo Simonetti und Motsi Mabuse. Lola Weippert und Chris Tall moderieren die neue Staffel. Die Entscheidungen, welche Talente ins Halbfinale weiterkommen, wird am Ende einer jeden Casting-Folge von den Juroren gemeinsam getroffen.<\/p>\n<p style=\"text-align: justify;\">Produziert wird &#8222;Das Supertalent&#8220; von UFA Show &amp; Factual im Auftrag von RTL. Die Redaktion liegt bei Jan Westphal, Milu Perez und Sina Lacey unter der Leitung von Kai Sturm.<\/p>\n<p>&nbsp;<\/p>\n<p>&nbsp;<\/p>\n<figure id=\"attachment_170001\" aria-describedby=\"caption-attachment-170001\" style=\"width: 800px\" class=\"wp-caption alignnone\"><img decoding=\"async\" loading=\"lazy\" class=\"size-large wp-image-170001\" src=\"https:\/\/smago.de\/ws2\/wp-content\/uploads\/2021\/08\/1792158-800x450.jpg\" alt=\"\" width=\"800\" height=\"450\" srcset=\"https:\/\/smago.de\/ws2\/wp-content\/uploads\/2021\/08\/1792158-800x450.jpg 800w, https:\/\/smago.de\/ws2\/wp-content\/uploads\/2021\/08\/1792158-522x294.jpg 522w, https:\/\/smago.de\/ws2\/wp-content\/uploads\/2021\/08\/1792158-267x150.jpg 267w, https:\/\/smago.de\/ws2\/wp-content\/uploads\/2021\/08\/1792158-768x432.jpg 768w, https:\/\/smago.de\/ws2\/wp-content\/uploads\/2021\/08\/1792158-1536x864.jpg 1536w, https:\/\/smago.de\/ws2\/wp-content\/uploads\/2021\/08\/1792158-2048x1152.jpg 2048w, https:\/\/smago.de\/ws2\/wp-content\/uploads\/2021\/08\/1792158-392x220.jpg 392w, https:\/\/smago.de\/ws2\/wp-content\/uploads\/2021\/08\/1792158-130x73.jpg 130w, https:\/\/smago.de\/ws2\/wp-content\/uploads\/2021\/08\/1792158-791x445.jpg 791w, https:\/\/smago.de\/ws2\/wp-content\/uploads\/2021\/08\/1792158-870x489.jpg 870w, https:\/\/smago.de\/ws2\/wp-content\/uploads\/2021\/08\/1792158-292x164.jpg 292w, https:\/\/smago.de\/ws2\/wp-content\/uploads\/2021\/08\/1792158-435x245.jpg 435w, https:\/\/smago.de\/ws2\/wp-content\/uploads\/2021\/08\/1792158-895x503.jpg 895w\" sizes=\"(max-width: 800px) 100vw, 800px\" \/><figcaption id=\"caption-attachment-170001\" class=\"wp-caption-text\"><em>Foto-Credit: <strong><a href=\"https:\/\/www.tvnow.de\">TVNOW<\/a><\/strong> \/ Stefan Gregorowius<\/em><\/figcaption><\/figure>\n","protected":false},"excerpt":{"rendered":"<p>Mit Magie und gro\u00dfer Showerfahrung!<\/p>\n","protected":false},"author":2,"featured_media":170001,"comment_status":"open","ping_status":"closed","sticky":false,"template":"","format":"standard","meta":{"_FSMCFIC_featured_image_caption":"","_FSMCFIC_featured_image_nocaption":"","_FSMCFIC_featured_image_hide":""},"categories":[33,128],"tags":[265],"acf":[],"_links":{"self":[{"href":"https:\/\/smago.de\/ws2\/wp-json\/wp\/v2\/posts\/170000"}],"collection":[{"href":"https:\/\/smago.de\/ws2\/wp-json\/wp\/v2\/posts"}],"about":[{"href":"https:\/\/smago.de\/ws2\/wp-json\/wp\/v2\/types\/post"}],"author":[{"embeddable":true,"href":"https:\/\/smago.de\/ws2\/wp-json\/wp\/v2\/users\/2"}],"replies":[{"embeddable":true,"href":"https:\/\/smago.de\/ws2\/wp-json\/wp\/v2\/comments?post=170000"}],"version-history":[{"count":1,"href":"https:\/\/smago.de\/ws2\/wp-json\/wp\/v2\/posts\/170000\/revisions"}],"predecessor-version":[{"id":170002,"href":"https:\/\/smago.de\/ws2\/wp-json\/wp\/v2\/posts\/170000\/revisions\/170002"}],"wp:featuredmedia":[{"embeddable":true,"href":"https:\/\/smago.de\/ws2\/wp-json\/wp\/v2\/media\/170001"}],"wp:attachment":[{"href":"https:\/\/smago.de\/ws2\/wp-json\/wp\/v2\/media?parent=170000"}],"wp:term":[{"taxonomy":"category","embeddable":true,"href":"https:\/\/smago.de\/ws2\/wp-json\/wp\/v2\/categories?post=170000"},{"taxonomy":"post_tag","embeddable":true,"href":"https:\/\/smago.de\/ws2\/wp-json\/wp\/v2\/tags?post=170000"}],"curies":[{"name":"wp","href":"https:\/\/api.w.org\/{rel}","templated":true}]}}