{"id":169980,"date":"2021-08-28T00:00:50","date_gmt":"2021-08-27T22:00:50","guid":{"rendered":"https:\/\/smago.de\/ws2\/?p=169980"},"modified":"2021-08-27T14:31:18","modified_gmt":"2021-08-27T12:31:18","slug":"florian-silbereisen-u-a-heute-28-08-2021-das-erste-ard-hirschhausens-quiz-des-menschen-2","status":"publish","type":"post","link":"https:\/\/smago.de\/ws2\/schlager\/florian-silbereisen-u-a-heute-28-08-2021-das-erste-ard-hirschhausens-quiz-des-menschen-2\/","title":{"rendered":"FLORIAN SILBEREISEN u.a. <br>Heute (28.08.2021), Das Erste \/ ARD: &#8222;Hirschhausens Quiz des Menschen (2)&#8220;!"},"content":{"rendered":"<p>20:15 Uhr &#8211; 23:15 Uhr! Sehen Sie HIER den Vorschau-Trailer &#8230;:<br \/>\n<!--more--><\/p>\n<p>&nbsp;<\/p>\n<p>&nbsp;<\/p>\n<p class=\"text small\" style=\"text-align: justify;\">Eineiige Zwillinge \u00fcben von jeher eine gro\u00dfe Faszination auf uns Menschen aus. Doch verbindet sie neben dem identischen Erbgut tats\u00e4chlich auch eine Seelenverwandtschaft? Was unterscheidet sie von einfachen Geschwistern? Und warum nimmt die Zahl der Mehrlingsgeburten stetig zu? Diesen und anderen genetischen Ph\u00e4nomenen widmet sich Dr. Eckart von Hirschhausen mit seinen prominenten G\u00e4sten. Mit dabei sind: Traumschiff-Kapit\u00e4n Florian Silbereisen, Comedienne Meltem Kaptan, Schauspieler und Komiker Michael Kessler, Moderatorin Jana Ina Zarrella, Wetterexperte Sven Pl\u00f6ger und Sportmoderatorin Esther Sedlaczek.<\/p>\n<p class=\"text small\" style=\"text-align: justify;\">Die YouTube-Zwillinge Dennis und Benni von \u201eWorld Wide Wohnzimmer\u201c plaudern im Studio aus dem N\u00e4hk\u00e4stchen und stellen die Spielfreude der Rateteams auf die Probe.<\/p>\n<p class=\"text small\" style=\"text-align: justify;\">Eckart von Hirschhausen: \u201eWas f\u00fcr tolle G\u00e4ste und Themen. Und nach \u00fcber zehn Jahren mit dem Quiz des Menschen wei\u00df ich: das Beste sind die Momente, die spontan entstehen. Die Zuschauerinnen und Zuschauer d\u00fcrfen sich auf die Sendung freuen \u2013 ich tue es auch!\u201c<\/p>\n<p class=\"text small\" style=\"text-align: justify;\">Vogelgezwitscher, Flugl\u00e4rm, Kinderlachen \u2013 Tag und Nacht leben wir in einer Welt der Dauerbeschallung. Die Folge: Unser K\u00f6rper reagiert mit Stress und erh\u00f6htem Blutdruck. Aber wie kann diese k\u00f6rperliche Reaktion ausgeglichen werden? Und wie reagiert der Organismus auf absolute Ruhe? Schauspielerin Janine Kunze macht den Test: Sie begibt sich an D\u00fcsseldorfs stillsten Ort \u2013 den schalltoten Raum der Hochschule. Welche Auswirkungen hat die Ruhe auf die Mutter dreier Kinder, die eigentlich immer unter Strom steht?<\/p>\n<p class=\"text small\" style=\"text-align: justify;\">Wir tun es sechs bis achtmal am Tag. Durchschnittlich dauert es 21 Sekunden. Dabei geben wir 400 bis 600 ml Fl\u00fcssigkeit ab. Die Rede ist vom t\u00e4glichen Gang zum stillen \u00d6rtchen. \u201eHirschhausens Quiz des Menschen fragt unter anderem , wie der Harn-Rohstoff optimal genutzt werden k\u00f6nnte.<\/p>\n<p class=\"text small\" style=\"text-align: justify;\">Frank Elstner, Muhammed Ali und Michael J. Fox \u2013 diese Promis eint vor allem ihr Kampf mit der Krankheit Parkinson. Bei dieser unheilbaren Errankung sterben nach und nach im Gehirn die Nervenzellen ab, die Dopamin aussch\u00fctten. Dies f\u00fchrt zu St\u00f6rungen des Bewegungsablaufes wie Muskelzittern, Verlangsamung und Steifigkeit. Dr. Eckart von Hirschhausen trifft die 42-J\u00e4hrige Parkinson-Patientin Kathrin Wersing. Die Mutter zweier S\u00f6hne erhielt vor zwei Jahren die Schock-Diagnose. Wie bew\u00e4ltigt sie ihren Alltag? Gibt es Fr\u00fcherkennungsmerkmale? Und mit welchen Hilfsmitteln erfahren Patienten im t\u00e4glichen Leben Erleichterung?<\/p>\n<p class=\"text small\" style=\"text-align: justify;\">Diese Sendung ist nach der Ausstrahlung zw\u00f6lf Monate lang in der ARD Mediathek verf\u00fcgbar.<\/p>\n<p>&nbsp;<\/p>\n<p>&nbsp;<\/p>\n<p>Sehen Sie <strong><a href=\"https:\/\/presse.daserste.de\/programm\/programmablauf\/vorschau-hirschhausens-quiz-des-menschen-folge-2-video-106.html\">HIER<\/a><\/strong> den Vorschau-Trailer!<\/p>\n<p>&nbsp;<\/p>\n<p>&nbsp;<\/p>\n<figure id=\"attachment_169982\" aria-describedby=\"caption-attachment-169982\" style=\"width: 800px\" class=\"wp-caption alignnone\"><img decoding=\"async\" loading=\"lazy\" class=\"size-large wp-image-169982\" src=\"https:\/\/smago.de\/ws2\/wp-content\/uploads\/2021\/08\/20_Hirschhausens_Quiz_des_Menschen_PW3521-800x528.jpg\" alt=\"\" width=\"800\" height=\"528\" srcset=\"https:\/\/smago.de\/ws2\/wp-content\/uploads\/2021\/08\/20_Hirschhausens_Quiz_des_Menschen_PW3521-800x528.jpg 800w, https:\/\/smago.de\/ws2\/wp-content\/uploads\/2021\/08\/20_Hirschhausens_Quiz_des_Menschen_PW3521-522x345.jpg 522w, https:\/\/smago.de\/ws2\/wp-content\/uploads\/2021\/08\/20_Hirschhausens_Quiz_des_Menschen_PW3521-227x150.jpg 227w, https:\/\/smago.de\/ws2\/wp-content\/uploads\/2021\/08\/20_Hirschhausens_Quiz_des_Menschen_PW3521-768x507.jpg 768w, https:\/\/smago.de\/ws2\/wp-content\/uploads\/2021\/08\/20_Hirschhausens_Quiz_des_Menschen_PW3521-1536x1014.jpg 1536w, https:\/\/smago.de\/ws2\/wp-content\/uploads\/2021\/08\/20_Hirschhausens_Quiz_des_Menschen_PW3521-2048x1352.jpg 2048w, https:\/\/smago.de\/ws2\/wp-content\/uploads\/2021\/08\/20_Hirschhausens_Quiz_des_Menschen_PW3521-392x259.jpg 392w, https:\/\/smago.de\/ws2\/wp-content\/uploads\/2021\/08\/20_Hirschhausens_Quiz_des_Menschen_PW3521-130x86.jpg 130w, https:\/\/smago.de\/ws2\/wp-content\/uploads\/2021\/08\/20_Hirschhausens_Quiz_des_Menschen_PW3521-674x445.jpg 674w, https:\/\/smago.de\/ws2\/wp-content\/uploads\/2021\/08\/20_Hirschhausens_Quiz_des_Menschen_PW3521-791x522.jpg 791w, https:\/\/smago.de\/ws2\/wp-content\/uploads\/2021\/08\/20_Hirschhausens_Quiz_des_Menschen_PW3521-288x190.jpg 288w, https:\/\/smago.de\/ws2\/wp-content\/uploads\/2021\/08\/20_Hirschhausens_Quiz_des_Menschen_PW3521-435x287.jpg 435w, https:\/\/smago.de\/ws2\/wp-content\/uploads\/2021\/08\/20_Hirschhausens_Quiz_des_Menschen_PW3521-150x100.jpg 150w\" sizes=\"(max-width: 800px) 100vw, 800px\" \/><figcaption id=\"caption-attachment-169982\" class=\"wp-caption-text\"><em>Florian Silbereisen (l) und Jana Ina Zarrella (r) sollen mit den F\u00fc\u00dfen antworten. Jeder Schritt z\u00e4hlt \u2013 und die Fragen von Eckart von Hirschhausen (M) bringen die beiden richtig ins Schwitzen<\/em><\/p>\n<p><em>\u00a9 WDR \/ Ben Knabe<\/em><\/figcaption><\/figure>\n<figure id=\"attachment_169983\" aria-describedby=\"caption-attachment-169983\" style=\"width: 800px\" class=\"wp-caption alignnone\"><img decoding=\"async\" loading=\"lazy\" class=\"size-large wp-image-169983\" src=\"https:\/\/smago.de\/ws2\/wp-content\/uploads\/2021\/08\/22_Hirschhausens_Quiz_des_Menschen_PW3521-800x528.jpg\" alt=\"\" width=\"800\" height=\"528\" srcset=\"https:\/\/smago.de\/ws2\/wp-content\/uploads\/2021\/08\/22_Hirschhausens_Quiz_des_Menschen_PW3521-800x528.jpg 800w, https:\/\/smago.de\/ws2\/wp-content\/uploads\/2021\/08\/22_Hirschhausens_Quiz_des_Menschen_PW3521-522x345.jpg 522w, https:\/\/smago.de\/ws2\/wp-content\/uploads\/2021\/08\/22_Hirschhausens_Quiz_des_Menschen_PW3521-227x150.jpg 227w, https:\/\/smago.de\/ws2\/wp-content\/uploads\/2021\/08\/22_Hirschhausens_Quiz_des_Menschen_PW3521-768x507.jpg 768w, https:\/\/smago.de\/ws2\/wp-content\/uploads\/2021\/08\/22_Hirschhausens_Quiz_des_Menschen_PW3521-1536x1014.jpg 1536w, https:\/\/smago.de\/ws2\/wp-content\/uploads\/2021\/08\/22_Hirschhausens_Quiz_des_Menschen_PW3521-2048x1352.jpg 2048w, https:\/\/smago.de\/ws2\/wp-content\/uploads\/2021\/08\/22_Hirschhausens_Quiz_des_Menschen_PW3521-392x259.jpg 392w, https:\/\/smago.de\/ws2\/wp-content\/uploads\/2021\/08\/22_Hirschhausens_Quiz_des_Menschen_PW3521-130x86.jpg 130w, https:\/\/smago.de\/ws2\/wp-content\/uploads\/2021\/08\/22_Hirschhausens_Quiz_des_Menschen_PW3521-674x445.jpg 674w, https:\/\/smago.de\/ws2\/wp-content\/uploads\/2021\/08\/22_Hirschhausens_Quiz_des_Menschen_PW3521-791x522.jpg 791w, https:\/\/smago.de\/ws2\/wp-content\/uploads\/2021\/08\/22_Hirschhausens_Quiz_des_Menschen_PW3521-288x190.jpg 288w, https:\/\/smago.de\/ws2\/wp-content\/uploads\/2021\/08\/22_Hirschhausens_Quiz_des_Menschen_PW3521-435x287.jpg 435w, https:\/\/smago.de\/ws2\/wp-content\/uploads\/2021\/08\/22_Hirschhausens_Quiz_des_Menschen_PW3521-150x100.jpg 150w\" sizes=\"(max-width: 800px) 100vw, 800px\" \/><figcaption id=\"caption-attachment-169983\" class=\"wp-caption-text\"><em>Kopfh\u00f6rer auf und abgeschottet: Kann Esther Sedlaczek (l) trotzdem erkennen, was Sven Ploeger (r) ihr zuruft? Eckart von Hirschhausen (hinten) und Florian Silbereisen (Videowand, hinten) fiebern mit<\/em><\/p>\n<p><em>\u00a9 WDR \/ Ben Knabe<\/em><\/figcaption><\/figure>\n<figure id=\"attachment_169984\" aria-describedby=\"caption-attachment-169984\" style=\"width: 800px\" class=\"wp-caption alignnone\"><img decoding=\"async\" loading=\"lazy\" class=\"size-large wp-image-169984\" src=\"https:\/\/smago.de\/ws2\/wp-content\/uploads\/2021\/08\/14_Hirschhausens_Quiz_des_Menschen_PW3521-800x448.jpg\" alt=\"\" width=\"800\" height=\"448\" srcset=\"https:\/\/smago.de\/ws2\/wp-content\/uploads\/2021\/08\/14_Hirschhausens_Quiz_des_Menschen_PW3521-800x448.jpg 800w, https:\/\/smago.de\/ws2\/wp-content\/uploads\/2021\/08\/14_Hirschhausens_Quiz_des_Menschen_PW3521-522x292.jpg 522w, https:\/\/smago.de\/ws2\/wp-content\/uploads\/2021\/08\/14_Hirschhausens_Quiz_des_Menschen_PW3521-268x150.jpg 268w, https:\/\/smago.de\/ws2\/wp-content\/uploads\/2021\/08\/14_Hirschhausens_Quiz_des_Menschen_PW3521-768x430.jpg 768w, https:\/\/smago.de\/ws2\/wp-content\/uploads\/2021\/08\/14_Hirschhausens_Quiz_des_Menschen_PW3521-1536x860.jpg 1536w, https:\/\/smago.de\/ws2\/wp-content\/uploads\/2021\/08\/14_Hirschhausens_Quiz_des_Menschen_PW3521-2048x1147.jpg 2048w, https:\/\/smago.de\/ws2\/wp-content\/uploads\/2021\/08\/14_Hirschhausens_Quiz_des_Menschen_PW3521-392x220.jpg 392w, https:\/\/smago.de\/ws2\/wp-content\/uploads\/2021\/08\/14_Hirschhausens_Quiz_des_Menschen_PW3521-130x73.jpg 130w, https:\/\/smago.de\/ws2\/wp-content\/uploads\/2021\/08\/14_Hirschhausens_Quiz_des_Menschen_PW3521-794x445.jpg 794w, https:\/\/smago.de\/ws2\/wp-content\/uploads\/2021\/08\/14_Hirschhausens_Quiz_des_Menschen_PW3521-870x487.jpg 870w, https:\/\/smago.de\/ws2\/wp-content\/uploads\/2021\/08\/14_Hirschhausens_Quiz_des_Menschen_PW3521-292x164.jpg 292w, https:\/\/smago.de\/ws2\/wp-content\/uploads\/2021\/08\/14_Hirschhausens_Quiz_des_Menschen_PW3521-435x244.jpg 435w\" sizes=\"(max-width: 800px) 100vw, 800px\" \/><figcaption id=\"caption-attachment-169984\" class=\"wp-caption-text\"><em>(v.l.n.r.) Michael Kessler, Meltem Kaplan, Florian Silbereisen, Esther Sedlaczek, Sven Ploeger, Jana Ina Zarrella<\/em><\/p>\n<p><em>\u00a9 WDR \/ Ben Knabe<\/em><\/figcaption><\/figure>\n<p>&nbsp;<\/p>\n<figure id=\"attachment_169986\" aria-describedby=\"caption-attachment-169986\" style=\"width: 800px\" class=\"wp-caption alignnone\"><img decoding=\"async\" loading=\"lazy\" class=\"size-large wp-image-169986\" src=\"https:\/\/smago.de\/ws2\/wp-content\/uploads\/2021\/08\/19_Hirschhausens_Quiz_des_Menschen_PW3521-800x528.jpg\" alt=\"\" width=\"800\" height=\"528\" srcset=\"https:\/\/smago.de\/ws2\/wp-content\/uploads\/2021\/08\/19_Hirschhausens_Quiz_des_Menschen_PW3521-800x528.jpg 800w, https:\/\/smago.de\/ws2\/wp-content\/uploads\/2021\/08\/19_Hirschhausens_Quiz_des_Menschen_PW3521-522x345.jpg 522w, https:\/\/smago.de\/ws2\/wp-content\/uploads\/2021\/08\/19_Hirschhausens_Quiz_des_Menschen_PW3521-227x150.jpg 227w, https:\/\/smago.de\/ws2\/wp-content\/uploads\/2021\/08\/19_Hirschhausens_Quiz_des_Menschen_PW3521-768x507.jpg 768w, https:\/\/smago.de\/ws2\/wp-content\/uploads\/2021\/08\/19_Hirschhausens_Quiz_des_Menschen_PW3521-1536x1014.jpg 1536w, https:\/\/smago.de\/ws2\/wp-content\/uploads\/2021\/08\/19_Hirschhausens_Quiz_des_Menschen_PW3521-2048x1352.jpg 2048w, https:\/\/smago.de\/ws2\/wp-content\/uploads\/2021\/08\/19_Hirschhausens_Quiz_des_Menschen_PW3521-392x259.jpg 392w, https:\/\/smago.de\/ws2\/wp-content\/uploads\/2021\/08\/19_Hirschhausens_Quiz_des_Menschen_PW3521-130x86.jpg 130w, https:\/\/smago.de\/ws2\/wp-content\/uploads\/2021\/08\/19_Hirschhausens_Quiz_des_Menschen_PW3521-674x445.jpg 674w, https:\/\/smago.de\/ws2\/wp-content\/uploads\/2021\/08\/19_Hirschhausens_Quiz_des_Menschen_PW3521-791x522.jpg 791w, https:\/\/smago.de\/ws2\/wp-content\/uploads\/2021\/08\/19_Hirschhausens_Quiz_des_Menschen_PW3521-288x190.jpg 288w, https:\/\/smago.de\/ws2\/wp-content\/uploads\/2021\/08\/19_Hirschhausens_Quiz_des_Menschen_PW3521-435x287.jpg 435w, https:\/\/smago.de\/ws2\/wp-content\/uploads\/2021\/08\/19_Hirschhausens_Quiz_des_Menschen_PW3521-150x100.jpg 150w\" sizes=\"(max-width: 800px) 100vw, 800px\" \/><figcaption id=\"caption-attachment-169986\" class=\"wp-caption-text\"><em>(v.l.n.r.) Eckart von Hirschhausen (r) mit seinen G\u00e4sten v.l.n.r. Michael Kessler, Meltem Kaplan, Florian Silbereisen<\/em><\/p>\n<p><em>\u00a9 WDR \/ Ben Knabe<\/em><\/figcaption><\/figure>\n<p>&nbsp;<\/p>\n<p>&nbsp;<\/p>\n<p>&nbsp;<\/p>\n<p>&nbsp;<\/p>\n<figure id=\"attachment_169981\" aria-describedby=\"caption-attachment-169981\" style=\"width: 800px\" class=\"wp-caption alignnone\"><img decoding=\"async\" loading=\"lazy\" class=\"size-large wp-image-169981\" src=\"https:\/\/smago.de\/ws2\/wp-content\/uploads\/2021\/08\/17_Hirschhausens_Quiz_des_Menschen_PW3521-800x528.jpg\" alt=\"\" width=\"800\" height=\"528\" srcset=\"https:\/\/smago.de\/ws2\/wp-content\/uploads\/2021\/08\/17_Hirschhausens_Quiz_des_Menschen_PW3521-800x528.jpg 800w, https:\/\/smago.de\/ws2\/wp-content\/uploads\/2021\/08\/17_Hirschhausens_Quiz_des_Menschen_PW3521-522x345.jpg 522w, https:\/\/smago.de\/ws2\/wp-content\/uploads\/2021\/08\/17_Hirschhausens_Quiz_des_Menschen_PW3521-227x150.jpg 227w, https:\/\/smago.de\/ws2\/wp-content\/uploads\/2021\/08\/17_Hirschhausens_Quiz_des_Menschen_PW3521-768x507.jpg 768w, https:\/\/smago.de\/ws2\/wp-content\/uploads\/2021\/08\/17_Hirschhausens_Quiz_des_Menschen_PW3521-1536x1014.jpg 1536w, https:\/\/smago.de\/ws2\/wp-content\/uploads\/2021\/08\/17_Hirschhausens_Quiz_des_Menschen_PW3521-2048x1352.jpg 2048w, https:\/\/smago.de\/ws2\/wp-content\/uploads\/2021\/08\/17_Hirschhausens_Quiz_des_Menschen_PW3521-392x259.jpg 392w, https:\/\/smago.de\/ws2\/wp-content\/uploads\/2021\/08\/17_Hirschhausens_Quiz_des_Menschen_PW3521-130x86.jpg 130w, https:\/\/smago.de\/ws2\/wp-content\/uploads\/2021\/08\/17_Hirschhausens_Quiz_des_Menschen_PW3521-674x445.jpg 674w, https:\/\/smago.de\/ws2\/wp-content\/uploads\/2021\/08\/17_Hirschhausens_Quiz_des_Menschen_PW3521-791x522.jpg 791w, https:\/\/smago.de\/ws2\/wp-content\/uploads\/2021\/08\/17_Hirschhausens_Quiz_des_Menschen_PW3521-288x190.jpg 288w, https:\/\/smago.de\/ws2\/wp-content\/uploads\/2021\/08\/17_Hirschhausens_Quiz_des_Menschen_PW3521-435x287.jpg 435w, https:\/\/smago.de\/ws2\/wp-content\/uploads\/2021\/08\/17_Hirschhausens_Quiz_des_Menschen_PW3521-150x100.jpg 150w\" sizes=\"(max-width: 800px) 100vw, 800px\" \/><figcaption id=\"caption-attachment-169981\" class=\"wp-caption-text\"><em>G\u00e4ste in der Sendung, v.l.n.r. Michael Kessler, Meltem Kaplan und Florian Silbereisen<\/em><\/p>\n<p><em>\u00a9 WDR \/ Ben Knabe<\/em><\/figcaption><\/figure>\n","protected":false},"excerpt":{"rendered":"<p>20:15 Uhr &#8211; 23:15 Uhr! Sehen Sie HIER den Vorschau-Trailer &#8230;:<\/p>\n","protected":false},"author":2,"featured_media":169981,"comment_status":"open","ping_status":"closed","sticky":false,"template":"","format":"standard","meta":{"_FSMCFIC_featured_image_caption":"","_FSMCFIC_featured_image_nocaption":"","_FSMCFIC_featured_image_hide":""},"categories":[29,128],"tags":[544],"acf":[],"_links":{"self":[{"href":"https:\/\/smago.de\/ws2\/wp-json\/wp\/v2\/posts\/169980"}],"collection":[{"href":"https:\/\/smago.de\/ws2\/wp-json\/wp\/v2\/posts"}],"about":[{"href":"https:\/\/smago.de\/ws2\/wp-json\/wp\/v2\/types\/post"}],"author":[{"embeddable":true,"href":"https:\/\/smago.de\/ws2\/wp-json\/wp\/v2\/users\/2"}],"replies":[{"embeddable":true,"href":"https:\/\/smago.de\/ws2\/wp-json\/wp\/v2\/comments?post=169980"}],"version-history":[{"count":3,"href":"https:\/\/smago.de\/ws2\/wp-json\/wp\/v2\/posts\/169980\/revisions"}],"predecessor-version":[{"id":169993,"href":"https:\/\/smago.de\/ws2\/wp-json\/wp\/v2\/posts\/169980\/revisions\/169993"}],"wp:featuredmedia":[{"embeddable":true,"href":"https:\/\/smago.de\/ws2\/wp-json\/wp\/v2\/media\/169981"}],"wp:attachment":[{"href":"https:\/\/smago.de\/ws2\/wp-json\/wp\/v2\/media?parent=169980"}],"wp:term":[{"taxonomy":"category","embeddable":true,"href":"https:\/\/smago.de\/ws2\/wp-json\/wp\/v2\/categories?post=169980"},{"taxonomy":"post_tag","embeddable":true,"href":"https:\/\/smago.de\/ws2\/wp-json\/wp\/v2\/tags?post=169980"}],"curies":[{"name":"wp","href":"https:\/\/api.w.org\/{rel}","templated":true}]}}