{"id":169807,"date":"2021-08-25T16:25:36","date_gmt":"2021-08-25T14:25:36","guid":{"rendered":"https:\/\/smago.de\/ws2\/?p=169807"},"modified":"2021-08-25T16:25:36","modified_gmt":"2021-08-25T14:25:36","slug":"das-supertalent-so-geht-es-weiter-bei-das-supertalent","status":"publish","type":"post","link":"https:\/\/smago.de\/ws2\/smago-informiert\/das-supertalent-so-geht-es-weiter-bei-das-supertalent\/","title":{"rendered":"&#8222;DAS SUPERTALENT&#8220; <br>So geht es weiter bei &#8222;Das Supertalent&#8220; &#8230;!"},"content":{"rendered":"<p>Das Chaos ist gro\u00df! Doch RTL ist ja auch nicht dumm &#8230;:<br \/>\n<!--more--><\/p>\n<p style=\"text-align: justify;\">\n<p style=\"text-align: justify;\">\n<p style=\"text-align: justify;\">Die Aufzeichnungen von &#8222;Das Supertalent&#8220; haben gerade begonnen, da ist f\u00fcr einen Juror schon Schluss \u2013 Lukas Podolski wurde positiv auf Covid 19 getestet. Poldi: &#8222;Mich hat&#8217;s leider erwischt. Ich habe Corona und muss leider erstmal in die Quarant\u00e4ne. Ich habe keine Symptome, mir geht\u2019s so wie die letzten Monate und Wochen auch. Was weh tut, ist, dass ich heute nicht da sein kann in meiner Halle und heute beim &#8218;Supertalent&#8216;, weil ich mich sehr sehr darauf gefreut habe. Ich hatte sehr, sehr viel Spa\u00df und das f\u00e4llt jetzt erst mal weg. Das ist erst mal bitter, aber das Leben geht weiter.&#8220; Aufgrund der 14-t\u00e4gigen Quarant\u00e4ne wird Lukas Podolski an den Jurycastings von &#8222;Das Supertalent&#8220; nicht teilnehmen k\u00f6nnen.<\/p>\n<p style=\"text-align: justify;\">Chantal Janzen befindet sich bis auf Weiteres ebenfalls in Quarant\u00e4ne. Der Grund: Auch sie wurde gestern positiv auf Covid 19 getestet. Der heutige Test fiel negativ aus, trotzdem \u2013 Sicherheit geht vor. Chantal Janzen: &#8222;Weil Gesundheit f\u00fcr mich immer an erster Stelle steht und ich absolut kein Risiko eingehen will, weder f\u00fcr mich noch f\u00fcr andere, haben wir trotz meines letzten negativen Tests entschieden, noch eine weitere intensivere Laboruntersuchung abzuwarten. Ich habe keine Symptome, bin vollst\u00e4ndig geimpft und habe Tante Conny Covid bereits im vergangenen Jahr gehabt.&#8220; F\u00fcr sie k\u00f6nnte es je nach Ergebnis der Laboruntersuchungen in den n\u00e4chsten Tagen bei &#8222;Das Supertalent&#8220; weitergehen.<\/p>\n<p style=\"text-align: justify;\">Die Aufzeichnungen zu &#8222;Das Supertalent&#8220; werden fortgesetzt, Chris Tall und Lola Weippert moderieren die Talentshow. Neben Michael Michalsky sitzen heute die Ehrlich Brothers, Motsi Mabuse und Riccardo Simonetti in der Jury. Alle weiteren Informationen zu &#8222;Das Supertalent&#8220; werden wir zu gegebener Zeit bekannt geben.<\/p>\n<p>&nbsp;<\/p>\n<p>&nbsp;<\/p>\n<figure id=\"attachment_169808\" aria-describedby=\"caption-attachment-169808\" style=\"width: 800px\" class=\"wp-caption alignnone\"><img decoding=\"async\" loading=\"lazy\" class=\"size-large wp-image-169808\" src=\"https:\/\/smago.de\/ws2\/wp-content\/uploads\/2021\/08\/dassupertalent-800x450.jpg\" alt=\"\" width=\"800\" height=\"450\" srcset=\"https:\/\/smago.de\/ws2\/wp-content\/uploads\/2021\/08\/dassupertalent-800x450.jpg 800w, https:\/\/smago.de\/ws2\/wp-content\/uploads\/2021\/08\/dassupertalent-522x294.jpg 522w, https:\/\/smago.de\/ws2\/wp-content\/uploads\/2021\/08\/dassupertalent-267x150.jpg 267w, https:\/\/smago.de\/ws2\/wp-content\/uploads\/2021\/08\/dassupertalent-768x432.jpg 768w, https:\/\/smago.de\/ws2\/wp-content\/uploads\/2021\/08\/dassupertalent-392x221.jpg 392w, https:\/\/smago.de\/ws2\/wp-content\/uploads\/2021\/08\/dassupertalent-130x73.jpg 130w, https:\/\/smago.de\/ws2\/wp-content\/uploads\/2021\/08\/dassupertalent-791x445.jpg 791w, https:\/\/smago.de\/ws2\/wp-content\/uploads\/2021\/08\/dassupertalent-870x489.jpg 870w, https:\/\/smago.de\/ws2\/wp-content\/uploads\/2021\/08\/dassupertalent-292x164.jpg 292w, https:\/\/smago.de\/ws2\/wp-content\/uploads\/2021\/08\/dassupertalent-435x245.jpg 435w, https:\/\/smago.de\/ws2\/wp-content\/uploads\/2021\/08\/dassupertalent-895x503.jpg 895w, https:\/\/smago.de\/ws2\/wp-content\/uploads\/2021\/08\/dassupertalent.jpg 1150w\" sizes=\"(max-width: 800px) 100vw, 800px\" \/><figcaption id=\"caption-attachment-169808\" class=\"wp-caption-text\"><em>Foto-Credit: TVNOW<\/em><\/figcaption><\/figure>\n","protected":false},"excerpt":{"rendered":"<p>Das Chaos ist gro\u00df! Doch RTL ist ja auch nicht dumm &#8230;:<\/p>\n","protected":false},"author":2,"featured_media":169808,"comment_status":"open","ping_status":"closed","sticky":false,"template":"","format":"standard","meta":{"_FSMCFIC_featured_image_caption":"","_FSMCFIC_featured_image_nocaption":"","_FSMCFIC_featured_image_hide":""},"categories":[33,128],"tags":[265],"acf":[],"_links":{"self":[{"href":"https:\/\/smago.de\/ws2\/wp-json\/wp\/v2\/posts\/169807"}],"collection":[{"href":"https:\/\/smago.de\/ws2\/wp-json\/wp\/v2\/posts"}],"about":[{"href":"https:\/\/smago.de\/ws2\/wp-json\/wp\/v2\/types\/post"}],"author":[{"embeddable":true,"href":"https:\/\/smago.de\/ws2\/wp-json\/wp\/v2\/users\/2"}],"replies":[{"embeddable":true,"href":"https:\/\/smago.de\/ws2\/wp-json\/wp\/v2\/comments?post=169807"}],"version-history":[{"count":1,"href":"https:\/\/smago.de\/ws2\/wp-json\/wp\/v2\/posts\/169807\/revisions"}],"predecessor-version":[{"id":169809,"href":"https:\/\/smago.de\/ws2\/wp-json\/wp\/v2\/posts\/169807\/revisions\/169809"}],"wp:featuredmedia":[{"embeddable":true,"href":"https:\/\/smago.de\/ws2\/wp-json\/wp\/v2\/media\/169808"}],"wp:attachment":[{"href":"https:\/\/smago.de\/ws2\/wp-json\/wp\/v2\/media?parent=169807"}],"wp:term":[{"taxonomy":"category","embeddable":true,"href":"https:\/\/smago.de\/ws2\/wp-json\/wp\/v2\/categories?post=169807"},{"taxonomy":"post_tag","embeddable":true,"href":"https:\/\/smago.de\/ws2\/wp-json\/wp\/v2\/tags?post=169807"}],"curies":[{"name":"wp","href":"https:\/\/api.w.org\/{rel}","templated":true}]}}