{"id":169786,"date":"2021-08-27T00:00:03","date_gmt":"2021-08-26T22:00:03","guid":{"rendered":"https:\/\/smago.de\/ws2\/?p=169786"},"modified":"2021-08-25T10:47:26","modified_gmt":"2021-08-25T08:47:26","slug":"reiner-kirsten-mit-der-doppel-cd-das-beste-zum-jubilaeum-feiert-er-sein-25-jaehriges-jubilaeum-als-solist","status":"publish","type":"post","link":"https:\/\/smago.de\/ws2\/schlager\/reiner-kirsten-mit-der-doppel-cd-das-beste-zum-jubilaeum-feiert-er-sein-25-jaehriges-jubilaeum-als-solist\/","title":{"rendered":"REINER KIRSTEN <br>Mit der Doppel-CD &#8222;Das Beste zum Jubil\u00e4um\u201c feiert er sein 25-j\u00e4hriges Jubil\u00e4um als Solist!"},"content":{"rendered":"<p>Lesen Sie HIER einen (hervorragenden!) Beitrag von Eva Rau\u00df\u00a0&#8230;:<br \/>\n<!--more--><\/p>\n<p>&nbsp;<\/p>\n<p>&nbsp;<\/p>\n<p style=\"text-align: justify;\">Stolz darf sich der Schwarzw\u00e4lder REINER KIRSTEN inzwischen an 25 Jahre seiner Solokarriere als Schlagerinterpret erinnern.<\/p>\n<p>B\u00fchnenerfahrung hat er durch das Musizieren mit seiner musikalischen Gro\u00dffamilie allerdings schon seit seinem Schulalter gesammelt. So reicht sein musikalischer Erfahrungsschatz auf wenigstens 45 Jahre musikalischen Schaffens zur\u00fcck.<\/p>\n<p style=\"text-align: justify;\">Zu einer solchen Erinnerung geh\u00f6rt auch das bewusste eigene Miterleben, auf welche Weise die Musik \u2013 nat\u00fcrlich auch die eigene \u2013 das gesellschaftliche und soziale Miteinander mitgestaltete und wie sich das Musikbusiness \u2013 also das Gesch\u00e4ft mit der Musik &#8211; in dieser Zeitspanne ver\u00e4ndert hat.<\/p>\n<p style=\"text-align: justify;\">\u201eGut und Geld gibt es zu viel auf der Welt\u201c lautet die Zeile eines Schlagers, mit welcher sie genau auf den Punkt trifft, in welchem Zeitgeist sich die Welt zu bewegen scheint. Sehr leicht treten tragende, wesentliche Werte wie Schatten ihrer selbst in den Hintergrund, wenn es selbst im k\u00fcnstlerischen Tun wie in der Musik nur noch vordergr\u00fcndig um Freude, aber bei genauerer Betrachtung tats\u00e4chlich nur noch ums Geldverdienen geht.<\/p>\n<p style=\"text-align: justify;\">Aufgewachsen ist Reiner Kirsten, der Schlagers\u00e4nger aus dem Elztal, noch zu einer Zeit, in der das gemeinsame Musizieren nicht nur in seiner Familie das Familienleben begleitete und dar\u00fcber hinaus die Musikgruppierungen das d\u00f6rfliche Leben ganz selbstverst\u00e4ndlich und in hohem Ma\u00df mitgestalteten.<\/p>\n<p style=\"text-align: justify;\">In den 25 Jahren eigener Solokarriere im Schlagerbereich kamen im Verlauf seines Berufsweges f\u00fcr den jetzt 51j\u00e4hrigen S\u00e4nger immer wieder viele Live-Moderationen auf Festb\u00fchnen hinzu, dann sogar die Arbeit als Radio- und TV-Moderator, bei der er einen gro\u00dfen Anklang und die besondere Beliebtheit bei seinem Publikum sp\u00fcren durfte.<\/p>\n<p style=\"text-align: justify;\">An seine Zeit der Auftritte mit seiner \u201eSchwarzwaldfamilie J\u00e4kle\u201c denkt Reiner Kirsten sehr gerne zur\u00fcck \u2013 waren sie f\u00fcr ihn doch Lebensschule und Freude an der Musik und der Begegnung mit vielen Menschen zugleich. Diese Zeit hat Reiner Kirsten, dem eine stimmliche Begabung in die Wiege gelegt ist, gepr\u00e4gt. Die Freude an der gemeinsamen Musik und ein finanzielles Zubrot durch gemeinsame Auftritte wie auch durch die T\u00e4tigkeit als Studios\u00e4nger gingen damals ebenfalls Hand in Hand.<\/p>\n<p style=\"text-align: justify;\">Durch den im Jahr 1996 \u00fcberraschenden Erfolg beim Grand Prix der Volksmusik in Interlaken mit dem Titel \u201eDer Sch\u00e4fer von Monte Castello\u201c aus der Feder der Erfolgsautorin und -komponistin Monika Kaelin kam die Solokarriere von Reiner Kirsten so in Schwung, dass er seinen erlernten Beruf als Telekommunikationselektroniker f\u00fcr seine neuen Wege als Solos\u00e4nger zur\u00fccklie\u00df.<\/p>\n<p style=\"text-align: justify;\">Bei allen beruflichen Schritten blieb Reiner Kirsten seiner Heimat im Elztal in all den Jahren mit Haut und Haaren verbunden. Gegen\u00fcber lockenden H\u00f6henfl\u00fcgen und verhei\u00dfungsvollen Versprechungen blieb er stets skeptisch, denn gerade Unabh\u00e4ngigkeit von Zw\u00e4ngen und Selbstbestimmtheit waren ihm f\u00fcr seine beruflichen Schritte wichtig, um niemals den Boden unter den F\u00fc\u00dfen zu verlieren.<\/p>\n<p style=\"text-align: justify;\">Seine vorhandene einpr\u00e4gsame und hervorragende Singstimme und zugleich eine Ablehnung von fremdbestimmtem Management, das nur dem Profit nachjagt und die Pers\u00f6nlichkeit und den Stil eines S\u00e4ngers nur allzu leicht zu verformen vermag, m\u00f6gen zum Erfolgsweg von Reiner Kirsten als Solok\u00fcnstler ganz wesentlich beigetragen haben.<\/p>\n<p style=\"text-align: justify;\">Viel zu leicht werden wichtige Werte wie Freundschaften, Familie, Liebe und Vertrauen ansonsten rein finanziell orientierten Zielen untergeordnet.<\/p>\n<p style=\"text-align: justify;\">Auch die Bedeutung vom Publikum als Empf\u00e4nger der Musik und damit seinem Anteil an gemeinsam erlebten Stunden mit guter Musik verringert sich durch die Fixiertheit vieler K\u00fcnstler auf die f\u00fcr ihn\/sie abgegebenen Likes und Kommentare in den Netzwerken immer mehr. Die Musikindustrie fordert von den K\u00fcnstlern die intensive Nutzung der Netzwerke ein, damit eine hohe Vermarktung ihrer Produkte in Gang kommt. Wenn man die vorgegebenen Themen der einzelnen Posts in Netzwerken beobachtet, scheint es schon lange keine entscheidende Rolle mehr zu spielen, ob die Anh\u00e4nger in den Netzwerken durch ihre Likes und Kommentare tats\u00e4chlich musikalisches Interesse anzeigen. Scheinbar beil\u00e4ufig gestellte Fangfragen der Seitenbetreiber treiben die Reaktionen der Fans auf einzelne Posts hoch, Zahlen, die allein f\u00fcr die finanziellen Hintergr\u00fcnde der Produktionsindustrie von Interesse sind. Wenn Hunderte von Fans sich durch den \u201eGuten-Morgen-Gru\u00df\u201c eines S\u00e4ngers\/einer S\u00e4ngerin pers\u00f6nlich angesprochen f\u00fchlen und diesen erwidern oder einer S\u00e4ngerin oder einem S\u00e4nger deren Outfit kommentieren, dann ist das in erster Linie f\u00fcr die Verkaufszahlen von Musikproduktionen von Interesse und anscheinend wichtiger als eine tats\u00e4chlich vorhandene musikalische Begabung oder Leistung des S\u00e4ngers, der S\u00e4ngerin.<\/p>\n<p style=\"text-align: justify;\">Diese allgemein \u00fcblichen Vorgehensweisen und Entwicklungen, die im Grunde von gro\u00dfer Oberfl\u00e4chlichkeit motiviert sind und mit tragf\u00e4higer Freundschaft rein gar nichts zu tun haben, sind ein Spiegel der Welt, in der sich Reiner Kirsten als Solos\u00e4nger \u00fcber 25 Jahre lang erfolgreich bewegt und behauptet hat.<\/p>\n<p style=\"text-align: justify;\">F\u00fcr ihn sind die 25 Jahre seiner Solokarriere ein gro\u00dfes Gl\u00fcck &#8211; verbunden mit vielen G\u00e4nsehautgef\u00fchlen, die er anl\u00e4sslich seines Jubil\u00e4ums in seinem neuen Titel \u201e25 Jahre G\u00e4nsehaut\u201c besingt.<\/p>\n<p style=\"text-align: justify;\">Insgesamt 25 seiner erfolgreichen Schlagertitel befinden sich auf einer Doppel-CD, die Reiner Kirsten anl\u00e4sslich seines Silberjubil\u00e4ums herausbringen darf und Ende August 2021 im Handel erscheint.<\/p>\n<p style=\"text-align: justify;\">Beim \u00f6sterreichischen Fernsehsender Melodie TV hat Reiner Kirsten bereits drei nagelneue Musiktitel in zwei Jubil\u00e4ums-Sendungen vorgestellt. In einem eigenen K\u00fcnstlerportrait \u00fcber ihn und sein Leben hat Reiner Kirsten der Melodie TV-Moderatorin Romy Dadlhuber ein bisschen aus seinem Familienleben und \u00fcber seine musikalischen Wege erz\u00e4hlt.<\/p>\n<p style=\"text-align: justify;\">Seine musikalische Biografie bestaunt Reiner Kirsten selbst als \u201eRitt\u201c \u2013 und vom \u201eUp and Down\u201c erz\u00e4hlt sein zweiter neuer Musiktitel \u201eSo ist das Leben\u201c. Besonders stolz ist der S\u00e4nger auf seine Entscheidung f\u00fcr sein Kind, das ihm in allem nacheifere. Und wenn Reiner Kirsten \u00fcber seinen Sohn spricht, dann leuchten seine Augen voller Gl\u00fcck. Das Beste. Sein strahlendes L\u00e4cheln ist neben seiner ausgezeichneten Stimme schon immer sein Markenzeichen, wenn er sich in der \u00d6ffentlichkeit bewegt.<\/p>\n<p style=\"text-align: justify;\">Mit seinem dritten neuen Musiktitel \u201eSonne, Mond und Ferne\u201c l\u00e4sst Reiner Kirsten die Sehnsucht nach der Weite entstehen, die Reiselust und Lebensfreude einbeziehen.<\/p>\n<p style=\"text-align: justify;\">Noch weitere 22 Erfolgstitel von Reiner Kirsten \u2013 ausgew\u00e4hlt aus seinen vielen Soloalben, die in 25 Jahren entstanden sind \u2013 befinden sich auf der 2er-CD \u201eReiner Kirsten \u2013 Das Beste aus 25 Jahren. Enthalten ist dabei auch eine Neufassung der Schwarzw\u00e4lder \u201eSchwarzwaldmarie\u201c-Hymne, die der K\u00fcnstler ganz sicher auf seine k\u00fcnftigen Konzertreisen mitnehmen wird \u2013 so auch auf die f\u00fcr das Jahresende eingeplante Weihnachtstournee durch St\u00e4dte im Osten Deutschlands.<\/p>\n<p style=\"text-align: justify;\">Wenn Reiner Kirsten nicht gerade als S\u00e4nger unterwegs ist, dann steht er sowohl mit seiner Erfahrung als auch in der Zusammenarbeit mit einem kompetenten Musikteam auch gerade jungen K\u00fcnstlern sehr gerne f\u00fcr ihre eigene CD-Produktion zur Verf\u00fcgung.<\/p>\n<p style=\"text-align: justify;\">Die Feier von 25 Jahren eigener Musikgeschichte bedeutet f\u00fcr Reiner Kirsten kein Res\u00fcmee, denn seine Musik und sein Publikum machen ihm weiterhin einen Riesenspa\u00df. So ist er auf die Zukunft gespannt und freut sich auf alles, was kommt.<\/p>\n<p>&nbsp;<\/p>\n<p style=\"text-align: justify;\">Weitere Infos zur Jubil\u00e4ums-Doppel-CD \u201eReiner Kirsten \u2013 Das Beste zum Jubil\u00e4um\u201c finden Sie <strong><a href=\"https:\/\/www.melodie-express.tv\/reiner-kirsten-das-beste-zum-jubilaum-2cd.html\">HIER &#8230;:<\/a><\/strong><\/p>\n<p>&nbsp;<\/p>\n<figure id=\"attachment_169788\" aria-describedby=\"caption-attachment-169788\" style=\"width: 637px\" class=\"wp-caption alignnone\"><img decoding=\"async\" loading=\"lazy\" class=\"size-full wp-image-169788\" src=\"https:\/\/smago.de\/ws2\/wp-content\/uploads\/2021\/08\/Reiner-Kirsten-TV-Bild-Melodie-TV.jpg\" alt=\"\" width=\"637\" height=\"478\" srcset=\"https:\/\/smago.de\/ws2\/wp-content\/uploads\/2021\/08\/Reiner-Kirsten-TV-Bild-Melodie-TV.jpg 637w, https:\/\/smago.de\/ws2\/wp-content\/uploads\/2021\/08\/Reiner-Kirsten-TV-Bild-Melodie-TV-522x392.jpg 522w, https:\/\/smago.de\/ws2\/wp-content\/uploads\/2021\/08\/Reiner-Kirsten-TV-Bild-Melodie-TV-200x150.jpg 200w, https:\/\/smago.de\/ws2\/wp-content\/uploads\/2021\/08\/Reiner-Kirsten-TV-Bild-Melodie-TV-362x272.jpg 362w, https:\/\/smago.de\/ws2\/wp-content\/uploads\/2021\/08\/Reiner-Kirsten-TV-Bild-Melodie-TV-130x98.jpg 130w, https:\/\/smago.de\/ws2\/wp-content\/uploads\/2021\/08\/Reiner-Kirsten-TV-Bild-Melodie-TV-593x445.jpg 593w, https:\/\/smago.de\/ws2\/wp-content\/uploads\/2021\/08\/Reiner-Kirsten-TV-Bild-Melodie-TV-253x190.jpg 253w, https:\/\/smago.de\/ws2\/wp-content\/uploads\/2021\/08\/Reiner-Kirsten-TV-Bild-Melodie-TV-386x290.jpg 386w\" sizes=\"(max-width: 637px) 100vw, 637px\" \/><figcaption id=\"caption-attachment-169788\" class=\"wp-caption-text\">Foto-Credit: Eva Rau\u00df<\/figcaption><\/figure>\n<p>&nbsp;<\/p>\n<p>&nbsp;<\/p>\n","protected":false},"excerpt":{"rendered":"<p>Lesen Sie HIER einen (hervorragenden!) Beitrag von Eva Rau\u00df\u00a0&#8230;:<\/p>\n","protected":false},"author":2,"featured_media":169787,"comment_status":"open","ping_status":"closed","sticky":false,"template":"","format":"standard","meta":{"_FSMCFIC_featured_image_caption":"","_FSMCFIC_featured_image_nocaption":"","_FSMCFIC_featured_image_hide":""},"categories":[29,39,30],"tags":[2193],"acf":[],"_links":{"self":[{"href":"https:\/\/smago.de\/ws2\/wp-json\/wp\/v2\/posts\/169786"}],"collection":[{"href":"https:\/\/smago.de\/ws2\/wp-json\/wp\/v2\/posts"}],"about":[{"href":"https:\/\/smago.de\/ws2\/wp-json\/wp\/v2\/types\/post"}],"author":[{"embeddable":true,"href":"https:\/\/smago.de\/ws2\/wp-json\/wp\/v2\/users\/2"}],"replies":[{"embeddable":true,"href":"https:\/\/smago.de\/ws2\/wp-json\/wp\/v2\/comments?post=169786"}],"version-history":[{"count":2,"href":"https:\/\/smago.de\/ws2\/wp-json\/wp\/v2\/posts\/169786\/revisions"}],"predecessor-version":[{"id":169791,"href":"https:\/\/smago.de\/ws2\/wp-json\/wp\/v2\/posts\/169786\/revisions\/169791"}],"wp:featuredmedia":[{"embeddable":true,"href":"https:\/\/smago.de\/ws2\/wp-json\/wp\/v2\/media\/169787"}],"wp:attachment":[{"href":"https:\/\/smago.de\/ws2\/wp-json\/wp\/v2\/media?parent=169786"}],"wp:term":[{"taxonomy":"category","embeddable":true,"href":"https:\/\/smago.de\/ws2\/wp-json\/wp\/v2\/categories?post=169786"},{"taxonomy":"post_tag","embeddable":true,"href":"https:\/\/smago.de\/ws2\/wp-json\/wp\/v2\/tags?post=169786"}],"curies":[{"name":"wp","href":"https:\/\/api.w.org\/{rel}","templated":true}]}}