{"id":169564,"date":"2021-08-19T07:35:31","date_gmt":"2021-08-19T05:35:31","guid":{"rendered":"https:\/\/smago.de\/ws2\/?p=169564"},"modified":"2021-08-19T07:36:30","modified_gmt":"2021-08-19T05:36:30","slug":"melissa-naschenweng-melissa-naschenweng-tritt-bei-den-amadeus-austrian-music-awards-auf","status":"publish","type":"post","link":"https:\/\/smago.de\/ws2\/party-schlager\/melissa-naschenweng-melissa-naschenweng-tritt-bei-den-amadeus-austrian-music-awards-auf\/","title":{"rendered":"MELISSA NASCHENWENG <br>Melissa Naschenweng tritt bei den AMADEUS AUSTRIAN MUSIC AWARDS auf!"},"content":{"rendered":"<p style=\"text-align: justify;\">Sie selbst ist in diesem Jahr ist sie sogar gleich in drei Kategorien &#8211; &#8222;Schlager\/Volksmusik&#8220;, &#8222;Album des Jahres&#8220; und &#8222;Songwriter\/in des Jahres&#8220;\u00a0f\u00fcr den AMADEUS nominiert &#8230;:<br \/>\n<!--more--><\/p>\n<p>&nbsp;<\/p>\n<p style=\"text-align: justify;\">\n<p style=\"text-align: justify;\">\n<p style=\"text-align: justify;\">Am 09.09.2021 werden zum 21. Mal die AMADEUS AUSTRIAN MUSIC AWARDS in 14 Kategorien verliehen.<\/p>\n<p style=\"text-align: justify;\">Dabei wird es f\u00fcr K\u00fcnstler*innen und Fans ganz spezielle\u00a0Inszenierungen der Live-Auftritte geben. Jeder einzelne Act wird an verschiedenen Schaupl\u00e4tzen\u00a0individuell inszeniert. So wird aus jeder Performance ein kleines akustisch-visuelles Gesamtkunstwerk\u00a0geschaffen &#8211; einzigartig und exklusiv nur bei den Amadeus Austrian Music Awards.<\/p>\n<p style=\"text-align: justify;\">Mit dabei ist neben vielen anderen gro\u00dfartigen K\u00fcnstlern und K\u00fcnstlerinnen\u00a0auch &#8222;Wirbelwind&#8220; und derzeit erfolgreichste S\u00e4ngerin \u00d6sterreichs: Melissa Naschenweng! Bereits 2020 durfte sie den begehrten Musikpreis mit nach Hause nehmen.\u00a0In diesem Jahr ist sie sogar gleich in drei Kategorien &#8211; &#8222;Schlager\/Volksmusik&#8220;, &#8222;Album des Jahres&#8220; und &#8222;Songwriter\/in des Jahres&#8220;\u00a0f\u00fcr den AMADEUS nominiert.<\/p>\n<p style=\"text-align: justify;\">Wir freuen uns schon jetzt auf ihren gro\u00dfartigen Auftritt bei den AMADEUS AUSTRIAN MUSIC AWARDS. Die von Conchita WURST moderierte TV-Show wird\u00a0am 09.09.2021 in ORF 1 gesendet.<\/p>\n<p style=\"text-align: justify;\">\n<p>&nbsp;<\/p>\n<p>&nbsp;<\/p>\n<figure id=\"attachment_154034\" aria-describedby=\"caption-attachment-154034\" style=\"width: 800px\" class=\"wp-caption alignnone\"><img decoding=\"async\" loading=\"lazy\" class=\"size-large wp-image-154034\" src=\"https:\/\/smago.de\/ws2\/wp-content\/uploads\/2020\/10\/Melissa-Naschenweng_Pressefoto-8_Foto_-HCH-Fotopress-\u00a9-Sony-Music-Adla-Media-800x533.jpg\" alt=\"\" width=\"800\" height=\"533\" srcset=\"https:\/\/smago.de\/ws2\/wp-content\/uploads\/2020\/10\/Melissa-Naschenweng_Pressefoto-8_Foto_-HCH-Fotopress-\u00a9-Sony-Music-Adla-Media-800x533.jpg 800w, https:\/\/smago.de\/ws2\/wp-content\/uploads\/2020\/10\/Melissa-Naschenweng_Pressefoto-8_Foto_-HCH-Fotopress-\u00a9-Sony-Music-Adla-Media-522x348.jpg 522w, https:\/\/smago.de\/ws2\/wp-content\/uploads\/2020\/10\/Melissa-Naschenweng_Pressefoto-8_Foto_-HCH-Fotopress-\u00a9-Sony-Music-Adla-Media-225x150.jpg 225w, https:\/\/smago.de\/ws2\/wp-content\/uploads\/2020\/10\/Melissa-Naschenweng_Pressefoto-8_Foto_-HCH-Fotopress-\u00a9-Sony-Music-Adla-Media-768x512.jpg 768w, https:\/\/smago.de\/ws2\/wp-content\/uploads\/2020\/10\/Melissa-Naschenweng_Pressefoto-8_Foto_-HCH-Fotopress-\u00a9-Sony-Music-Adla-Media-1536x1024.jpg 1536w, https:\/\/smago.de\/ws2\/wp-content\/uploads\/2020\/10\/Melissa-Naschenweng_Pressefoto-8_Foto_-HCH-Fotopress-\u00a9-Sony-Music-Adla-Media-2048x1365.jpg 2048w, https:\/\/smago.de\/ws2\/wp-content\/uploads\/2020\/10\/Melissa-Naschenweng_Pressefoto-8_Foto_-HCH-Fotopress-\u00a9-Sony-Music-Adla-Media-392x261.jpg 392w, https:\/\/smago.de\/ws2\/wp-content\/uploads\/2020\/10\/Melissa-Naschenweng_Pressefoto-8_Foto_-HCH-Fotopress-\u00a9-Sony-Music-Adla-Media-130x87.jpg 130w, https:\/\/smago.de\/ws2\/wp-content\/uploads\/2020\/10\/Melissa-Naschenweng_Pressefoto-8_Foto_-HCH-Fotopress-\u00a9-Sony-Music-Adla-Media-668x445.jpg 668w, https:\/\/smago.de\/ws2\/wp-content\/uploads\/2020\/10\/Melissa-Naschenweng_Pressefoto-8_Foto_-HCH-Fotopress-\u00a9-Sony-Music-Adla-Media-783x522.jpg 783w, https:\/\/smago.de\/ws2\/wp-content\/uploads\/2020\/10\/Melissa-Naschenweng_Pressefoto-8_Foto_-HCH-Fotopress-\u00a9-Sony-Music-Adla-Media-285x190.jpg 285w, https:\/\/smago.de\/ws2\/wp-content\/uploads\/2020\/10\/Melissa-Naschenweng_Pressefoto-8_Foto_-HCH-Fotopress-\u00a9-Sony-Music-Adla-Media-435x290.jpg 435w, https:\/\/smago.de\/ws2\/wp-content\/uploads\/2020\/10\/Melissa-Naschenweng_Pressefoto-8_Foto_-HCH-Fotopress-\u00a9-Sony-Music-Adla-Media-150x100.jpg 150w, https:\/\/smago.de\/ws2\/wp-content\/uploads\/2020\/10\/Melissa-Naschenweng_Pressefoto-8_Foto_-HCH-Fotopress-\u00a9-Sony-Music-Adla-Media-370x247.jpg 370w\" sizes=\"(max-width: 800px) 100vw, 800px\" \/><figcaption id=\"caption-attachment-154034\" class=\"wp-caption-text\"><em>Foto-Credit: HCH-Fotopress f\u00fcr ADLA Media \/ Sony Music<\/em><\/figcaption><\/figure>\n","protected":false},"excerpt":{"rendered":"<p>Sie selbst ist in diesem Jahr ist sie sogar gleich in drei Kategorien &#8211; &#8222;Schlager\/Volksmusik&#8220;, &#8222;Album des Jahres&#8220; und &#8222;Songwriter\/in<\/p>\n","protected":false},"author":2,"featured_media":154034,"comment_status":"open","ping_status":"closed","sticky":false,"template":"","format":"standard","meta":{"_FSMCFIC_featured_image_caption":"","_FSMCFIC_featured_image_nocaption":"","_FSMCFIC_featured_image_hide":""},"categories":[26],"tags":[211],"acf":[],"_links":{"self":[{"href":"https:\/\/smago.de\/ws2\/wp-json\/wp\/v2\/posts\/169564"}],"collection":[{"href":"https:\/\/smago.de\/ws2\/wp-json\/wp\/v2\/posts"}],"about":[{"href":"https:\/\/smago.de\/ws2\/wp-json\/wp\/v2\/types\/post"}],"author":[{"embeddable":true,"href":"https:\/\/smago.de\/ws2\/wp-json\/wp\/v2\/users\/2"}],"replies":[{"embeddable":true,"href":"https:\/\/smago.de\/ws2\/wp-json\/wp\/v2\/comments?post=169564"}],"version-history":[{"count":2,"href":"https:\/\/smago.de\/ws2\/wp-json\/wp\/v2\/posts\/169564\/revisions"}],"predecessor-version":[{"id":169566,"href":"https:\/\/smago.de\/ws2\/wp-json\/wp\/v2\/posts\/169564\/revisions\/169566"}],"wp:featuredmedia":[{"embeddable":true,"href":"https:\/\/smago.de\/ws2\/wp-json\/wp\/v2\/media\/154034"}],"wp:attachment":[{"href":"https:\/\/smago.de\/ws2\/wp-json\/wp\/v2\/media?parent=169564"}],"wp:term":[{"taxonomy":"category","embeddable":true,"href":"https:\/\/smago.de\/ws2\/wp-json\/wp\/v2\/categories?post=169564"},{"taxonomy":"post_tag","embeddable":true,"href":"https:\/\/smago.de\/ws2\/wp-json\/wp\/v2\/tags?post=169564"}],"curies":[{"name":"wp","href":"https:\/\/api.w.org\/{rel}","templated":true}]}}