{"id":169191,"date":"2021-08-08T00:00:44","date_gmt":"2021-08-07T22:00:44","guid":{"rendered":"https:\/\/smago.de\/ws2\/?p=169191"},"modified":"2021-08-08T12:30:28","modified_gmt":"2021-08-08T10:30:28","slug":"michael-stein-mit-lisas-laecheln-hat-geweint-erscheint-ein-bislang-unveroeffentlichter-titel-von-ihm","status":"publish","type":"post","link":"https:\/\/smago.de\/ws2\/schlager\/michael-stein-mit-lisas-laecheln-hat-geweint-erscheint-ein-bislang-unveroeffentlichter-titel-von-ihm\/","title":{"rendered":"MICHAEL STEIN <br>Mit &#8222;Lisas Lachen hat geweint&#8220; erscheint ein bislang unver\u00f6ffentlichter Titel von ihm!"},"content":{"rendered":"<p>Gestern (07.08.2021) w\u00e4re Michael Stein (b\u00fcrgerlicher Name: Ekkehard Hessler) 71 Jahre alt geworden!<br \/>\n<!--more--><\/p>\n<p>&nbsp;<\/p>\n<p style=\"text-align: justify;\">\n<p style=\"text-align: justify;\">In memoriam an MICHAEL STEIN wurde \u00a0mit &#8222;Lisas Lachen hat geweint&#8220; gerade ein bisher unver\u00f6ffentlichter Song des beliebten K\u00fcnstlers ver\u00f6ffentlicht.<\/p>\n<p style=\"text-align: justify;\">Der am 13.03.2021 im Alter von 70 Jahren viel zu fr\u00fch verstorbene Michael Stein hat noch eine musikalische Botschaft hinterlassen:<\/p>\n<p style=\"text-align: justify;\">Zur Erinnerung an Michael Stein ver\u00f6ffentlicht REK-Music zu seinem Geburtstag (07.08.) den bisher unver\u00f6ffentlichten Titel &#8222;Lisas Lachen hat geweint&#8220;.<\/p>\n<p style=\"text-align: justify;\">Diesen Titel hatte Michael Stein noch zusammen mit Klaus Peplies komponiert, der Text stammt aus der Feder von Siliva Gerke.<\/p>\n<p style=\"text-align: justify;\">\n<p style=\"text-align: justify;\"><img decoding=\"async\" loading=\"lazy\" class=\"alignnone size-large wp-image-169193\" src=\"https:\/\/smago.de\/ws2\/wp-content\/uploads\/2021\/08\/stein_back-800x800.jpeg\" alt=\"\" width=\"800\" height=\"800\" srcset=\"https:\/\/smago.de\/ws2\/wp-content\/uploads\/2021\/08\/stein_back-800x800.jpeg 800w, https:\/\/smago.de\/ws2\/wp-content\/uploads\/2021\/08\/stein_back-522x522.jpeg 522w, https:\/\/smago.de\/ws2\/wp-content\/uploads\/2021\/08\/stein_back-150x150.jpeg 150w, https:\/\/smago.de\/ws2\/wp-content\/uploads\/2021\/08\/stein_back-768x768.jpeg 768w, https:\/\/smago.de\/ws2\/wp-content\/uploads\/2021\/08\/stein_back-272x272.jpeg 272w, https:\/\/smago.de\/ws2\/wp-content\/uploads\/2021\/08\/stein_back-600x600.jpeg 600w, https:\/\/smago.de\/ws2\/wp-content\/uploads\/2021\/08\/stein_back-130x130.jpeg 130w, https:\/\/smago.de\/ws2\/wp-content\/uploads\/2021\/08\/stein_back-445x445.jpeg 445w, https:\/\/smago.de\/ws2\/wp-content\/uploads\/2021\/08\/stein_back-190x190.jpeg 190w, https:\/\/smago.de\/ws2\/wp-content\/uploads\/2021\/08\/stein_back-290x290.jpeg 290w, https:\/\/smago.de\/ws2\/wp-content\/uploads\/2021\/08\/stein_back.jpeg 1200w\" sizes=\"(max-width: 800px) 100vw, 800px\" \/><\/p>\n","protected":false},"excerpt":{"rendered":"<p>Gestern (07.08.2021) w\u00e4re Michael Stein (b\u00fcrgerlicher Name: Ekkehard Hessler) 71 Jahre alt geworden!<\/p>\n","protected":false},"author":2,"featured_media":169192,"comment_status":"open","ping_status":"closed","sticky":false,"template":"","format":"standard","meta":{"_FSMCFIC_featured_image_caption":"","_FSMCFIC_featured_image_nocaption":"","_FSMCFIC_featured_image_hide":""},"categories":[29],"tags":[1963],"acf":[],"_links":{"self":[{"href":"https:\/\/smago.de\/ws2\/wp-json\/wp\/v2\/posts\/169191"}],"collection":[{"href":"https:\/\/smago.de\/ws2\/wp-json\/wp\/v2\/posts"}],"about":[{"href":"https:\/\/smago.de\/ws2\/wp-json\/wp\/v2\/types\/post"}],"author":[{"embeddable":true,"href":"https:\/\/smago.de\/ws2\/wp-json\/wp\/v2\/users\/2"}],"replies":[{"embeddable":true,"href":"https:\/\/smago.de\/ws2\/wp-json\/wp\/v2\/comments?post=169191"}],"version-history":[{"count":3,"href":"https:\/\/smago.de\/ws2\/wp-json\/wp\/v2\/posts\/169191\/revisions"}],"predecessor-version":[{"id":169202,"href":"https:\/\/smago.de\/ws2\/wp-json\/wp\/v2\/posts\/169191\/revisions\/169202"}],"wp:featuredmedia":[{"embeddable":true,"href":"https:\/\/smago.de\/ws2\/wp-json\/wp\/v2\/media\/169192"}],"wp:attachment":[{"href":"https:\/\/smago.de\/ws2\/wp-json\/wp\/v2\/media?parent=169191"}],"wp:term":[{"taxonomy":"category","embeddable":true,"href":"https:\/\/smago.de\/ws2\/wp-json\/wp\/v2\/categories?post=169191"},{"taxonomy":"post_tag","embeddable":true,"href":"https:\/\/smago.de\/ws2\/wp-json\/wp\/v2\/tags?post=169191"}],"curies":[{"name":"wp","href":"https:\/\/api.w.org\/{rel}","templated":true}]}}