{"id":168691,"date":"2021-07-24T00:00:06","date_gmt":"2021-07-23T22:00:06","guid":{"rendered":"https:\/\/smago.de\/ws2\/?p=168691"},"modified":"2021-07-23T23:38:55","modified_gmt":"2021-07-23T21:38:55","slug":"brenner-der-titel-wunder-gibt-es-immer-wieder-kuendigt-ihr-neues-album-rockschlager-an","status":"publish","type":"post","link":"https:\/\/smago.de\/ws2\/deutsch-rock\/brenner-der-titel-wunder-gibt-es-immer-wieder-kuendigt-ihr-neues-album-rockschlager-an\/","title":{"rendered":"BRENNER <br>Der Titel &#8222;Wunder gibt es immer wieder&#8220; k\u00fcndigt ihr neues Album &#8222;Rockschlager&#8220; an!"},"content":{"rendered":"<p>Und gibt durchaus eine gewisse Affinit\u00e4t zu Katja Ebstein &#8230;:<br \/>\n<!--more--><\/p>\n<p>&nbsp;<\/p>\n<p>&nbsp;<\/p>\n<p>BRENNER, die Berliner Band um den charismatischen S\u00e4nger Martin Goldenbaum, melden sich mit einer neuen Vorabsingle zur\u00fcck. \u201eWunder gibt es immer wieder\u201c hei\u00dft der Song und ist die Teasersingle aus dem kommenden, zweiten BRENNER-Album Rockschlager.<\/p>\n<p>Wunder gibt es immer wieder? Genau, der gro\u00dfe Evergreen, der vor etwa 50 Jahren seinen Siegeszug antrat. Der Song war 1970 der deutsche Beitrag zum Eurovision Song Contest und belegte den dritten Platz. Dieses Lied bescherte der damals 25-j\u00e4hrigen Katja Ebstein eine internationale, bis heute anhaltende Erfolgskarriere. Obwohl unvergessen, ist der Meilenstein deutscher Schlager- und Popgeschichte inzwischen in die Jahre gekommen \u2026<\/p>\n<p>Hier kommen BRENNER ins Spiel. Sie begegnen dem Original auf Augenh\u00f6he und trotz dem n\u00f6tigen Respekt retten sie den Song ins Hier und Jetzt. Dabei covern BRENNER nicht einfach die Nummer, sie leben sie. Martin Goldenbaum singt \u201eWunder gibt es immer wieder\u201c wie einen eigenen Song: eing\u00e4ngig, energetisch und vorw\u00e4rtstreibend. Wenn man so will, haben BRENNER den legend\u00e4ren Schlager f\u00fcr die n\u00e4chsten 40 Jahre salonf\u00e4hig gemacht. Und es schlie\u00dft sich ein Kreis: Als BRENNER-S\u00e4nger Martin 2013 bei einem Stuttgarter Liedwettbewerb den F\u00f6rderpreis gewann, sa\u00df Katja Ebstein in der Jury.<\/p>\n<p>Die Single ist der erste Einblick in das kommende, von Hardy Krech und seinem Elephant Music-Team (Santiano, Kelly Family) produzierte Album \u201eRockschlager\u201c, auf dem BRENNER mit W\u00fcrde und Ideenreichtum Klassiker der hiesigen Pop- und Schlagergeschichte ordentlich entstauben und eine glorreiche Zukunft bescheren.<\/p>\n<p>BRENNER, erst 2019 gegr\u00fcndet, sind von Anfang an auf der \u00dcberholspur. Ob beim Wacken Open Air oder im TV-Duett mit Florian Silbereisen, mit ihrem Top30-Deb\u00fct und nun mit \u201eWunder gibt es immer wieder\u201c: Martin Goldenbaum und seine Musiker sind die Band der Stunde.<\/p>\n<p>Das Album Rockschlager wird am 13.08.2021 ver\u00f6ffentlicht.<\/p>\n","protected":false},"excerpt":{"rendered":"<p>Und gibt durchaus eine gewisse Affinit\u00e4t zu Katja Ebstein &#8230;:<\/p>\n","protected":false},"author":2,"featured_media":168692,"comment_status":"open","ping_status":"closed","sticky":false,"template":"","format":"standard","meta":{"_FSMCFIC_featured_image_caption":"","_FSMCFIC_featured_image_nocaption":"","_FSMCFIC_featured_image_hide":""},"categories":[5],"tags":[2157],"acf":[],"_links":{"self":[{"href":"https:\/\/smago.de\/ws2\/wp-json\/wp\/v2\/posts\/168691"}],"collection":[{"href":"https:\/\/smago.de\/ws2\/wp-json\/wp\/v2\/posts"}],"about":[{"href":"https:\/\/smago.de\/ws2\/wp-json\/wp\/v2\/types\/post"}],"author":[{"embeddable":true,"href":"https:\/\/smago.de\/ws2\/wp-json\/wp\/v2\/users\/2"}],"replies":[{"embeddable":true,"href":"https:\/\/smago.de\/ws2\/wp-json\/wp\/v2\/comments?post=168691"}],"version-history":[{"count":2,"href":"https:\/\/smago.de\/ws2\/wp-json\/wp\/v2\/posts\/168691\/revisions"}],"predecessor-version":[{"id":168694,"href":"https:\/\/smago.de\/ws2\/wp-json\/wp\/v2\/posts\/168691\/revisions\/168694"}],"wp:featuredmedia":[{"embeddable":true,"href":"https:\/\/smago.de\/ws2\/wp-json\/wp\/v2\/media\/168692"}],"wp:attachment":[{"href":"https:\/\/smago.de\/ws2\/wp-json\/wp\/v2\/media?parent=168691"}],"wp:term":[{"taxonomy":"category","embeddable":true,"href":"https:\/\/smago.de\/ws2\/wp-json\/wp\/v2\/categories?post=168691"},{"taxonomy":"post_tag","embeddable":true,"href":"https:\/\/smago.de\/ws2\/wp-json\/wp\/v2\/tags?post=168691"}],"curies":[{"name":"wp","href":"https:\/\/api.w.org\/{rel}","templated":true}]}}