{"id":168469,"date":"2021-07-21T09:42:26","date_gmt":"2021-07-21T07:42:26","guid":{"rendered":"https:\/\/smago.de\/ws2\/?p=168469"},"modified":"2021-07-21T09:42:26","modified_gmt":"2021-07-21T07:42:26","slug":"tony-marshall-tony-marshall-live-im-europa-park","status":"publish","type":"post","link":"https:\/\/smago.de\/ws2\/schlager\/tony-marshall-tony-marshall-live-im-europa-park\/","title":{"rendered":"TONY MARSHALL <br>Tony Marshall live im Europa-Park!"},"content":{"rendered":"<p>5 Termine stehen fest &#8230;:<br \/>\n<!--more--><\/p>\n<p>&nbsp;<\/p>\n<p style=\"text-align: justify;\">\n<p style=\"text-align: justify;\">Wer kennt sie nicht, die beliebten Lieder des Schlagerstars TONY MARSHALL: &#8222;Komm gib mir deine Hand&#8220;, &#8222;Sch\u00f6ne \u00a0Maid&#8220; oder &#8222;Tausendmal an dich gedacht&#8220;?<\/p>\n<p>Seit vielen Jahren ist er ein Begriff im deutschen Showgesch\u00e4ft und Garant f\u00fcr allerbeste Unterhaltung, denn: Wo er auftritt, wird gesungen, geschunkelt und gelacht. Der Publikumsliebling verf\u00fcgt wie kaum ein anderer mit seinen mittlerweile mehr als 60 Jahren B\u00fchnenerfahrung \u00fcber ein breites Repertoire.<\/p>\n<p>Besucher*innen des Europa-Park k\u00f6nnen sich freuen. Am 25.07., 08.08., 22.08., 05.09. und 19.09. gastiert Tony Marshall jeweils ab 15:00 Uhr zusammen mit seinem Sohn Pascal live auf der Schlossterrasse des Schloss Balthasar im Europa-Park. F\u00fcr Parkbesucher sind die Konzerte im Parkeintritt enthalten. Bei schlechtem Wetter kann der Auftritt ggf. kurzfristig abgesagt werden.<\/p>\n","protected":false},"excerpt":{"rendered":"<p>5 Termine stehen fest &#8230;:<\/p>\n","protected":false},"author":2,"featured_media":168135,"comment_status":"open","ping_status":"closed","sticky":false,"template":"","format":"standard","meta":{"_FSMCFIC_featured_image_caption":"","_FSMCFIC_featured_image_nocaption":"","_FSMCFIC_featured_image_hide":""},"categories":[29],"tags":[414],"acf":[],"_links":{"self":[{"href":"https:\/\/smago.de\/ws2\/wp-json\/wp\/v2\/posts\/168469"}],"collection":[{"href":"https:\/\/smago.de\/ws2\/wp-json\/wp\/v2\/posts"}],"about":[{"href":"https:\/\/smago.de\/ws2\/wp-json\/wp\/v2\/types\/post"}],"author":[{"embeddable":true,"href":"https:\/\/smago.de\/ws2\/wp-json\/wp\/v2\/users\/2"}],"replies":[{"embeddable":true,"href":"https:\/\/smago.de\/ws2\/wp-json\/wp\/v2\/comments?post=168469"}],"version-history":[{"count":1,"href":"https:\/\/smago.de\/ws2\/wp-json\/wp\/v2\/posts\/168469\/revisions"}],"predecessor-version":[{"id":168470,"href":"https:\/\/smago.de\/ws2\/wp-json\/wp\/v2\/posts\/168469\/revisions\/168470"}],"wp:featuredmedia":[{"embeddable":true,"href":"https:\/\/smago.de\/ws2\/wp-json\/wp\/v2\/media\/168135"}],"wp:attachment":[{"href":"https:\/\/smago.de\/ws2\/wp-json\/wp\/v2\/media?parent=168469"}],"wp:term":[{"taxonomy":"category","embeddable":true,"href":"https:\/\/smago.de\/ws2\/wp-json\/wp\/v2\/categories?post=168469"},{"taxonomy":"post_tag","embeddable":true,"href":"https:\/\/smago.de\/ws2\/wp-json\/wp\/v2\/tags?post=168469"}],"curies":[{"name":"wp","href":"https:\/\/api.w.org\/{rel}","templated":true}]}}