{"id":167784,"date":"2021-07-06T10:04:10","date_gmt":"2021-07-06T08:04:10","guid":{"rendered":"https:\/\/smago.de\/ws2\/?p=167784"},"modified":"2021-07-06T10:07:06","modified_gmt":"2021-07-06T08:07:06","slug":"das-supertalent-chantal-janzen-und-michael-michalsky-ergaenzen-die-supertalent-jury","status":"publish","type":"post","link":"https:\/\/smago.de\/ws2\/smago-informiert\/das-supertalent-chantal-janzen-und-michael-michalsky-ergaenzen-die-supertalent-jury\/","title":{"rendered":"&#8222;DAS SUPERTALENT&#8220; <br>Chantal Janzen und Michael Michalsky erg\u00e4nzen die &#8222;Supertalent&#8220;-Jury!"},"content":{"rendered":"<p>Mit Charme, Chic und Expertise: Jury komplett!<br \/>\n<!--more--><\/p>\n<p>&nbsp;<\/p>\n<p>&nbsp;<\/p>\n<p>&nbsp;<\/p>\n<p style=\"text-align: justify;\">SIE ist die beliebteste Moderatorin der Niederlande, ER einer der einflussreichsten Modedesigner Deutschlands und ehemaliges GNTM-Jurymitglied: Chantal Janzen und Michael Michalsky sitzen 2021 neben Lukas Podolski in der Jury von &#8222;Das Supertalent&#8220;.\u00a0 Wie kaum andere Pers\u00f6nlichkeiten haben Chantal Janzen und Michael Michalsky bereits langj\u00e4hrige Erfahrungen als Juroren verschiedener TV-Formate, sind erstklassige Experten f\u00fcr bestes Familien-Entertainment und beliebt bei Gro\u00df und Klein. Kurzum: Sie sind genau die Richtigen, um neben Fu\u00dfball-Weltmeister und Volksheld Lukas Podolski die neue Jury f\u00fcr &#8222;Das Supertalent 2021&#8220; zu komplettieren.<\/p>\n<p>&nbsp;<\/p>\n<p>&nbsp;<\/p>\n<p>&nbsp;<\/p>\n<p style=\"text-align: justify;\"><strong>Moderatorin, T\u00e4nzerin, S\u00e4ngerin und Schauspielerin Chantal Janzen:<\/strong> &#8222;Es ist mir eine Ehre, in der Jury von\u00a0&#8218;Das Supertalent&#8216; 2021 Platz zu nehmen! Als S\u00e4ngerin, T\u00e4nzerin und Moderatorin sind die darstellenden K\u00fcnste meine gr\u00f6\u00dfte Leidenschaft. Nach sechs Staffeln als Jurorin beim niederl\u00e4ndischen \u00c4quivalent vom &#8218;Supertalent&#8216; freue ich mich riesig darauf, jetzt alle Talente in Deutschland auf der B\u00fchne zu sehen!&#8220;<\/p>\n<p style=\"text-align: justify;\">Seit 2011 ist Chantal Janzen das Sendergesicht von RTL 4 (Niederlande), ist dort in verschiedenen Shows zu sehen, darunter in der niederl\u00e4ndischen Version vom &#8222;Supertalent&#8220; (&#8222;Holland\u2019s Got Talent&#8220;), &#8222;The Voice of Holland&#8220; und moderierte die niederl\u00e4ndische Version von DSDS, &#8222;Idols&#8220;. In diesem Jahr pr\u00e4sentierte die 42-J\u00e4hrige den Eurovision Song Contest aus Rotterdam. Jetzt d\u00fcrfen sich auch die RTL-Zuschauer in Deutschland auf die preisgekr\u00f6nte Moderatorin, T\u00e4nzerin, S\u00e4ngerin und Schauspielerin freuen.<\/p>\n<p>&nbsp;<\/p>\n<p>&nbsp;<\/p>\n<p>&nbsp;<\/p>\n<p style=\"text-align: justify;\"><strong>Star-Designer und GNTM-Juror Michael Michalsky:<\/strong> &#8222;Eines der wichtigsten Themen, mit denen ich mich seit Monaten befasse, ist Inklusion. Inklusion bedeutet Wertsch\u00e4tzung und Anerkennung von Vielfalt und die Abschaffung von Vorurteilen. Keine Sendung im deutschen Fernsehen vertritt das Prinzip von Inklusion so stark wie &#8218;Das Supertalent&#8216;. Deshalb freue ich mich riesig auf die Mitwirkung in der Jury!&#8220;<\/p>\n<p style=\"text-align: justify;\">Michael Michalsky ist einer der einflussreichsten Modedesigner Deutschlands und, laut Karl Lagerfeld, &#8222;der einzige deutsche Designer, den man kennen muss&#8220;. &#8222;Red Dot Award&#8220;, &#8222;German Design Award&#8220;, &#8222;European Interior Design Award&#8220; \u2013 f\u00fcr seine vielf\u00e4ltigen Arbeiten wird der 54-j\u00e4hrige regelm\u00e4\u00dfig national und international ausgezeichnet. Auch als Juror hat der preisgekr\u00f6nte Stardesigner l\u00e4ngst \u00fcberzeugt: 2012 sa\u00df Michael Michalsky im Finale von &#8222;Das perfekte Model\u201d (VOX) in der Jury, von 2016 bis 2018 war er fester Juror bei &#8222;Germany&#8217;s Next Top Model&#8220;. Jetzt h\u00e4lt er bei &#8222;Das Supertalent&#8220; Ausschau nach dem Au\u00dfergew\u00f6hnlichen.<\/p>\n<p style=\"text-align: justify;\"><strong>Kai Sturm, RTL-Unterhaltungschef:<\/strong> &#8222;Das Supertalent steht vor allem f\u00fcr Spa\u00df f\u00fcr die ganze Familie. Wir m\u00f6chten inspirierende und positive Unterhaltung f\u00fcr alle bieten und stellen uns daf\u00fcr noch breiter auf. Nach Lukas Podolski ist mit Chantal Janzen und Michael Michalsky die neue und vielseitige &#8218;Supertalent&#8216;-Jury komplett: Ein Weltfu\u00dfballer und Volksheld, eine \u00fcber die holl\u00e4ndischen Landesgrenzen hinaus beliebte Allrounderin im Showbereich und ein Stardesigner mit langj\u00e4hriger Jury-Erfahrung und einem unersch\u00f6pflichen Vorrat an Ideen \u2013 die &#8218;Supertalent&#8216;-Zuschauerinnen und Zuschauer und die Talente auf der gro\u00dfen B\u00fchne d\u00fcrfen sich auf ein au\u00dfergew\u00f6hnliches Jury-Team mit Emotionen, Humor und vielen \u00dcberraschungen freuen.&#8220;<\/p>\n<p style=\"text-align: justify;\">Die 15. Staffel von &#8222;Das Supertalent&#8220; startet im Herbst bei RTL. Erz\u00e4hlt werden emotionale Geschichten von Menschen und ihren Talenten mit dem Fokus auf Humor, Emotionen, Entertainment und \u00dcberraschungen. Egal ob es sich um Gesangstalente, Akrobaten, Comedians oder lustige Tiertricks handelt \u2013 bei &#8222;Das Supertalent&#8220; kann jeder Mensch, jeden Alters und jeder Herkunft sein ganz pers\u00f6nliches Talent unter Beweis stellen und es auf die gro\u00dfe Showb\u00fchne schaffen.<\/p>\n<p style=\"text-align: justify;\">Produziert wird die Castingshow von UFA Show &amp; Factual GmbH. Zuschauer-Tickets gibt es <a href=\"http:\/\/www.ufa.de\/ticketing\/das-supertalent\">hier.<\/a> Die Casting-Tour geht noch\u00a0bis zum 10.7.,\u00a0die letzten beiden Stationen sind am 9. und 10.7. in K\u00f6ln. Alle Infos und Termine <a href=\"https:\/\/www.rtl.de\/cms\/supertalent-2021-so-koennen-sie-sich-fuer-die-neue-staffel-bewerben-4269357.html\">hier.<\/a><\/p>\n<p>&nbsp;<\/p>\n<figure id=\"attachment_167785\" aria-describedby=\"caption-attachment-167785\" style=\"width: 800px\" class=\"wp-caption alignnone\"><img decoding=\"async\" loading=\"lazy\" class=\"size-large wp-image-167785\" src=\"https:\/\/smago.de\/ws2\/wp-content\/uploads\/2021\/07\/1783083-800x450.jpg\" alt=\"\" width=\"800\" height=\"450\" srcset=\"https:\/\/smago.de\/ws2\/wp-content\/uploads\/2021\/07\/1783083-800x450.jpg 800w, https:\/\/smago.de\/ws2\/wp-content\/uploads\/2021\/07\/1783083-522x294.jpg 522w, https:\/\/smago.de\/ws2\/wp-content\/uploads\/2021\/07\/1783083-267x150.jpg 267w, https:\/\/smago.de\/ws2\/wp-content\/uploads\/2021\/07\/1783083-768x432.jpg 768w, https:\/\/smago.de\/ws2\/wp-content\/uploads\/2021\/07\/1783083-1536x864.jpg 1536w, https:\/\/smago.de\/ws2\/wp-content\/uploads\/2021\/07\/1783083-2048x1152.jpg 2048w, https:\/\/smago.de\/ws2\/wp-content\/uploads\/2021\/07\/1783083-392x221.jpg 392w, https:\/\/smago.de\/ws2\/wp-content\/uploads\/2021\/07\/1783083-130x73.jpg 130w, https:\/\/smago.de\/ws2\/wp-content\/uploads\/2021\/07\/1783083-791x445.jpg 791w, https:\/\/smago.de\/ws2\/wp-content\/uploads\/2021\/07\/1783083-870x489.jpg 870w, https:\/\/smago.de\/ws2\/wp-content\/uploads\/2021\/07\/1783083-292x164.jpg 292w, https:\/\/smago.de\/ws2\/wp-content\/uploads\/2021\/07\/1783083-435x245.jpg 435w, https:\/\/smago.de\/ws2\/wp-content\/uploads\/2021\/07\/1783083-895x503.jpg 895w\" sizes=\"(max-width: 800px) 100vw, 800px\" \/><figcaption id=\"caption-attachment-167785\" class=\"wp-caption-text\"><em>Chantal Janzen, Michael Michalsky<\/em><\/p>\n<p><em>Foto-Credit: Roger Neve und Daniela M\u00fcller Brunke<\/em><\/figcaption><\/figure>\n","protected":false},"excerpt":{"rendered":"<p>Mit Charme, Chic und Expertise: Jury komplett!<\/p>\n","protected":false},"author":2,"featured_media":167785,"comment_status":"open","ping_status":"closed","sticky":false,"template":"","format":"standard","meta":{"_FSMCFIC_featured_image_caption":"","_FSMCFIC_featured_image_nocaption":"","_FSMCFIC_featured_image_hide":""},"categories":[33,128],"tags":[265],"acf":[],"_links":{"self":[{"href":"https:\/\/smago.de\/ws2\/wp-json\/wp\/v2\/posts\/167784"}],"collection":[{"href":"https:\/\/smago.de\/ws2\/wp-json\/wp\/v2\/posts"}],"about":[{"href":"https:\/\/smago.de\/ws2\/wp-json\/wp\/v2\/types\/post"}],"author":[{"embeddable":true,"href":"https:\/\/smago.de\/ws2\/wp-json\/wp\/v2\/users\/2"}],"replies":[{"embeddable":true,"href":"https:\/\/smago.de\/ws2\/wp-json\/wp\/v2\/comments?post=167784"}],"version-history":[{"count":2,"href":"https:\/\/smago.de\/ws2\/wp-json\/wp\/v2\/posts\/167784\/revisions"}],"predecessor-version":[{"id":167787,"href":"https:\/\/smago.de\/ws2\/wp-json\/wp\/v2\/posts\/167784\/revisions\/167787"}],"wp:featuredmedia":[{"embeddable":true,"href":"https:\/\/smago.de\/ws2\/wp-json\/wp\/v2\/media\/167785"}],"wp:attachment":[{"href":"https:\/\/smago.de\/ws2\/wp-json\/wp\/v2\/media?parent=167784"}],"wp:term":[{"taxonomy":"category","embeddable":true,"href":"https:\/\/smago.de\/ws2\/wp-json\/wp\/v2\/categories?post=167784"},{"taxonomy":"post_tag","embeddable":true,"href":"https:\/\/smago.de\/ws2\/wp-json\/wp\/v2\/tags?post=167784"}],"curies":[{"name":"wp","href":"https:\/\/api.w.org\/{rel}","templated":true}]}}