{"id":167513,"date":"2021-07-01T23:59:52","date_gmt":"2021-07-01T21:59:52","guid":{"rendered":"https:\/\/smago.de\/ws2\/?p=167513"},"modified":"2021-07-01T17:33:50","modified_gmt":"2021-07-01T15:33:50","slug":"joja-wendt-u-a-am-freitag-02-07-2021-in-der-ndr-talk-show-zu-gast","status":"publish","type":"post","link":"https:\/\/smago.de\/ws2\/schlager\/joja-wendt-u-a-am-freitag-02-07-2021-in-der-ndr-talk-show-zu-gast\/","title":{"rendered":"JOJA WENDT u.a. <br>Am Freitag (02.07.2021) in der &#8222;NDR Talk Show&#8220; zu Gast!"},"content":{"rendered":"<p>NDR fernsehen + hr fernsehen, 22:45 Uhr &#8211; 00:45 Uhr! Moderation: Bettina Tietjen und J\u00f6rg Pilawa!<br \/>\n<!--more--><\/p>\n<p>&nbsp;<\/p>\n<p>&nbsp;<\/p>\n<p>&nbsp;<\/p>\n<p>Bettina Tietjen und J\u00f6rg Pilawa begr\u00fc\u00dfen in der &#8222;NDR Talk Show&#8220; aus Hamburg folgende Talkg\u00e4ste &#8230;:<\/p>\n<p>&nbsp;<\/p>\n<p style=\"text-align: justify;\">\n<p style=\"text-align: justify;\">\n<p>&nbsp;<\/p>\n<p>&nbsp;<\/p>\n<h2 style=\"text-align: justify;\">Joja Wendt, Pianist und Entertainer<\/h2>\n<div class=\"contentimage w50\" style=\"text-align: justify;\"><\/div>\n<p style=\"text-align: justify;\">Standing Ovations in der Elbphilharmonie, Jubel in der Carnegie Hall, Tourneen rund um die Welt: So kennt man Joja Wendt, den erfolgreichsten deutschen Live-Pianisten. 2021 ver\u00f6ffentlicht er nun seine Autobiographie &#8222;Spiel&#8216; doch mal leiser!&#8220;, in der er erz\u00e4hlt, wie er wurde, wer er heute ist. Sein Weg zum Ausnahmek\u00fcnstler f\u00fchrt durch H\u00f6hen und Tiefen und wird begleitet von schicksalhaften und manchmal unglaublichen Begegnungen. In der NDR Talk Show verr\u00e4t er Geschichten, die kaum jemand \u00fcber ihn wei\u00df: Zum Beispiel, dass er als Kind in der anatolischen W\u00fcste lebte, dass er als Teenager zwei Klassen wiederholen musste, dass ihm als junger Erwachsener eine zertr\u00fcmmerte Hand beinahe einen Strich durch die Rechnung gemacht h\u00e4tte und dass er sich in den Flitterwochen mit der Machete durch einen Dschungel k\u00e4mpfte, nur um Klavier spielen zu k\u00f6nnen. Ein Leben, so turbulent wie der &#8222;Hummelflug&#8220; von Nikolai Rimski-Korsakow.<\/p>\n<p>&nbsp;<\/p>\n<p>&nbsp;<\/p>\n<p>&nbsp;<\/p>\n<p>&nbsp;<\/p>\n<h2 style=\"text-align: justify;\">Chris Tall, Comedian, und Lukas Staier alias Cossu, Musiker<\/h2>\n<div class=\"contentimage w50\" style=\"text-align: justify;\"><\/div>\n<p style=\"text-align: justify;\">Vom Milchgesicht auf Kleinkunstb\u00fchnen hat sich Chris Tall l\u00e4ngst zum Unterhaltungs-Profi in die ganz gro\u00dfen Comedy-Shows hochgearbeitet. Seine eigene Show &#8222;Darf er das? Live! Die Chris Tall Show&#8220; l\u00e4uft bei RTL mittlerweile bereits in der achten Staffel. Lukas Staier, alias Cossu, der fr\u00fcher bei B\u00fclent Ceylan Support-Act war, ist seit 2020 Chris Talls musikalischer Sidekick und Au\u00dfenreporter in der Sendung. Cossu ist bekennender Schwarzw\u00e4lder und einer der gefragtesten Influencer in Baden-W\u00fcrttemberg. F\u00fcr Chris Tall geht die Karriere seit seinem Durchbruch 2015 nur noch bergauf. Zuletzt trieb er die Einschaltquoten mit einer Murmel-Spielshow in die H\u00f6he. Was sonst noch im Leben der beiden so l\u00e4uft, was ihre Freundschaft ausmacht und wie leicht der Schwarzw\u00e4lder Dialekt zu verstehen ist, kann man in der NDR Talk Show mit Chris Tall und Lukas Staier erleben.<\/p>\n<p>&nbsp;<\/p>\n<p>&nbsp;<\/p>\n<p>&nbsp;<\/p>\n<p>&nbsp;<\/p>\n<h2 style=\"text-align: justify;\">Erika Rischko, Fitnessinfluencerin<\/h2>\n<div class=\"contentimage w50\" style=\"text-align: justify;\"><\/div>\n<p style=\"text-align: justify;\">Ihre Videos werden millionenfach angeklickt und bei TikTok hat sie \u00fcber 150.000 Follower: Erika Rischko ist ein echter Internet-Star &#8211; und das mit 81 Jahren. Ihr Thema ist kein geringeres als purer Sport. Die selbsternannte &#8222;Fitness-Omi&#8220; zeigt ihren Fans jeder Altersklasse, wie man Zuhause den Trizeps trainiert, seine Bauchmuskeln in Form bringt oder wie sie sich anhand einer eigenen Choreo mit ihrem Ehemann fit h\u00e4lt. Dabei ist die Rheinl\u00e4nderin so erfolgreich, dass sogar schon internationale Medien auf sie aufmerksam wurden und sie bei &#8222;Good Morning, America&#8220; ihre \u00dcbungen zum Besten gab. Warum sie erst mit 55 Jahren anfing, Sport zu treiben, wie sie langsam verstand, was das Wort &#8222;viral&#8220; bedeutet und welches Training wirklich jeder t\u00e4glich machen sollte, erkl\u00e4rt sie in der NDR Talk Show.<\/p>\n<p>&nbsp;<\/p>\n<p>&nbsp;<\/p>\n<p>&nbsp;<\/p>\n<p>&nbsp;<\/p>\n<h2 style=\"text-align: justify;\">Katja Riemann, Schauspielerin und Regisseurin<\/h2>\n<div class=\"contentimage w50\" style=\"text-align: justify;\"><\/div>\n<p style=\"text-align: justify;\">Katja Riemann geh\u00f6rt zu den bekanntesten deutschen Schauspielerinnen. Sie bewegte nicht nur M\u00e4nnerherzen mit ihrer ersten gro\u00dfen Kinorolle in &#8222;Der bewegte Mann&#8220;, ihrem Start zu einer steilen Filmkarriere. Unvergesslich spielte sie in &#8222;Abgeschminkt&#8220;, &#8222;Bandits&#8220; oder &#8222;Fack ju G\u00f6te&#8220;. Abgeschminkt hat sie sich noch lange nichts, stattdessen pl\u00e4diert sie f\u00fcr mehr gute Frauenrollen ab 40 im Filmgesch\u00e4ft. Nun hat sie ihr Regiedeb\u00fct bei arte mit einem Dokumentarfilm \u00fcber eine Filmschule im Gefl\u00fcchteten-Camp Moria, bevor es abbrannte. Seit 20 Jahren setzt Katja Riemann sich f\u00fcr Menschenrechte ein. In der NDR Talk Show erz\u00e4hlt sie von ihrem Engagement und guten Frauenrollen im Film.<\/p>\n<p>&nbsp;<\/p>\n<p>&nbsp;<\/p>\n<p>&nbsp;<\/p>\n<p>&nbsp;<\/p>\n<h2 style=\"text-align: justify;\">Julius Weckauf, Schauspieler<\/h2>\n<p style=\"text-align: justify;\">Er ist noch jung und frisch im Gesch\u00e4ft, hat aber schon mit so vielen Stars vor der Kamera gestanden wie kaum ein erwachsener Kollege. Julius Weckauf spielte nicht nur mit Hape Kerkeling, sondern verk\u00f6rperte ihn als kleinen Jungen im Kinoerfolg &#8222;Der Junge muss an die frische Luft&#8220;. In &#8222;Enkel f\u00fcr Anf\u00e4nger&#8220; mit Maren Kroymann war er dabei und nun spielt er in der Kinokom\u00f6die &#8222;Catweazle&#8220; an der Seite von Otto Waalkes. Die britische Kultserie \u00fcber einen Magier aus dem Mittelalter, der in der Gegenwart landet, kommt nun in die deutschen \u00a0Kinos. Wie er diese gro\u00dfartigen Rollen spielen kann, \u00fcber welche Komiker er am meisten lacht und wie das Leben f\u00fcr ihn so weitergeht, erz\u00e4hlt Julius Weckauf in der NDR Talk Show.<\/p>\n<p>&nbsp;<\/p>\n<p>&nbsp;<\/p>\n<p>&nbsp;<\/p>\n<p>&nbsp;<\/p>\n<h2 style=\"text-align: justify;\">G\u00fcldane Altekr\u00fcger, Bestsellerautorin<\/h2>\n<div class=\"contentimage w50\" style=\"text-align: justify;\"><\/div>\n<p style=\"text-align: justify;\">G\u00fcldane Altekr\u00fcgers Geschichte liest sich wie ein M\u00e4rchen: Als Kind einer t\u00fcrkischen Einwandererfamilie in Hamburg-St. Pauli aufgewachsen, ist sie mit 41 Jahren das zweite Mal Mutter geworden. Die neuen Pfunde an H\u00fcfte und Bauch gefielen ihr nicht und weil sie auf Kuchen und Brot nicht verzichten wollte, entwickelte sie ihre eigenen Rezepte. Sie wurden im Internet ein Renner und 2018 brachte sie ihr erstes Kochbuch &#8222;Abnehmen mit Brot und Kuchen&#8220; als Selbst-Verlegerin raus. Elf Wochen lang stand sie damit auf der Online Bestseller-Liste. Jetzt kommt, p\u00fcnktlich zur Grillsaison, ihr erstes Grillbuch auf den Markt. \u00dcber n\u00e4chtliches Backen, Verpacken von Buchbestellungen und nat\u00fcrlich \u00fcber das Abnehmen ohne Verzicht, erz\u00e4hlt sie in der NDR Talk Show.<\/p>\n<p>&nbsp;<\/p>\n<p>&nbsp;<\/p>\n<p>&nbsp;<\/p>\n<figure id=\"attachment_163582\" aria-describedby=\"caption-attachment-163582\" style=\"width: 800px\" class=\"wp-caption alignnone\"><img decoding=\"async\" loading=\"lazy\" class=\"size-large wp-image-163582\" src=\"https:\/\/smago.de\/ws2\/wp-content\/uploads\/2021\/04\/2_NDR_Talk_Show_aus_Hannover_2019-800x448.jpg\" alt=\"\" width=\"800\" height=\"448\" srcset=\"https:\/\/smago.de\/ws2\/wp-content\/uploads\/2021\/04\/2_NDR_Talk_Show_aus_Hannover_2019-800x448.jpg 800w, https:\/\/smago.de\/ws2\/wp-content\/uploads\/2021\/04\/2_NDR_Talk_Show_aus_Hannover_2019-522x292.jpg 522w, https:\/\/smago.de\/ws2\/wp-content\/uploads\/2021\/04\/2_NDR_Talk_Show_aus_Hannover_2019-268x150.jpg 268w, https:\/\/smago.de\/ws2\/wp-content\/uploads\/2021\/04\/2_NDR_Talk_Show_aus_Hannover_2019-768x430.jpg 768w, https:\/\/smago.de\/ws2\/wp-content\/uploads\/2021\/04\/2_NDR_Talk_Show_aus_Hannover_2019-1536x860.jpg 1536w, https:\/\/smago.de\/ws2\/wp-content\/uploads\/2021\/04\/2_NDR_Talk_Show_aus_Hannover_2019-2048x1147.jpg 2048w, https:\/\/smago.de\/ws2\/wp-content\/uploads\/2021\/04\/2_NDR_Talk_Show_aus_Hannover_2019-392x220.jpg 392w, https:\/\/smago.de\/ws2\/wp-content\/uploads\/2021\/04\/2_NDR_Talk_Show_aus_Hannover_2019-130x73.jpg 130w, https:\/\/smago.de\/ws2\/wp-content\/uploads\/2021\/04\/2_NDR_Talk_Show_aus_Hannover_2019-794x445.jpg 794w, https:\/\/smago.de\/ws2\/wp-content\/uploads\/2021\/04\/2_NDR_Talk_Show_aus_Hannover_2019-870x487.jpg 870w, https:\/\/smago.de\/ws2\/wp-content\/uploads\/2021\/04\/2_NDR_Talk_Show_aus_Hannover_2019-292x164.jpg 292w, https:\/\/smago.de\/ws2\/wp-content\/uploads\/2021\/04\/2_NDR_Talk_Show_aus_Hannover_2019-435x244.jpg 435w\" sizes=\"(max-width: 800px) 100vw, 800px\" \/><figcaption id=\"caption-attachment-163582\" class=\"wp-caption-text\"><em>Foto-Credit: NDR \/ Hendrik L\u00fcders<\/em><\/figcaption><\/figure>\n","protected":false},"excerpt":{"rendered":"<p>NDR fernsehen + hr fernsehen, 22:45 Uhr &#8211; 00:45 Uhr! Moderation: Bettina Tietjen und J\u00f6rg Pilawa!<\/p>\n","protected":false},"author":2,"featured_media":163582,"comment_status":"open","ping_status":"closed","sticky":false,"template":"","format":"standard","meta":{"_FSMCFIC_featured_image_caption":"","_FSMCFIC_featured_image_nocaption":"","_FSMCFIC_featured_image_hide":""},"categories":[29,128],"tags":[254],"acf":[],"_links":{"self":[{"href":"https:\/\/smago.de\/ws2\/wp-json\/wp\/v2\/posts\/167513"}],"collection":[{"href":"https:\/\/smago.de\/ws2\/wp-json\/wp\/v2\/posts"}],"about":[{"href":"https:\/\/smago.de\/ws2\/wp-json\/wp\/v2\/types\/post"}],"author":[{"embeddable":true,"href":"https:\/\/smago.de\/ws2\/wp-json\/wp\/v2\/users\/2"}],"replies":[{"embeddable":true,"href":"https:\/\/smago.de\/ws2\/wp-json\/wp\/v2\/comments?post=167513"}],"version-history":[{"count":1,"href":"https:\/\/smago.de\/ws2\/wp-json\/wp\/v2\/posts\/167513\/revisions"}],"predecessor-version":[{"id":167514,"href":"https:\/\/smago.de\/ws2\/wp-json\/wp\/v2\/posts\/167513\/revisions\/167514"}],"wp:featuredmedia":[{"embeddable":true,"href":"https:\/\/smago.de\/ws2\/wp-json\/wp\/v2\/media\/163582"}],"wp:attachment":[{"href":"https:\/\/smago.de\/ws2\/wp-json\/wp\/v2\/media?parent=167513"}],"wp:term":[{"taxonomy":"category","embeddable":true,"href":"https:\/\/smago.de\/ws2\/wp-json\/wp\/v2\/categories?post=167513"},{"taxonomy":"post_tag","embeddable":true,"href":"https:\/\/smago.de\/ws2\/wp-json\/wp\/v2\/tags?post=167513"}],"curies":[{"name":"wp","href":"https:\/\/api.w.org\/{rel}","templated":true}]}}